{"id":57988,"date":"2025-08-19T15:02:47","date_gmt":"2025-08-19T18:02:47","guid":{"rendered":"https:\/\/radiorevelacionfm.cl\/?p=57988"},"modified":"2025-08-19T15:02:47","modified_gmt":"2025-08-19T18:02:47","slug":"corte-de-coyhaique-confirma-prision-preventiva-de-miembro-del-ejercito-imputado-por-trafico-de-drogas","status":"publish","type":"post","link":"https:\/\/radiorevelacionfm.cl\/?p=57988","title":{"rendered":"Corte de Coyhaique confirma prisi\u00f3n preventiva de miembro del Ej\u00e9rcito imputado por tr\u00e1fico de drogas"},"content":{"rendered":"<div class=\"flex_column av_one_full  flex_column_div av-zero-column-padding first  avia-builder-el-0  el_before_av_one_full  avia-builder-el-first  \" style='border-radius:0px; '><div  class='avia-image-container  av-styling-    avia-builder-el-1  avia-builder-el-no-sibling  avia-align-center '  itemprop=\"image\" itemscope=\"itemscope\" itemtype=\"https:\/\/schema.org\/ImageObject\"  ><div class='avia-image-container-inner'><div class='avia-image-overlay-wrap'><img decoding=\"async\" class='wp-image-57989 avia-img-lazy-loading-not-57989 avia_image' src=\"https:\/\/radiorevelacionfm.cl\/wp-content\/uploads\/2025\/08\/foto-audiencia-1-1_optimized.jpg\" alt='' title='foto-audiencia-1-(1)_optimized' height=\"600\" width=\"1157\"  itemprop=\"thumbnailUrl\" srcset=\"https:\/\/radiorevelacionfm.cl\/wp-content\/uploads\/2025\/08\/foto-audiencia-1-1_optimized.jpg 1157w, https:\/\/radiorevelacionfm.cl\/wp-content\/uploads\/2025\/08\/foto-audiencia-1-1_optimized-300x156.jpg 300w, https:\/\/radiorevelacionfm.cl\/wp-content\/uploads\/2025\/08\/foto-audiencia-1-1_optimized-1030x534.jpg 1030w, https:\/\/radiorevelacionfm.cl\/wp-content\/uploads\/2025\/08\/foto-audiencia-1-1_optimized-768x398.jpg 768w, https:\/\/radiorevelacionfm.cl\/wp-content\/uploads\/2025\/08\/foto-audiencia-1-1_optimized-705x366.jpg 705w, https:\/\/radiorevelacionfm.cl\/wp-content\/uploads\/2025\/08\/foto-audiencia-1-1_optimized-450x233.jpg 450w, https:\/\/radiorevelacionfm.cl\/wp-content\/uploads\/2025\/08\/foto-audiencia-1-1_optimized-600x311.jpg 600w\" sizes=\"(max-width: 1157px) 100vw, 1157px\" \/><\/div><\/div><\/div><\/div><div class=\"flex_column av_one_full  flex_column_div av-zero-column-padding first  avia-builder-el-2  el_after_av_one_full  el_before_av_one_full  column-top-margin\" style='border-radius:0px; '><section class=\"av_textblock_section \"  itemscope=\"itemscope\" itemtype=\"https:\/\/schema.org\/BlogPosting\" itemprop=\"blogPost\" ><div class='avia_textblock  '   itemprop=\"text\" ><p style=\"text-align: center;\"><span style=\"font-size: 18pt;\"><b>Corte de Coyhaique confirma prisi\u00f3n preventiva de miembro del Ej\u00e9rcito imputado por tr\u00e1fico de drogas<\/b><\/span><\/p>\n<div id=\"gtx-trans\" style=\"position: absolute; left: -50px; top: 4.31534px;\">\n<div class=\"gtx-trans-icon\"><\/div>\n<\/div>\n<\/div><\/section><\/div><div class=\"flex_column av_one_full  flex_column_div av-zero-column-padding first  avia-builder-el-4  el_after_av_one_full  el_before_av_hr  column-top-margin\" style='border-radius:0px; '><section class=\"av_textblock_section \"  itemscope=\"itemscope\" itemtype=\"https:\/\/schema.org\/BlogPosting\" itemprop=\"blogPost\" ><div class='avia_textblock  '   itemprop=\"text\" ><p class=\"v1MsoNormal\" style=\"text-align: justify;\">La Corte de Coyhaique rechaz\u00f3 hoy \u2013martes 19 de agosto\u2013 el recurso de apelaci\u00f3n presentado por la defensa y confirm\u00f3 la resoluci\u00f3n que dej\u00f3 en prisi\u00f3n preventiva a A.H.D.P., miembro del Regimiento N\u00b0. 8 Chilo\u00e9, imputado por el Ministerio P\u00fablico como autor del delito de tr\u00e1fico de drogas v\u00eda encomienda. Il\u00edcito perpetrado el pasado s\u00e1bado, en la comuna de Puerto Ays\u00e9n.<\/p>\n<p class=\"v1MsoNormal\" style=\"text-align: justify;\">Asimismo, el tribunal de alzada confirm\u00f3 las medidas cautelares de arresto domiciliario total y arraigo comunal de los imputados A.S.T.M. y V.M.V.C., tambi\u00e9n integrantes del Ej\u00e9rcito de Chile.<\/p>\n<p class=\"v1MsoNormal\" style=\"text-align: justify;\">En fallo dividido (causa rol 297-2025), la Primera Sala del tribunal de alzada \u2013integrada por los ministros Pedro Castro, Jos\u00e9 Ignacio Mora y Natalia Rencoret-confirm\u00f3 las resoluciones dictadas por el Juzgado de Garant\u00eda de Puerto Ays\u00e9n.<\/p>\n<p class=\"v1MsoNormal\" style=\"text-align: justify;\">\u00ab(&#8230;) respecto de A.H.D.P., que concurren indicios suficientes que dan cuenta de la existencia del delito de tr\u00e1fico de drogas que se investiga, as\u00ed como presunciones fundadas de su participaci\u00f3n en calidad de autor, aparece que su libertad resulta peligrosa para la seguridad de la sociedad en raz\u00f3n de la naturaleza del delito, la gravedad de la pena a \u00e9l asignado y sus circunstancias de comisi\u00f3n, por lo que, en consecuencia, no obstante los antecedentes laborales y sociales aportados, la necesidad de cautela s\u00f3lo puede ser abordada con suficiencia mediante el decreto de la prisi\u00f3n preventiva, al vislumbrarse que las dem\u00e1s previstas por el ordenamiento jur\u00eddico impiden cubrir adecuadamente los fines del proceso; y, conforme, adem\u00e1s a lo dispuesto en los art\u00edculos 139, 140 y 155 del C\u00f3digo Procesal Penal,\u00a0<b>SE CONFIRMA<\/b>\u00a0la resoluci\u00f3n apelada de fecha 17 de agosto del a\u00f1o 2025, por la que se impuso la medida cautelar personal de prisi\u00f3n preventiva respecto del encartado A.H.D.P.,\u00bb, consigna el fallo.<\/p>\n<p class=\"v1MsoNormal\" style=\"text-align: justify;\">Agrega que: \u00ab(&#8230;) los imputados A.S.T.M. y V.M.V.C., la prisi\u00f3n preventiva solicitada aparece desproporcionada, toda vez que otras medidas cautelares personales de menor intensidad satisfacen los fines del procedimiento atendidas las circunstancias de los hechos formalizados y la participaci\u00f3n de \u00e9stos en ellos; y, conforme, adem\u00e1s a lo dispuesto en los art\u00edculos 139, 140 y 155 del C\u00f3digo Procesal Penal,\u00a0<b>SE CONFIRMA<\/b>\u00a0la resoluci\u00f3n apelada de fecha 17 de agosto del a\u00f1o 2025, por la que no se hizo lugar a decretar la medida cautelar personal de prisi\u00f3n preventiva respecto de los imputados\u00a0 A.S.T.M. y V.M.V.C.\u00bb.<\/p>\n<\/div><\/section><\/div><div  style='height:50px' class='hr hr-invisible   avia-builder-el-6  el_after_av_one_full  el_before_av_social_share '><span class='hr-inner ' ><span class='hr-inner-style'><\/span><\/span><\/div><\/p>\n<div  class='av-social-sharing-box  avia-builder-el-7  el_after_av_hr  el_before_av_hr  '><div class='av-share-box'><h5 class='av-share-link-description av-no-toc '>Compartir esta noticia<\/h5><ul class='av-share-box-list noLightbox'><li class='av-share-link av-social-link-facebook' ><a target=\"_blank\" aria-label=\"Compartir en Facebook\" href='https:\/\/www.facebook.com\/sharer.php?u=https:\/\/radiorevelacionfm.cl\/?p=57988&#038;t=Corte%20de%20Coyhaique%20confirma%20prisi%C3%B3n%20preventiva%20de%20miembro%20del%20Ej%C3%A9rcito%20imputado%20por%20tr%C3%A1fico%20de%20drogas' aria-hidden='false' data-av_icon='\ue8f3' data-av_iconfont='entypo-fontello' title='' data-avia-related-tooltip='Compartir en Facebook' rel=\"noopener\"><span class='avia_hidden_link_text'>Compartir en Facebook<\/span><\/a><\/li><li class='av-share-link av-social-link-twitter' ><a target=\"_blank\" aria-label=\"Compartir en Twitter\" href='https:\/\/twitter.com\/share?text=Corte%20de%20Coyhaique%20confirma%20prisi%C3%B3n%20preventiva%20de%20miembro%20del%20Ej%C3%A9rcito%20imputado%20por%20tr%C3%A1fico%20de%20drogas&#038;url=https:\/\/radiorevelacionfm.cl\/?p=57988' aria-hidden='false' data-av_icon='\ue8f1' data-av_iconfont='entypo-fontello' title='' data-avia-related-tooltip='Compartir en Twitter' rel=\"noopener\"><span class='avia_hidden_link_text'>Compartir en Twitter<\/span><\/a><\/li><li class='av-share-link av-social-link-whatsapp' ><a target=\"_blank\" aria-label=\"Compartir en Whatsapp\" href='https:\/\/api.whatsapp.com\/send?text=https:\/\/radiorevelacionfm.cl\/?p=57988' aria-hidden='false' data-av_icon='\uf232' data-av_iconfont='entypo-fontello' title='' data-avia-related-tooltip='Compartir en Whatsapp' rel=\"noopener\"><span class='avia_hidden_link_text'>Compartir en Whatsapp<\/span><\/a><\/li><li class='av-share-link av-social-link-linkedin' ><a target=\"_blank\" aria-label=\"Compartir en LinkedIn\" href='https:\/\/linkedin.com\/shareArticle?mini=true&#038;title=Corte%20de%20Coyhaique%20confirma%20prisi%C3%B3n%20preventiva%20de%20miembro%20del%20Ej%C3%A9rcito%20imputado%20por%20tr%C3%A1fico%20de%20drogas&#038;url=https:\/\/radiorevelacionfm.cl\/?p=57988' aria-hidden='false' data-av_icon='\ue8fc' data-av_iconfont='entypo-fontello' title='' data-avia-related-tooltip='Compartir en LinkedIn' rel=\"noopener\"><span class='avia_hidden_link_text'>Compartir en LinkedIn<\/span><\/a><\/li><li class='av-share-link av-social-link-mail' ><a  aria-label=\"Compartir por correo\" href='mailto:?subject=Corte%20de%20Coyhaique%20confirma%20prisi%C3%B3n%20preventiva%20de%20miembro%20del%20Ej%C3%A9rcito%20imputado%20por%20tr%C3%A1fico%20de%20drogas&#038;body=https:\/\/radiorevelacionfm.cl\/?p=57988' aria-hidden='false' data-av_icon='\ue805' data-av_iconfont='entypo-fontello' title='' data-avia-related-tooltip='Compartir por correo'><span class='avia_hidden_link_text'>Compartir por correo<\/span><\/a><\/li><\/ul><\/div><\/div>\n<div  style='height:50px' class='hr hr-invisible   avia-builder-el-8  el_after_av_social_share  el_before_av_comments_list '><span class='hr-inner ' ><span class='hr-inner-style'><\/span><\/span><\/div>\n<div  class='av-buildercomment  av-blog-meta-html-info-disabled av-blog-meta-tag-disabled  '><\/div>\n","protected":false},"excerpt":{"rendered":"","protected":false},"author":1,"featured_media":57989,"comment_status":"closed","ping_status":"closed","sticky":false,"template":"","format":"standard","meta":{"footnotes":""},"categories":[55],"tags":[],"class_list":["post-57988","post","type-post","status-publish","format-standard","has-post-thumbnail","hentry","category-justicia"],"jetpack_featured_media_url":"https:\/\/radiorevelacionfm.cl\/wp-content\/uploads\/2025\/08\/foto-audiencia-1-1_optimized.jpg","_links":{"self":[{"href":"https:\/\/radiorevelacionfm.cl\/index.php?rest_route=\/wp\/v2\/posts\/57988","targetHints":{"allow":["GET"]}}],"collection":[{"href":"https:\/\/radiorevelacionfm.cl\/index.php?rest_route=\/wp\/v2\/posts"}],"about":[{"href":"https:\/\/radiorevelacionfm.cl\/index.php?rest_route=\/wp\/v2\/types\/post"}],"author":[{"embeddable":true,"href":"https:\/\/radiorevelacionfm.cl\/index.php?rest_route=\/wp\/v2\/users\/1"}],"replies":[{"embeddable":true,"href":"https:\/\/radiorevelacionfm.cl\/index.php?rest_route=%2Fwp%2Fv2%2Fcomments&post=57988"}],"version-history":[{"count":2,"href":"https:\/\/radiorevelacionfm.cl\/index.php?rest_route=\/wp\/v2\/posts\/57988\/revisions"}],"predecessor-version":[{"id":57991,"href":"https:\/\/radiorevelacionfm.cl\/index.php?rest_route=\/wp\/v2\/posts\/57988\/revisions\/57991"}],"wp:featuredmedia":[{"embeddable":true,"href":"https:\/\/radiorevelacionfm.cl\/index.php?rest_route=\/wp\/v2\/media\/57989"}],"wp:attachment":[{"href":"https:\/\/radiorevelacionfm.cl\/index.php?rest_route=%2Fwp%2Fv2%2Fmedia&parent=57988"}],"wp:term":[{"taxonomy":"category","embeddable":true,"href":"https:\/\/radiorevelacionfm.cl\/index.php?rest_route=%2Fwp%2Fv2%2Fcategories&post=57988"},{"taxonomy":"post_tag","embeddable":true,"href":"https:\/\/radiorevelacionfm.cl\/index.php?rest_route=%2Fwp%2Fv2%2Ftags&post=57988"}],"curies":[{"name":"wp","href":"https:\/\/api.w.org\/{rel}","templated":true}]}}