{"id":57980,"date":"2025-08-19T11:12:01","date_gmt":"2025-08-19T14:12:01","guid":{"rendered":"https:\/\/radiorevelacionfm.cl\/?p=57980"},"modified":"2025-08-19T11:12:01","modified_gmt":"2025-08-19T14:12:01","slug":"este-20-de-agosto-el-ejercito-conmemorara-natalicio-de-bernardo-ohiggins-en-coyhaique","status":"publish","type":"post","link":"https:\/\/radiorevelacionfm.cl\/?p=57980","title":{"rendered":"Este 20 de agosto el Ej\u00e9rcito conmemorar\u00e1 natalicio de Bernardo O\u2019higgins en Coyhaique"},"content":{"rendered":"<div class=\"flex_column av_one_full  flex_column_div av-zero-column-padding first  avia-builder-el-0  el_before_av_one_full  avia-builder-el-first  \" style='border-radius:0px; '><div  class='avia-image-container  av-styling-    avia-builder-el-1  avia-builder-el-no-sibling  avia-align-center '  itemprop=\"image\" itemscope=\"itemscope\" itemtype=\"https:\/\/schema.org\/ImageObject\"  ><div class='avia-image-container-inner'><div class='avia-image-overlay-wrap'><img decoding=\"async\" class='wp-image-57981 avia-img-lazy-loading-not-57981 avia_image' src=\"https:\/\/radiorevelacionfm.cl\/wp-content\/uploads\/2025\/08\/1000189200-1_optimized.jpg\" alt='' title='1000189200-(1)_optimized' height=\"600\" width=\"986\"  itemprop=\"thumbnailUrl\" srcset=\"https:\/\/radiorevelacionfm.cl\/wp-content\/uploads\/2025\/08\/1000189200-1_optimized.jpg 986w, https:\/\/radiorevelacionfm.cl\/wp-content\/uploads\/2025\/08\/1000189200-1_optimized-300x183.jpg 300w, https:\/\/radiorevelacionfm.cl\/wp-content\/uploads\/2025\/08\/1000189200-1_optimized-768x467.jpg 768w, https:\/\/radiorevelacionfm.cl\/wp-content\/uploads\/2025\/08\/1000189200-1_optimized-705x429.jpg 705w, https:\/\/radiorevelacionfm.cl\/wp-content\/uploads\/2025\/08\/1000189200-1_optimized-450x274.jpg 450w, https:\/\/radiorevelacionfm.cl\/wp-content\/uploads\/2025\/08\/1000189200-1_optimized-600x365.jpg 600w\" sizes=\"(max-width: 986px) 100vw, 986px\" \/><\/div><\/div><\/div><\/div><div class=\"flex_column av_one_full  flex_column_div av-zero-column-padding first  avia-builder-el-2  el_after_av_one_full  el_before_av_one_full  column-top-margin\" style='border-radius:0px; '><section class=\"av_textblock_section \"  itemscope=\"itemscope\" itemtype=\"https:\/\/schema.org\/BlogPosting\" itemprop=\"blogPost\" ><div class='avia_textblock  '   itemprop=\"text\" ><p style=\"text-align: center;\"><strong><span style=\"font-size: 18pt;\">Este 20 de agosto el Ej\u00e9rcito conmemorar\u00e1 natalicio de Bernardo O\u2019higgins en Coyhaique<\/span><\/strong><\/p>\n<div id=\"gtx-trans\" style=\"position: absolute; left: -50px; top: 4.31534px;\">\n<div class=\"gtx-trans-icon\"><\/div>\n<\/div>\n<\/div><\/section><\/div><div class=\"flex_column av_one_full  flex_column_div av-zero-column-padding first  avia-builder-el-4  el_after_av_one_full  el_before_av_hr  column-top-margin\" style='border-radius:0px; '><section class=\"av_textblock_section \"  itemscope=\"itemscope\" itemtype=\"https:\/\/schema.org\/BlogPosting\" itemprop=\"blogPost\" ><div class='avia_textblock  '   itemprop=\"text\" ><p style=\"text-align: justify;\">En la Plaza de Armas de Coyhaique este mi\u00e9rcoles 20 de Agosto a las 11:00 horas, se llevar\u00e1 a cabo una solemne ceremonia para conmemorar los 247 a\u00f1os del natalicio del Capit\u00e1n General Bernardo O\u2019Higgins Riquelme, con el prop\u00f3sito de rendir homenaje a uno de los principales proceres de nuestra patria.<\/p>\n<p style=\"text-align: justify;\">Hijo de Ambrosio O\u2019Higgins y de Isabel Riquelme, Bernardo O\u2019Higgins naci\u00f3 el 20 de agosto de 1778 en Chill\u00e1n Viejo. Fue un l\u00edder visionario y estratega militar, considerado Padre de la Patria por su rol en la emancipaci\u00f3n de Chile. Como Director Supremo (1817-1823) impuls\u00f3 reformas pol\u00edticas, sociales y militares que marcaron el rumbo de la joven Rep\u00fablica. Entre sus obras m\u00e1s destacadas se cuentan la abolici\u00f3n de los t\u00edtulos de nobleza, la declaraci\u00f3n de la libertad de vientres que otorgaba la libertad a los hijos de esclavos, la apertura de escuelas y liceos, la creaci\u00f3n de la Escuela Militar, el impulso a la Marina de Guerra con la incorporaci\u00f3n de la Escuadra Nacional, el fomento de la agricultura y del comercio exterior, y la promulgaci\u00f3n de medidas de higiene y salubridad en las ciudades. Asimismo, promovi\u00f3 la construcci\u00f3n de caminos y obras p\u00fablicas que conectaran el territorio, y fortaleci\u00f3 las relaciones diplom\u00e1ticas con otras naciones.<\/p>\n<p style=\"text-align: justify;\">Su visi\u00f3n de pa\u00eds tambi\u00e9n abarc\u00f3 la Patagonia chilena, a la que consideraba parte estrat\u00e9gica del territorio nacional. O\u2019Higgins impuls\u00f3 la exploraci\u00f3n de estos vastos territorios australes y la proyecci\u00f3n de la soberan\u00eda chilena hacia el extremo sur, sentando las bases para la futura presencia nacional en una zona de gran valor geopol\u00edtico y natural.<\/p>\n<p style=\"text-align: justify;\">En el marco de esta conmemoraci\u00f3n, el personal del Ej\u00e9rcito ha estado realizando visitas a establecimientos educacionales de la regi\u00f3n, desarrollando charlas y actividades pedag\u00f3gicas para los estudiantes. Estas instancias buscan acercar la historia a los j\u00f3venes, fortalecer su identidad nacional y fomentar el respeto por nuestros s\u00edmbolos patrios.<\/p>\n<p style=\"text-align: justify;\">Se invita a toda la comunidad a participar y rendir un sentido tributo a quien dedic\u00f3 su vida a la libertad y soberan\u00eda de nuestro pa\u00eds.<\/p>\n<\/div><\/section><\/div><div  style='height:50px' class='hr hr-invisible   avia-builder-el-6  el_after_av_one_full  el_before_av_social_share '><span class='hr-inner ' ><span class='hr-inner-style'><\/span><\/span><\/div><\/p>\n<div  class='av-social-sharing-box  avia-builder-el-7  el_after_av_hr  el_before_av_hr  '><div class='av-share-box'><h5 class='av-share-link-description av-no-toc '>Compartir esta noticia<\/h5><ul class='av-share-box-list noLightbox'><li class='av-share-link av-social-link-facebook' ><a target=\"_blank\" aria-label=\"Compartir en Facebook\" href='https:\/\/www.facebook.com\/sharer.php?u=https:\/\/radiorevelacionfm.cl\/?p=57980&#038;t=Este%2020%20de%20agosto%20el%20Ej%C3%A9rcito%20conmemorar%C3%A1%20natalicio%20de%20Bernardo%20O%E2%80%99higgins%20en%20Coyhaique' aria-hidden='false' data-av_icon='\ue8f3' data-av_iconfont='entypo-fontello' title='' data-avia-related-tooltip='Compartir en Facebook' rel=\"noopener\"><span class='avia_hidden_link_text'>Compartir en Facebook<\/span><\/a><\/li><li class='av-share-link av-social-link-twitter' ><a target=\"_blank\" aria-label=\"Compartir en Twitter\" href='https:\/\/twitter.com\/share?text=Este%2020%20de%20agosto%20el%20Ej%C3%A9rcito%20conmemorar%C3%A1%20natalicio%20de%20Bernardo%20O%E2%80%99higgins%20en%20Coyhaique&#038;url=https:\/\/radiorevelacionfm.cl\/?p=57980' aria-hidden='false' data-av_icon='\ue8f1' data-av_iconfont='entypo-fontello' title='' data-avia-related-tooltip='Compartir en Twitter' rel=\"noopener\"><span class='avia_hidden_link_text'>Compartir en Twitter<\/span><\/a><\/li><li class='av-share-link av-social-link-whatsapp' ><a target=\"_blank\" aria-label=\"Compartir en Whatsapp\" href='https:\/\/api.whatsapp.com\/send?text=https:\/\/radiorevelacionfm.cl\/?p=57980' aria-hidden='false' data-av_icon='\uf232' data-av_iconfont='entypo-fontello' title='' data-avia-related-tooltip='Compartir en Whatsapp' rel=\"noopener\"><span class='avia_hidden_link_text'>Compartir en Whatsapp<\/span><\/a><\/li><li class='av-share-link av-social-link-linkedin' ><a target=\"_blank\" aria-label=\"Compartir en LinkedIn\" href='https:\/\/linkedin.com\/shareArticle?mini=true&#038;title=Este%2020%20de%20agosto%20el%20Ej%C3%A9rcito%20conmemorar%C3%A1%20natalicio%20de%20Bernardo%20O%E2%80%99higgins%20en%20Coyhaique&#038;url=https:\/\/radiorevelacionfm.cl\/?p=57980' aria-hidden='false' data-av_icon='\ue8fc' data-av_iconfont='entypo-fontello' title='' data-avia-related-tooltip='Compartir en LinkedIn' rel=\"noopener\"><span class='avia_hidden_link_text'>Compartir en LinkedIn<\/span><\/a><\/li><li class='av-share-link av-social-link-mail' ><a  aria-label=\"Compartir por correo\" href='mailto:?subject=Este%2020%20de%20agosto%20el%20Ej%C3%A9rcito%20conmemorar%C3%A1%20natalicio%20de%20Bernardo%20O%E2%80%99higgins%20en%20Coyhaique&#038;body=https:\/\/radiorevelacionfm.cl\/?p=57980' aria-hidden='false' data-av_icon='\ue805' data-av_iconfont='entypo-fontello' title='' data-avia-related-tooltip='Compartir por correo'><span class='avia_hidden_link_text'>Compartir por correo<\/span><\/a><\/li><\/ul><\/div><\/div>\n<div  style='height:50px' class='hr hr-invisible   avia-builder-el-8  el_after_av_social_share  el_before_av_comments_list '><span class='hr-inner ' ><span class='hr-inner-style'><\/span><\/span><\/div>\n<div  class='av-buildercomment  av-blog-meta-html-info-disabled av-blog-meta-tag-disabled  '><\/div>\n","protected":false},"excerpt":{"rendered":"","protected":false},"author":1,"featured_media":57981,"comment_status":"closed","ping_status":"closed","sticky":false,"template":"","format":"standard","meta":{"footnotes":""},"categories":[38],"tags":[],"class_list":["post-57980","post","type-post","status-publish","format-standard","has-post-thumbnail","hentry","category-regional"],"jetpack_featured_media_url":"https:\/\/radiorevelacionfm.cl\/wp-content\/uploads\/2025\/08\/1000189200-1_optimized.jpg","_links":{"self":[{"href":"https:\/\/radiorevelacionfm.cl\/index.php?rest_route=\/wp\/v2\/posts\/57980","targetHints":{"allow":["GET"]}}],"collection":[{"href":"https:\/\/radiorevelacionfm.cl\/index.php?rest_route=\/wp\/v2\/posts"}],"about":[{"href":"https:\/\/radiorevelacionfm.cl\/index.php?rest_route=\/wp\/v2\/types\/post"}],"author":[{"embeddable":true,"href":"https:\/\/radiorevelacionfm.cl\/index.php?rest_route=\/wp\/v2\/users\/1"}],"replies":[{"embeddable":true,"href":"https:\/\/radiorevelacionfm.cl\/index.php?rest_route=%2Fwp%2Fv2%2Fcomments&post=57980"}],"version-history":[{"count":2,"href":"https:\/\/radiorevelacionfm.cl\/index.php?rest_route=\/wp\/v2\/posts\/57980\/revisions"}],"predecessor-version":[{"id":57983,"href":"https:\/\/radiorevelacionfm.cl\/index.php?rest_route=\/wp\/v2\/posts\/57980\/revisions\/57983"}],"wp:featuredmedia":[{"embeddable":true,"href":"https:\/\/radiorevelacionfm.cl\/index.php?rest_route=\/wp\/v2\/media\/57981"}],"wp:attachment":[{"href":"https:\/\/radiorevelacionfm.cl\/index.php?rest_route=%2Fwp%2Fv2%2Fmedia&parent=57980"}],"wp:term":[{"taxonomy":"category","embeddable":true,"href":"https:\/\/radiorevelacionfm.cl\/index.php?rest_route=%2Fwp%2Fv2%2Fcategories&post=57980"},{"taxonomy":"post_tag","embeddable":true,"href":"https:\/\/radiorevelacionfm.cl\/index.php?rest_route=%2Fwp%2Fv2%2Ftags&post=57980"}],"curies":[{"name":"wp","href":"https:\/\/api.w.org\/{rel}","templated":true}]}}