{"id":5798,"date":"2021-06-30T20:58:22","date_gmt":"2021-06-30T23:58:22","guid":{"rendered":"https:\/\/radiorevelacionfm.cl\/?p=5798"},"modified":"2021-06-30T20:58:22","modified_gmt":"2021-06-30T23:58:22","slug":"labocar-indaga-incendio-estructural-en-coyhaique-que-afecto-ademas-vivienda-de-adultos-mayores-que-fueron-evacuados","status":"publish","type":"post","link":"https:\/\/radiorevelacionfm.cl\/?p=5798","title":{"rendered":"Labocar indaga incendio estructural en Coyhaique que afect\u00f3 adem\u00e1s vivienda de adultos mayores que fueron evacuados"},"content":{"rendered":"<div class=\"flex_column av_one_full  flex_column_div av-zero-column-padding first  avia-builder-el-0  el_before_av_one_full  avia-builder-el-first  \" style='border-radius:0px; '><div  class='avia-image-container  av-styling-    avia-builder-el-1  avia-builder-el-no-sibling  avia-align-center '  itemprop=\"image\" itemscope=\"itemscope\" itemtype=\"https:\/\/schema.org\/ImageObject\"  ><div class='avia-image-container-inner'><div class='avia-image-overlay-wrap'><img decoding=\"async\" class='wp-image-5799 avia-img-lazy-loading-not-5799 avia_image' src=\"https:\/\/radiorevelacionfm.cl\/wp-content\/uploads\/2021\/06\/Labocar30.06-1-1.jpg\" alt='' title='Labocar30.06 (1) (1)' height=\"600\" width=\"1333\"  itemprop=\"thumbnailUrl\" srcset=\"https:\/\/radiorevelacionfm.cl\/wp-content\/uploads\/2021\/06\/Labocar30.06-1-1.jpg 1333w, https:\/\/radiorevelacionfm.cl\/wp-content\/uploads\/2021\/06\/Labocar30.06-1-1-300x135.jpg 300w, https:\/\/radiorevelacionfm.cl\/wp-content\/uploads\/2021\/06\/Labocar30.06-1-1-1030x464.jpg 1030w, https:\/\/radiorevelacionfm.cl\/wp-content\/uploads\/2021\/06\/Labocar30.06-1-1-768x346.jpg 768w, https:\/\/radiorevelacionfm.cl\/wp-content\/uploads\/2021\/06\/Labocar30.06-1-1-705x317.jpg 705w, https:\/\/radiorevelacionfm.cl\/wp-content\/uploads\/2021\/06\/Labocar30.06-1-1-600x270.jpg 600w\" sizes=\"(max-width: 1333px) 100vw, 1333px\" \/><\/div><\/div><\/div><\/div><div class=\"flex_column av_one_full  flex_column_div av-zero-column-padding first  avia-builder-el-2  el_after_av_one_full  el_before_av_one_full  column-top-margin\" style='border-radius:0px; '><section class=\"av_textblock_section \"  itemscope=\"itemscope\" itemtype=\"https:\/\/schema.org\/BlogPosting\" itemprop=\"blogPost\" ><div class='avia_textblock  '   itemprop=\"text\" ><p style=\"text-align: center;\"><strong><span style=\"font-size: 18pt;\">Labocar indaga incendio estructural en Coyhaique que afect\u00f3 adem\u00e1s vivienda de adultos mayores que fueron evacuados<\/span><\/strong><\/p>\n<div id=\"gtx-trans\" style=\"position: absolute; left: -50px; top: 4.31534px;\">\n<div class=\"gtx-trans-icon\"><\/div>\n<\/div>\n<\/div><\/section><\/div><div class=\"flex_column av_one_full  flex_column_div av-zero-column-padding first  avia-builder-el-4  el_after_av_one_full  el_before_av_hr  column-top-margin\" style='border-radius:0px; '><section class=\"av_textblock_section \"  itemscope=\"itemscope\" itemtype=\"https:\/\/schema.org\/BlogPosting\" itemprop=\"blogPost\" ><div class='avia_textblock  '   itemprop=\"text\" ><p class=\"v1MsoNormal\" style=\"text-align: justify;\">Personal de Carabineros del Laboratorio de Criminal\u00edstica Institucional (Labocar) \u2013en coordinaci\u00f3n con la Fiscal\u00eda local de Coyhaique- indaga un incendio estructural registrado esta madrugada el sector alto de la ciudad, el cual destruy\u00f3 una bodega, un veh\u00edculo, una le\u00f1era y parte de una vivienda, tras lo cual dos adultos mayores fueron evacuados por Carabineros junto a vecinos.<\/p>\n<p class=\"v1MsoNormal\" style=\"text-align: justify;\">A las 05.10 horas, un llamado telef\u00f3nico al nivel 133 alert\u00f3 sobre la ocurrencia de un incendio en calle Juan Hermosilla, situaci\u00f3n que pudo ser corroborada por personal del Cuadrante 3 que acudi\u00f3 al lugar.<\/p>\n<p class=\"v1MsoNormal\" style=\"text-align: justify;\">\u00abR\u00e1pidamente junto a los vecinos \u2013quienes fueron los primeros en dar aviso a las principales instituciones de emergencia (&#8230;)- ayudaron junto a los Carabineros a ingresar a este domicilio y poder sacar a dos adultos mayores que eran residentes\u00bb, expres\u00f3 el Capit\u00e1n Bruno Schulbach, Subcomisario de los Servicios de la Primera Comisar\u00eda de Coyhaique.<\/p>\n<p class=\"v1MsoNormal\" style=\"text-align: justify;\">El Oficial a\u00f1adi\u00f3 que se trat\u00f3 de una emergencia de gran magnitud, que motiv\u00f3 un trabajo que se extendi\u00f3 por unos 25 minutos para lograr el control por parte de Bomberos y evitar la propagaci\u00f3n a inmuebles colindantes.<\/p>\n<p class=\"v1MsoNormal\" style=\"text-align: justify;\">Asimismo el Capit\u00e1n Schulbach resalt\u00f3 la informaci\u00f3n aportada por vecinos, quienes dieron cuenta de la presencia de dos personas mayores de edad.<\/p>\n<p class=\"v1MsoNormal\" style=\"text-align: justify;\">\u00abLos vecinos cooperaron, ayudaron\u00a0 junto a Carabineros a sacar a estos adultos mayores y eso permiti\u00f3 felizmente que no tengamos ninguna persona lesionada o que presente alg\u00fan otro tipo de circunstancia\u00bb, acot\u00f3.<\/p>\n<p class=\"v1MsoNormal\" style=\"text-align: justify;\">Los antecedentes del procedimiento\u00a0 fueron puestos en conocimiento de la Fiscal\u00eda, en tanto que los peritajes fueron encomendados a Labocar con la finalidad de realizar la fijaci\u00f3n y estudio del sitio del suceso, junto con desarrollar diligencias de su especialidad orientadas a determinar la causa y origen de la emergencia.<\/p>\n<\/div><\/section><\/div><div  style='height:50px' class='hr hr-invisible   avia-builder-el-6  el_after_av_one_full  el_before_av_social_share '><span class='hr-inner ' ><span class='hr-inner-style'><\/span><\/span><\/div><\/p>\n<div  class='av-social-sharing-box  avia-builder-el-7  el_after_av_hr  el_before_av_hr  '><div class='av-share-box'><h5 class='av-share-link-description av-no-toc '>Compartir esta noticia<\/h5><ul class='av-share-box-list noLightbox'><li class='av-share-link av-social-link-facebook' ><a target=\"_blank\" aria-label=\"Compartir en Facebook\" href='https:\/\/www.facebook.com\/sharer.php?u=https:\/\/radiorevelacionfm.cl\/?p=5798&#038;t=Labocar%20indaga%20incendio%20estructural%20en%20Coyhaique%20que%20afect%C3%B3%20adem%C3%A1s%20vivienda%20de%20adultos%20mayores%20que%20fueron%20evacuados' aria-hidden='false' data-av_icon='\ue8f3' data-av_iconfont='entypo-fontello' title='' data-avia-related-tooltip='Compartir en Facebook' rel=\"noopener\"><span class='avia_hidden_link_text'>Compartir en Facebook<\/span><\/a><\/li><li class='av-share-link av-social-link-twitter' ><a target=\"_blank\" aria-label=\"Compartir en Twitter\" href='https:\/\/twitter.com\/share?text=Labocar%20indaga%20incendio%20estructural%20en%20Coyhaique%20que%20afect%C3%B3%20adem%C3%A1s%20vivienda%20de%20adultos%20mayores%20que%20fueron%20evacuados&#038;url=https:\/\/radiorevelacionfm.cl\/?p=5798' aria-hidden='false' data-av_icon='\ue8f1' data-av_iconfont='entypo-fontello' title='' data-avia-related-tooltip='Compartir en Twitter' rel=\"noopener\"><span class='avia_hidden_link_text'>Compartir en Twitter<\/span><\/a><\/li><li class='av-share-link av-social-link-whatsapp' ><a target=\"_blank\" aria-label=\"Compartir en Whatsapp\" href='https:\/\/api.whatsapp.com\/send?text=https:\/\/radiorevelacionfm.cl\/?p=5798' aria-hidden='false' data-av_icon='\uf232' data-av_iconfont='entypo-fontello' title='' data-avia-related-tooltip='Compartir en Whatsapp' rel=\"noopener\"><span class='avia_hidden_link_text'>Compartir en Whatsapp<\/span><\/a><\/li><li class='av-share-link av-social-link-linkedin' ><a target=\"_blank\" aria-label=\"Compartir en LinkedIn\" href='https:\/\/linkedin.com\/shareArticle?mini=true&#038;title=Labocar%20indaga%20incendio%20estructural%20en%20Coyhaique%20que%20afect%C3%B3%20adem%C3%A1s%20vivienda%20de%20adultos%20mayores%20que%20fueron%20evacuados&#038;url=https:\/\/radiorevelacionfm.cl\/?p=5798' aria-hidden='false' data-av_icon='\ue8fc' data-av_iconfont='entypo-fontello' title='' data-avia-related-tooltip='Compartir en LinkedIn' rel=\"noopener\"><span class='avia_hidden_link_text'>Compartir en LinkedIn<\/span><\/a><\/li><li class='av-share-link av-social-link-mail' ><a  aria-label=\"Compartir por correo\" href='mailto:?subject=Labocar%20indaga%20incendio%20estructural%20en%20Coyhaique%20que%20afect%C3%B3%20adem%C3%A1s%20vivienda%20de%20adultos%20mayores%20que%20fueron%20evacuados&#038;body=https:\/\/radiorevelacionfm.cl\/?p=5798' aria-hidden='false' data-av_icon='\ue805' data-av_iconfont='entypo-fontello' title='' data-avia-related-tooltip='Compartir por correo'><span class='avia_hidden_link_text'>Compartir por correo<\/span><\/a><\/li><\/ul><\/div><\/div>\n<div  style='height:50px' class='hr hr-invisible   avia-builder-el-8  el_after_av_social_share  el_before_av_comments_list '><span class='hr-inner ' ><span class='hr-inner-style'><\/span><\/span><\/div>\n<div  class='av-buildercomment  av-blog-meta-html-info-disabled av-blog-meta-tag-disabled  '><\/div>\n","protected":false},"excerpt":{"rendered":"","protected":false},"author":1,"featured_media":5799,"comment_status":"open","ping_status":"open","sticky":false,"template":"","format":"standard","meta":{"footnotes":""},"categories":[36],"tags":[],"class_list":["post-5798","post","type-post","status-publish","format-standard","has-post-thumbnail","hentry","category-policial"],"jetpack_featured_media_url":"https:\/\/radiorevelacionfm.cl\/wp-content\/uploads\/2021\/06\/Labocar30.06-1-1.jpg","_links":{"self":[{"href":"https:\/\/radiorevelacionfm.cl\/index.php?rest_route=\/wp\/v2\/posts\/5798","targetHints":{"allow":["GET"]}}],"collection":[{"href":"https:\/\/radiorevelacionfm.cl\/index.php?rest_route=\/wp\/v2\/posts"}],"about":[{"href":"https:\/\/radiorevelacionfm.cl\/index.php?rest_route=\/wp\/v2\/types\/post"}],"author":[{"embeddable":true,"href":"https:\/\/radiorevelacionfm.cl\/index.php?rest_route=\/wp\/v2\/users\/1"}],"replies":[{"embeddable":true,"href":"https:\/\/radiorevelacionfm.cl\/index.php?rest_route=%2Fwp%2Fv2%2Fcomments&post=5798"}],"version-history":[{"count":1,"href":"https:\/\/radiorevelacionfm.cl\/index.php?rest_route=\/wp\/v2\/posts\/5798\/revisions"}],"predecessor-version":[{"id":5800,"href":"https:\/\/radiorevelacionfm.cl\/index.php?rest_route=\/wp\/v2\/posts\/5798\/revisions\/5800"}],"wp:featuredmedia":[{"embeddable":true,"href":"https:\/\/radiorevelacionfm.cl\/index.php?rest_route=\/wp\/v2\/media\/5799"}],"wp:attachment":[{"href":"https:\/\/radiorevelacionfm.cl\/index.php?rest_route=%2Fwp%2Fv2%2Fmedia&parent=5798"}],"wp:term":[{"taxonomy":"category","embeddable":true,"href":"https:\/\/radiorevelacionfm.cl\/index.php?rest_route=%2Fwp%2Fv2%2Fcategories&post=5798"},{"taxonomy":"post_tag","embeddable":true,"href":"https:\/\/radiorevelacionfm.cl\/index.php?rest_route=%2Fwp%2Fv2%2Ftags&post=5798"}],"curies":[{"name":"wp","href":"https:\/\/api.w.org\/{rel}","templated":true}]}}