{"id":57974,"date":"2025-08-18T21:48:12","date_gmt":"2025-08-19T00:48:12","guid":{"rendered":"https:\/\/radiorevelacionfm.cl\/?p=57974"},"modified":"2025-08-18T21:48:12","modified_gmt":"2025-08-19T00:48:12","slug":"conductora-impacto-contra-barrera-de-contencion-en-la-ruta-7-al-norte-de-villa-manihuales","status":"publish","type":"post","link":"https:\/\/radiorevelacionfm.cl\/?p=57974","title":{"rendered":"Conductora impact\u00f3 contra barrera de contenci\u00f3n en la Ruta 7 al norte de Villa Ma\u00f1ihuales"},"content":{"rendered":"<div class=\"flex_column av_one_full  flex_column_div av-zero-column-padding first  avia-builder-el-0  el_before_av_one_full  avia-builder-el-first  \" style='border-radius:0px; '><div  class='avia-image-container  av-styling-    avia-builder-el-1  avia-builder-el-no-sibling  avia-align-center '  itemprop=\"image\" itemscope=\"itemscope\" itemtype=\"https:\/\/schema.org\/ImageObject\"  ><div class='avia-image-container-inner'><div class='avia-image-overlay-wrap'><img decoding=\"async\" class='wp-image-57975 avia-img-lazy-loading-not-57975 avia_image' src=\"https:\/\/radiorevelacionfm.cl\/wp-content\/uploads\/2025\/08\/accidente-manihuales-18_optimized.08.25-1-1.jpg\" alt='' title='accidente-ma\u00f1ihuales-18_optimized.08.25-(1) (1)' height=\"600\" width=\"1068\"  itemprop=\"thumbnailUrl\" srcset=\"https:\/\/radiorevelacionfm.cl\/wp-content\/uploads\/2025\/08\/accidente-manihuales-18_optimized.08.25-1-1.jpg 1068w, https:\/\/radiorevelacionfm.cl\/wp-content\/uploads\/2025\/08\/accidente-manihuales-18_optimized.08.25-1-1-300x169.jpg 300w, https:\/\/radiorevelacionfm.cl\/wp-content\/uploads\/2025\/08\/accidente-manihuales-18_optimized.08.25-1-1-1030x579.jpg 1030w, https:\/\/radiorevelacionfm.cl\/wp-content\/uploads\/2025\/08\/accidente-manihuales-18_optimized.08.25-1-1-768x431.jpg 768w, https:\/\/radiorevelacionfm.cl\/wp-content\/uploads\/2025\/08\/accidente-manihuales-18_optimized.08.25-1-1-705x396.jpg 705w, https:\/\/radiorevelacionfm.cl\/wp-content\/uploads\/2025\/08\/accidente-manihuales-18_optimized.08.25-1-1-450x253.jpg 450w, https:\/\/radiorevelacionfm.cl\/wp-content\/uploads\/2025\/08\/accidente-manihuales-18_optimized.08.25-1-1-600x337.jpg 600w\" sizes=\"(max-width: 1068px) 100vw, 1068px\" \/><\/div><\/div><\/div><\/div><div class=\"flex_column av_one_full  flex_column_div av-zero-column-padding first  avia-builder-el-2  el_after_av_one_full  el_before_av_one_full  column-top-margin\" style='border-radius:0px; '><section class=\"av_textblock_section \"  itemscope=\"itemscope\" itemtype=\"https:\/\/schema.org\/BlogPosting\" itemprop=\"blogPost\" ><div class='avia_textblock  '   itemprop=\"text\" ><p style=\"text-align: center;\"><strong><span style=\"font-size: 18pt;\">Conductora impact\u00f3 contra barrera de contenci\u00f3n en la Ruta 7 al norte de Villa Ma\u00f1ihuales<\/span><\/strong><\/p>\n<div id=\"gtx-trans\" style=\"position: absolute; left: -50px; top: 4.31534px;\">\n<div class=\"gtx-trans-icon\"><\/div>\n<\/div>\n<\/div><\/section><\/div><div class=\"flex_column av_one_full  flex_column_div av-zero-column-padding first  avia-builder-el-4  el_after_av_one_full  el_before_av_hr  column-top-margin\" style='border-radius:0px; '><section class=\"av_textblock_section \"  itemscope=\"itemscope\" itemtype=\"https:\/\/schema.org\/BlogPosting\" itemprop=\"blogPost\" ><div class='avia_textblock  '   itemprop=\"text\" ><p style=\"text-align: justify;\">Un accidente se registr\u00f3 la ma\u00f1ana de este lunes -18 de agosto de 2025- a eso de las 11 de la ma\u00f1ana, en la Ruta 7 al norte de Villa Ma\u00f1ihuales.<\/p>\n<p style=\"text-align: justify;\">De acuerdo a informaci\u00f3n de Carabineros del Ret\u00e9n de Villa Ma\u00f1ihuales. \u00abUna persona que transitaba por la ruta dio cuenta de un accidente en la ruta 7 norte, lugar hasta donde concurri\u00f3 personal constatando que efectivamente hab\u00eda una camioneta, conductora una mujer mayor de edad, la que por causas que se investigan habr\u00eda perdido el control del m\u00f3vil y colision\u00f3 con una barrera de contenci\u00f3n proyect\u00e1ndose hacia una zanja\u00bb.<\/p>\n<p style=\"text-align: justify;\">El oficial de Carabineros inform\u00f3 que \u00abLa conductora se encuentra lesionada no con riesgo vital ni al parecer de gravedad, no obstante, por no mantener obviamente el Cesfam los equipos para poder contratar bien sus lesiones se traslad\u00f3 hasta Coyhaique, donde est\u00e1 siendo evaluada para descartar o certificar si tiene alguna lesi\u00f3n mayor\u00bb.<\/p>\n<p style=\"text-align: justify;\">El accidente se registr\u00f3 en cercan\u00edas del sector Piscicultura Pedregoso, Ruta 7 al norte de Villa Ma\u00f1ihuales y trabajaron para lograr rescatar a la conductora lesionada personal del SAMU y Bomberos de la S\u00e9ptima Compa\u00f1\u00eda de Ma\u00f1ihuales, a cargo del Tte. 2\u00b0 Braulio Lema.<\/p>\n<\/div><\/section><\/div><div  style='height:50px' class='hr hr-invisible   avia-builder-el-6  el_after_av_one_full  el_before_av_social_share '><span class='hr-inner ' ><span class='hr-inner-style'><\/span><\/span><\/div><\/p>\n<div  class='av-social-sharing-box  avia-builder-el-7  el_after_av_hr  el_before_av_hr  '><div class='av-share-box'><h5 class='av-share-link-description av-no-toc '>Compartir esta noticia<\/h5><ul class='av-share-box-list noLightbox'><li class='av-share-link av-social-link-facebook' ><a target=\"_blank\" aria-label=\"Compartir en Facebook\" href='https:\/\/www.facebook.com\/sharer.php?u=https:\/\/radiorevelacionfm.cl\/?p=57974&#038;t=Conductora%20impact%C3%B3%20contra%20barrera%20de%20contenci%C3%B3n%20en%20la%20Ruta%207%20al%20norte%20de%20Villa%20Ma%C3%B1ihuales' aria-hidden='false' data-av_icon='\ue8f3' data-av_iconfont='entypo-fontello' title='' data-avia-related-tooltip='Compartir en Facebook' rel=\"noopener\"><span class='avia_hidden_link_text'>Compartir en Facebook<\/span><\/a><\/li><li class='av-share-link av-social-link-twitter' ><a target=\"_blank\" aria-label=\"Compartir en Twitter\" href='https:\/\/twitter.com\/share?text=Conductora%20impact%C3%B3%20contra%20barrera%20de%20contenci%C3%B3n%20en%20la%20Ruta%207%20al%20norte%20de%20Villa%20Ma%C3%B1ihuales&#038;url=https:\/\/radiorevelacionfm.cl\/?p=57974' aria-hidden='false' data-av_icon='\ue8f1' data-av_iconfont='entypo-fontello' title='' data-avia-related-tooltip='Compartir en Twitter' rel=\"noopener\"><span class='avia_hidden_link_text'>Compartir en Twitter<\/span><\/a><\/li><li class='av-share-link av-social-link-whatsapp' ><a target=\"_blank\" aria-label=\"Compartir en Whatsapp\" href='https:\/\/api.whatsapp.com\/send?text=https:\/\/radiorevelacionfm.cl\/?p=57974' aria-hidden='false' data-av_icon='\uf232' data-av_iconfont='entypo-fontello' title='' data-avia-related-tooltip='Compartir en Whatsapp' rel=\"noopener\"><span class='avia_hidden_link_text'>Compartir en Whatsapp<\/span><\/a><\/li><li class='av-share-link av-social-link-linkedin' ><a target=\"_blank\" aria-label=\"Compartir en LinkedIn\" href='https:\/\/linkedin.com\/shareArticle?mini=true&#038;title=Conductora%20impact%C3%B3%20contra%20barrera%20de%20contenci%C3%B3n%20en%20la%20Ruta%207%20al%20norte%20de%20Villa%20Ma%C3%B1ihuales&#038;url=https:\/\/radiorevelacionfm.cl\/?p=57974' aria-hidden='false' data-av_icon='\ue8fc' data-av_iconfont='entypo-fontello' title='' data-avia-related-tooltip='Compartir en LinkedIn' rel=\"noopener\"><span class='avia_hidden_link_text'>Compartir en LinkedIn<\/span><\/a><\/li><li class='av-share-link av-social-link-mail' ><a  aria-label=\"Compartir por correo\" href='mailto:?subject=Conductora%20impact%C3%B3%20contra%20barrera%20de%20contenci%C3%B3n%20en%20la%20Ruta%207%20al%20norte%20de%20Villa%20Ma%C3%B1ihuales&#038;body=https:\/\/radiorevelacionfm.cl\/?p=57974' aria-hidden='false' data-av_icon='\ue805' data-av_iconfont='entypo-fontello' title='' data-avia-related-tooltip='Compartir por correo'><span class='avia_hidden_link_text'>Compartir por correo<\/span><\/a><\/li><\/ul><\/div><\/div>\n<div  style='height:50px' class='hr hr-invisible   avia-builder-el-8  el_after_av_social_share  el_before_av_comments_list '><span class='hr-inner ' ><span class='hr-inner-style'><\/span><\/span><\/div>\n<div  class='av-buildercomment  av-blog-meta-html-info-disabled av-blog-meta-tag-disabled  '><\/div>\n","protected":false},"excerpt":{"rendered":"","protected":false},"author":1,"featured_media":57975,"comment_status":"closed","ping_status":"closed","sticky":false,"template":"","format":"standard","meta":{"footnotes":""},"categories":[38],"tags":[],"class_list":["post-57974","post","type-post","status-publish","format-standard","has-post-thumbnail","hentry","category-regional"],"jetpack_featured_media_url":"https:\/\/radiorevelacionfm.cl\/wp-content\/uploads\/2025\/08\/accidente-manihuales-18_optimized.08.25-1-1.jpg","_links":{"self":[{"href":"https:\/\/radiorevelacionfm.cl\/index.php?rest_route=\/wp\/v2\/posts\/57974","targetHints":{"allow":["GET"]}}],"collection":[{"href":"https:\/\/radiorevelacionfm.cl\/index.php?rest_route=\/wp\/v2\/posts"}],"about":[{"href":"https:\/\/radiorevelacionfm.cl\/index.php?rest_route=\/wp\/v2\/types\/post"}],"author":[{"embeddable":true,"href":"https:\/\/radiorevelacionfm.cl\/index.php?rest_route=\/wp\/v2\/users\/1"}],"replies":[{"embeddable":true,"href":"https:\/\/radiorevelacionfm.cl\/index.php?rest_route=%2Fwp%2Fv2%2Fcomments&post=57974"}],"version-history":[{"count":2,"href":"https:\/\/radiorevelacionfm.cl\/index.php?rest_route=\/wp\/v2\/posts\/57974\/revisions"}],"predecessor-version":[{"id":57977,"href":"https:\/\/radiorevelacionfm.cl\/index.php?rest_route=\/wp\/v2\/posts\/57974\/revisions\/57977"}],"wp:featuredmedia":[{"embeddable":true,"href":"https:\/\/radiorevelacionfm.cl\/index.php?rest_route=\/wp\/v2\/media\/57975"}],"wp:attachment":[{"href":"https:\/\/radiorevelacionfm.cl\/index.php?rest_route=%2Fwp%2Fv2%2Fmedia&parent=57974"}],"wp:term":[{"taxonomy":"category","embeddable":true,"href":"https:\/\/radiorevelacionfm.cl\/index.php?rest_route=%2Fwp%2Fv2%2Fcategories&post=57974"},{"taxonomy":"post_tag","embeddable":true,"href":"https:\/\/radiorevelacionfm.cl\/index.php?rest_route=%2Fwp%2Fv2%2Ftags&post=57974"}],"curies":[{"name":"wp","href":"https:\/\/api.w.org\/{rel}","templated":true}]}}