{"id":57970,"date":"2025-08-18T20:47:53","date_gmt":"2025-08-18T23:47:53","guid":{"rendered":"https:\/\/radiorevelacionfm.cl\/?p=57970"},"modified":"2025-08-18T20:47:53","modified_gmt":"2025-08-18T23:47:53","slug":"marcia-raphael-confirmo-su-candidatura-a-la-reeleccion-seguimos-trabajando-por-todo-lo-que-nos-une","status":"publish","type":"post","link":"https:\/\/radiorevelacionfm.cl\/?p=57970","title":{"rendered":"Marcia Raphael confirm\u00f3 su candidatura a la reelecci\u00f3n: \u201cseguimos trabajando por todo lo que nos une\u201d"},"content":{"rendered":"<div class=\"flex_column av_one_full  flex_column_div av-zero-column-padding first  avia-builder-el-0  el_before_av_one_full  avia-builder-el-first  \" style='border-radius:0px; '><div  class='avia-image-container  av-styling-    avia-builder-el-1  avia-builder-el-no-sibling  avia-align-center '  itemprop=\"image\" itemscope=\"itemscope\" itemtype=\"https:\/\/schema.org\/ImageObject\"  ><div class='avia-image-container-inner'><div class='avia-image-overlay-wrap'><img decoding=\"async\" class='wp-image-57971 avia-img-lazy-loading-not-57971 avia_image' src=\"https:\/\/radiorevelacionfm.cl\/wp-content\/uploads\/2025\/08\/02-10-1_optimized-1.jpeg\" alt='' title='02-(10)-(1)_optimized (1)' height=\"600\" width=\"1001\"  itemprop=\"thumbnailUrl\" srcset=\"https:\/\/radiorevelacionfm.cl\/wp-content\/uploads\/2025\/08\/02-10-1_optimized-1.jpeg 1001w, https:\/\/radiorevelacionfm.cl\/wp-content\/uploads\/2025\/08\/02-10-1_optimized-1-300x180.jpeg 300w, https:\/\/radiorevelacionfm.cl\/wp-content\/uploads\/2025\/08\/02-10-1_optimized-1-768x460.jpeg 768w, https:\/\/radiorevelacionfm.cl\/wp-content\/uploads\/2025\/08\/02-10-1_optimized-1-705x423.jpeg 705w, https:\/\/radiorevelacionfm.cl\/wp-content\/uploads\/2025\/08\/02-10-1_optimized-1-450x270.jpeg 450w, https:\/\/radiorevelacionfm.cl\/wp-content\/uploads\/2025\/08\/02-10-1_optimized-1-600x360.jpeg 600w\" sizes=\"(max-width: 1001px) 100vw, 1001px\" \/><\/div><\/div><\/div><\/div><div class=\"flex_column av_one_full  flex_column_div av-zero-column-padding first  avia-builder-el-2  el_after_av_one_full  el_before_av_one_full  column-top-margin\" style='border-radius:0px; '><section class=\"av_textblock_section \"  itemscope=\"itemscope\" itemtype=\"https:\/\/schema.org\/BlogPosting\" itemprop=\"blogPost\" ><div class='avia_textblock  '   itemprop=\"text\" ><p style=\"text-align: center;\"><span style=\"font-size: 18pt;\"><b>Marcia Raphael confirm\u00f3 su candidatura a la reelecci\u00f3n: \u201cseguimos trabajando por todo lo que nos une\u201d<\/b><\/span><\/p>\n<div id=\"gtx-trans\" style=\"position: absolute; left: -50px; top: 4.31534px;\">\n<div class=\"gtx-trans-icon\"><\/div>\n<\/div>\n<\/div><\/section><\/div><div class=\"flex_column av_one_full  flex_column_div av-zero-column-padding first  avia-builder-el-4  el_after_av_one_full  el_before_av_hr  column-top-margin\" style='border-radius:0px; '><section class=\"av_textblock_section \"  itemscope=\"itemscope\" itemtype=\"https:\/\/schema.org\/BlogPosting\" itemprop=\"blogPost\" ><div class='avia_textblock  '   itemprop=\"text\" ><p style=\"font-weight: 400; text-align: justify;\"><em>La ingeniera comercial y militante de Renovaci\u00f3n Nacional, buscar\u00e1 continuar afianzando su trabajo legislativo y fiscalizador.<\/em><\/p>\n<p style=\"font-weight: 400; text-align: justify;\">Acompa\u00f1ada de dirigentes sociales, autoridades locales, autoridades regionales, independientes y militantes de Renovaci\u00f3n Nacional, la diputada por Ays\u00e9n, Marcia Raphael Mora, confirm\u00f3 su inscripci\u00f3n de candidatura para la reelecci\u00f3n en la C\u00e1mara Baja. En la instancia, la parlamentaria, agradeci\u00f3 el respaldo que le han entregado a su labor durante estos tres a\u00f1os y ratific\u00f3 su compromiso con las causas que desde la regi\u00f3n se est\u00e1n impulsando en materia de acceso a la salud, tratamiento oncol\u00f3gico, energ\u00eda y rebajas de la tarifa el\u00e9ctrica, conectividad, turismo y educaci\u00f3n.<\/p>\n<p style=\"font-weight: 400; text-align: justify;\">Tras la inscripci\u00f3n de su candidatura, la diputada, Marcia Raphael Mora, manifest\u00f3 que \u201ccon mucho entusiasmo y alegr\u00eda, hemos inscrito nuestra candidatura a la reelecci\u00f3n por nuestra Regi\u00f3n de Ays\u00e9n, quiero agradecer a quienes nos han acompa\u00f1ado esta jornada que es un grupo de personas muy variadas, dirigentes de la sociedad civil, emprendedores, autoridades, independientes y militantes de Renovaci\u00f3n Nacional, que a trav\u00e9s de ellos vemos tambi\u00e9n el respaldo que nos entregan en toda la regi\u00f3n. Han sido cuatro a\u00f1os de un intenso desaf\u00edo al ser la voz de nuestra zona en la C\u00e1mara de Diputados, hemos puesto el sentir de nuestra gente en el trabajo legislativo y de fiscalizaci\u00f3n, que en los hechos se ha concretado en 102 proyectos de ley, 129 proyectos de resoluci\u00f3n y 376 oficios despachados a diversas entidades a la fecha\u201d.<\/p>\n<p style=\"font-weight: 400; text-align: justify;\">\u201cLa gente conoce nuestro trabajo que ha tenido un fuerte enfoque en materias de salud, tales como el velar por que los recursos lleguen para mejorar el acceso en nuestro territorio, el olvido oncol\u00f3gico que viene a hacer justicia para quienes est\u00e1n o han dado la lucha contra el c\u00e1ncer, el mejoramiento del sistema de admisi\u00f3n y fortalecimiento de la calidad en la educaci\u00f3n, as\u00ed como tambi\u00e9n hemos sido parte activa de la discusi\u00f3n que se est\u00e1 dando en el acceso al financiamiento para la educaci\u00f3n superior, el acceso a tarifas justas en energ\u00eda y electricidad, conectividad tanto digital como terrestre a trav\u00e9s de nuestra carretera austral, el fortalecimiento del turismo, entre tantos otros\u201d, detall\u00f3.<\/p>\n<p style=\"font-weight: 400; text-align: justify;\">\u201cEsta candidatura es un compromiso reflejado a trav\u00e9s de toda una trayectoria dedicada al servicio p\u00fablico y de poder tambi\u00e9n representar los intereses de los Ayseninos en el Congreso Nacional. Por eso, quiero seguir siendo la voz de cada comuna de nuestro distrito, Ays\u00e9n, Coyhaique, Chile Chico, Cisnes, Cochrane, Guaitecas, Lago Verde, O\u2019Higgins, R\u00edo Ib\u00e1\u00f1ez y Tortel, por las que continuamos trabajando con ah\u00ednco por todo lo que nos une\u201d, concluy\u00f3 Marcia Raphael.<\/p>\n<\/div><\/section><\/div><div  style='height:50px' class='hr hr-invisible   avia-builder-el-6  el_after_av_one_full  el_before_av_social_share '><span class='hr-inner ' ><span class='hr-inner-style'><\/span><\/span><\/div><\/p>\n<div  class='av-social-sharing-box  avia-builder-el-7  el_after_av_hr  el_before_av_hr  '><div class='av-share-box'><h5 class='av-share-link-description av-no-toc '>Compartir esta noticia<\/h5><ul class='av-share-box-list noLightbox'><li class='av-share-link av-social-link-facebook' ><a target=\"_blank\" aria-label=\"Compartir en Facebook\" href='https:\/\/www.facebook.com\/sharer.php?u=https:\/\/radiorevelacionfm.cl\/?p=57970&#038;t=Marcia%20Raphael%20confirm%C3%B3%20su%20candidatura%20a%20la%20reelecci%C3%B3n%3A%20%E2%80%9Cseguimos%20trabajando%20por%20todo%20lo%20que%20nos%20une%E2%80%9D' aria-hidden='false' data-av_icon='\ue8f3' data-av_iconfont='entypo-fontello' title='' data-avia-related-tooltip='Compartir en Facebook' rel=\"noopener\"><span class='avia_hidden_link_text'>Compartir en Facebook<\/span><\/a><\/li><li class='av-share-link av-social-link-twitter' ><a target=\"_blank\" aria-label=\"Compartir en Twitter\" href='https:\/\/twitter.com\/share?text=Marcia%20Raphael%20confirm%C3%B3%20su%20candidatura%20a%20la%20reelecci%C3%B3n%3A%20%E2%80%9Cseguimos%20trabajando%20por%20todo%20lo%20que%20nos%20une%E2%80%9D&#038;url=https:\/\/radiorevelacionfm.cl\/?p=57970' aria-hidden='false' data-av_icon='\ue8f1' data-av_iconfont='entypo-fontello' title='' data-avia-related-tooltip='Compartir en Twitter' rel=\"noopener\"><span class='avia_hidden_link_text'>Compartir en Twitter<\/span><\/a><\/li><li class='av-share-link av-social-link-whatsapp' ><a target=\"_blank\" aria-label=\"Compartir en Whatsapp\" href='https:\/\/api.whatsapp.com\/send?text=https:\/\/radiorevelacionfm.cl\/?p=57970' aria-hidden='false' data-av_icon='\uf232' data-av_iconfont='entypo-fontello' title='' data-avia-related-tooltip='Compartir en Whatsapp' rel=\"noopener\"><span class='avia_hidden_link_text'>Compartir en Whatsapp<\/span><\/a><\/li><li class='av-share-link av-social-link-linkedin' ><a target=\"_blank\" aria-label=\"Compartir en LinkedIn\" href='https:\/\/linkedin.com\/shareArticle?mini=true&#038;title=Marcia%20Raphael%20confirm%C3%B3%20su%20candidatura%20a%20la%20reelecci%C3%B3n%3A%20%E2%80%9Cseguimos%20trabajando%20por%20todo%20lo%20que%20nos%20une%E2%80%9D&#038;url=https:\/\/radiorevelacionfm.cl\/?p=57970' aria-hidden='false' data-av_icon='\ue8fc' data-av_iconfont='entypo-fontello' title='' data-avia-related-tooltip='Compartir en LinkedIn' rel=\"noopener\"><span class='avia_hidden_link_text'>Compartir en LinkedIn<\/span><\/a><\/li><li class='av-share-link av-social-link-mail' ><a  aria-label=\"Compartir por correo\" href='mailto:?subject=Marcia%20Raphael%20confirm%C3%B3%20su%20candidatura%20a%20la%20reelecci%C3%B3n%3A%20%E2%80%9Cseguimos%20trabajando%20por%20todo%20lo%20que%20nos%20une%E2%80%9D&#038;body=https:\/\/radiorevelacionfm.cl\/?p=57970' aria-hidden='false' data-av_icon='\ue805' data-av_iconfont='entypo-fontello' title='' data-avia-related-tooltip='Compartir por correo'><span class='avia_hidden_link_text'>Compartir por correo<\/span><\/a><\/li><\/ul><\/div><\/div>\n<div  style='height:50px' class='hr hr-invisible   avia-builder-el-8  el_after_av_social_share  el_before_av_comments_list '><span class='hr-inner ' ><span class='hr-inner-style'><\/span><\/span><\/div>\n<div  class='av-buildercomment  av-blog-meta-html-info-disabled av-blog-meta-tag-disabled  '><\/div>\n","protected":false},"excerpt":{"rendered":"","protected":false},"author":1,"featured_media":57971,"comment_status":"closed","ping_status":"closed","sticky":false,"template":"","format":"standard","meta":{"footnotes":""},"categories":[35],"tags":[],"class_list":["post-57970","post","type-post","status-publish","format-standard","has-post-thumbnail","hentry","category-politica"],"jetpack_featured_media_url":"https:\/\/radiorevelacionfm.cl\/wp-content\/uploads\/2025\/08\/02-10-1_optimized-1.jpeg","_links":{"self":[{"href":"https:\/\/radiorevelacionfm.cl\/index.php?rest_route=\/wp\/v2\/posts\/57970","targetHints":{"allow":["GET"]}}],"collection":[{"href":"https:\/\/radiorevelacionfm.cl\/index.php?rest_route=\/wp\/v2\/posts"}],"about":[{"href":"https:\/\/radiorevelacionfm.cl\/index.php?rest_route=\/wp\/v2\/types\/post"}],"author":[{"embeddable":true,"href":"https:\/\/radiorevelacionfm.cl\/index.php?rest_route=\/wp\/v2\/users\/1"}],"replies":[{"embeddable":true,"href":"https:\/\/radiorevelacionfm.cl\/index.php?rest_route=%2Fwp%2Fv2%2Fcomments&post=57970"}],"version-history":[{"count":2,"href":"https:\/\/radiorevelacionfm.cl\/index.php?rest_route=\/wp\/v2\/posts\/57970\/revisions"}],"predecessor-version":[{"id":57973,"href":"https:\/\/radiorevelacionfm.cl\/index.php?rest_route=\/wp\/v2\/posts\/57970\/revisions\/57973"}],"wp:featuredmedia":[{"embeddable":true,"href":"https:\/\/radiorevelacionfm.cl\/index.php?rest_route=\/wp\/v2\/media\/57971"}],"wp:attachment":[{"href":"https:\/\/radiorevelacionfm.cl\/index.php?rest_route=%2Fwp%2Fv2%2Fmedia&parent=57970"}],"wp:term":[{"taxonomy":"category","embeddable":true,"href":"https:\/\/radiorevelacionfm.cl\/index.php?rest_route=%2Fwp%2Fv2%2Fcategories&post=57970"},{"taxonomy":"post_tag","embeddable":true,"href":"https:\/\/radiorevelacionfm.cl\/index.php?rest_route=%2Fwp%2Fv2%2Ftags&post=57970"}],"curies":[{"name":"wp","href":"https:\/\/api.w.org\/{rel}","templated":true}]}}