{"id":57967,"date":"2025-08-19T08:48:18","date_gmt":"2025-08-19T11:48:18","guid":{"rendered":"https:\/\/radiorevelacionfm.cl\/?p=57967"},"modified":"2025-08-19T08:48:18","modified_gmt":"2025-08-19T11:48:18","slug":"seremi-del-mop-en-cuenta-publica-afirmo-hemos-construido-pequenas-y-grandes-obras-que-solucionan-la-vida-cotidiana-de-las-personas","status":"publish","type":"post","link":"https:\/\/radiorevelacionfm.cl\/?p=57967","title":{"rendered":"Seremi del MOP en cuenta p\u00fablica afirm\u00f3: \u201cHemos construido peque\u00f1as y grandes obras que solucionan la vida cotidiana de las personas\u201d"},"content":{"rendered":"<div class=\"flex_column av_one_full  flex_column_div av-zero-column-padding first  avia-builder-el-0  el_before_av_one_full  avia-builder-el-first  \" style='border-radius:0px; '><div  class='avia-image-container  av-styling-    avia-builder-el-1  avia-builder-el-no-sibling  avia-align-center '  itemprop=\"image\" itemscope=\"itemscope\" itemtype=\"https:\/\/schema.org\/ImageObject\"  ><div class='avia-image-container-inner'><div class='avia-image-overlay-wrap'><img decoding=\"async\" class='wp-image-57968 avia-img-lazy-loading-not-57968 avia_image' src=\"https:\/\/radiorevelacionfm.cl\/wp-content\/uploads\/2025\/08\/02-img_0426-1_optimized.jpg\" alt='' title='02-img_0426-(1)_optimized' height=\"600\" width=\"900\"  itemprop=\"thumbnailUrl\" srcset=\"https:\/\/radiorevelacionfm.cl\/wp-content\/uploads\/2025\/08\/02-img_0426-1_optimized.jpg 900w, https:\/\/radiorevelacionfm.cl\/wp-content\/uploads\/2025\/08\/02-img_0426-1_optimized-300x200.jpg 300w, https:\/\/radiorevelacionfm.cl\/wp-content\/uploads\/2025\/08\/02-img_0426-1_optimized-768x512.jpg 768w, https:\/\/radiorevelacionfm.cl\/wp-content\/uploads\/2025\/08\/02-img_0426-1_optimized-705x470.jpg 705w, https:\/\/radiorevelacionfm.cl\/wp-content\/uploads\/2025\/08\/02-img_0426-1_optimized-450x300.jpg 450w, https:\/\/radiorevelacionfm.cl\/wp-content\/uploads\/2025\/08\/02-img_0426-1_optimized-600x400.jpg 600w\" sizes=\"(max-width: 900px) 100vw, 900px\" \/><\/div><\/div><\/div><\/div><div class=\"flex_column av_one_full  flex_column_div av-zero-column-padding first  avia-builder-el-2  el_after_av_one_full  el_before_av_one_full  column-top-margin\" style='border-radius:0px; '><section class=\"av_textblock_section \"  itemscope=\"itemscope\" itemtype=\"https:\/\/schema.org\/BlogPosting\" itemprop=\"blogPost\" ><div class='avia_textblock  '   itemprop=\"text\" ><p style=\"text-align: center;\"><strong><span style=\"font-size: 18pt;\">Seremi del MOP en cuenta p\u00fablica afirm\u00f3: \u201cHemos construido peque\u00f1as y grandes obras que solucionan la vida cotidiana de las personas\u201d<\/span><\/strong><\/p>\n<div id=\"gtx-trans\" style=\"position: absolute; left: -50px; top: 4.31534px;\">\n<div class=\"gtx-trans-icon\"><\/div>\n<\/div>\n<\/div><\/section><\/div><div class=\"flex_column av_one_full  flex_column_div av-zero-column-padding first  avia-builder-el-4  el_after_av_one_full  el_before_av_hr  column-top-margin\" style='border-radius:0px; '><section class=\"av_textblock_section \"  itemscope=\"itemscope\" itemtype=\"https:\/\/schema.org\/BlogPosting\" itemprop=\"blogPost\" ><div class='avia_textblock  '   itemprop=\"text\" ><ul>\n<li style=\"text-align: justify;\"><em>Inversi\u00f3n del MOP el a\u00f1o 2024 alcanz\u00f3 los $88.297 millones.<\/em><\/li>\n<li style=\"text-align: justify;\"><em>Ejecuci\u00f3n presupuestaria de los \u00faltimos cuatro a\u00f1os supera en 23,4% a\u00f1os anteriores.<\/em><\/li>\n<li style=\"text-align: justify;\"><em>Ejecuci\u00f3n de presupuesto programado para el a\u00f1o 2025 ser\u00e1 68,9% m\u00e1s que el a\u00f1o 2024.<\/em><\/li>\n<\/ul>\n<p style=\"text-align: justify;\">\u201cEstoy muy contento de la invitaci\u00f3n a esta Cuenta P\u00fablica. Nosotros somos uno de los proyectos que se aprobaron durante el a\u00f1o 2024 y que est\u00e1 en ejecuci\u00f3n el 2025. Un proyecto que va a solucionar la vida de 135 familias que viven en el sector rural, as\u00ed que agradecemos al Ministerio de Obras P\u00fablicas a trav\u00e9s de la Seremi y todo el trabajo que hacen por estas familias que viven en esta zona austral de Chile\u201d, destac\u00f3 Ra\u00fal Arce, Presidente del Comit\u00e9 de Agua Potable Rural R\u00edo Los Palos, en el marco de la realizaci\u00f3n de la Cuenta P\u00fablica del MOP.<\/p>\n<p style=\"text-align: justify;\">Acompa\u00f1ada por dirigentes, vecinos y vecinas y autoridades la Secretaria Regional Ministerial de Obras P\u00fablicas, Paloma Jara Vald\u00e9s realiz\u00f3 en la Casa de la Cultura en Puerto Ays\u00e9n su Cuenta P\u00fablica 2024, oportunidad en la que destac\u00f3 aspectos de inversi\u00f3n, as\u00ed como tambi\u00e9n relev\u00f3 la importancia que tiene la infraestructura en la vida de las personas.<\/p>\n<p style=\"text-align: justify;\">\u201cEstoy muy contenta de haber podido hoy d\u00eda dar cuenta p\u00fablica de la gesti\u00f3n y trabajo que ha hecho el Ministerio de Obras P\u00fablicas no s\u00f3lo durante el 2024, sino tambi\u00e9n en parte del gobierno del presidente Boric, y tambi\u00e9n como provisi\u00f3n de obras para el 2025. Tener la suerte de voceriar el tremendo trabajo que hace cada una de nuestras direcciones tanto las ejecutantes como las que nos ayudan en la gesti\u00f3n ha sido un tremendo honor para m\u00ed, poder hacerlo en Puerto Ays\u00e9n, nuestra capital regional hist\u00f3rica, poder reunirnos con los dirigentes de ac\u00e1 nos ayuda\u00a0 a acercar el ministerio a cada una de las comunidades y\u00a0 que las personas sepan en lo que estamos trabajando y en lo que trabajaremos los pr\u00f3ximos a\u00f1os\u201d, indic\u00f3 la SEREMI del MOP.<\/p>\n<p style=\"text-align: justify;\">Entre los \u00e9nfasis destacados estos a\u00f1os de gobierno, Paloma Jara destac\u00f3\u00a0 que \u201cvan de la mano primero de tener una gesti\u00f3n virtuosa, de hacer que el Ministerio de Obras P\u00fablicas pueda ser un cambio en las econom\u00edas regionales y tambi\u00e9n en aquellos que trabajan con nosotros como la C\u00e1mara de Comercio y todos nuestros contratistas; por otra parte, la conectividad sigue siendo el coraz\u00f3n del MOP, el poder generar\u00a0 m\u00e1s y mayor conectividad con soluciones que sean revolucionarias y que tambi\u00e9n impacten de manera positiva; y la gesti\u00f3n h\u00eddrica nos hace sentir muy orgullosos en particular en esta regi\u00f3n en donde los Servicios Sanitarios Rurales han alcanzado su mayor inversi\u00f3n durante todos los a\u00f1os que se ha mantenido este programa que son m\u00e1s de 60 a\u00f1os; y tambi\u00e9n no puedo dejar de mencionar el tremendo trabajo que genera la Direcci\u00f3n General de Aguas con una gran gesti\u00f3n en materia de derechos de aguas, pero tambi\u00e9n con el monitoreo constante de nuestros glaciares que son parte del patrimonio natural m\u00e1s relevante que tiene la Regi\u00f3n de Ays\u00e9n\u201d.<\/p>\n<p style=\"text-align: justify;\">Para el Delegado Presidencial de la Provincia de Ays\u00e9n Rodrigo Moreno Rivera esta Cuenta pone de manifiesto todos los avances que se han logrado en el gobierno del Presidente Gabriel Boric. \u201cParticipamos de esta Cuenta P\u00fablica en donde se dio cuenta de todo lo ejecutado, y se nota el avance en la Regi\u00f3n y en la Cuenta P\u00fablica se demuestro eso con n\u00fameros. La actividad ha comenzado a crecer nuevamente, se est\u00e1n reactivando las obras de infraestructura y eso es lo que nos va a llevar finalmente al desarrollo\u201d.<\/p>\n<p style=\"text-align: justify;\">En tanto, Jos\u00e9 Jara Ampuero, Presidente del Comit\u00e9 Pro Adelanto Entre R\u00edos Pangal Bajo agreg\u00f3: \u201cLa cercan\u00eda que ha tenido en el \u00faltimo per\u00edodo el Ministerio de Obras P\u00fablicas\u00a0 es tremendamente relevante, porque nos permite conocer de primera fuente el trabajo que se est\u00e1 realizando y la proyecci\u00f3n que existe tambi\u00e9n, justamente orientado a las necesidades de nosotros como vecinos y dirigentes de diferentes sectores que les venimos pidiendo en beneficio de nuestra comunidad\u201d.<\/p>\n<p style=\"text-align: justify;\">Por su parte el Secretario Regional Ministerial de Econom\u00eda, Fomento y Turismo, Felipe Rojas resalt\u00f3 la inversi\u00f3n p\u00fablica como una herramienta de apoyo para el desarrollo productivo. \u201cPara el Gobierno del presidente Gabriel Boric, resulta fundamental la inversi\u00f3n p\u00fablica para el desarrollo en particular en la Regi\u00f3n de Ays\u00e9n. Lo que hemos visto hoy es que cada una de las iniciativas impacta en las familias, pero tambi\u00e9n en la actividad productiva que hay en la Regi\u00f3n, a trav\u00e9s de la construcci\u00f3n, creaci\u00f3n de empleo, y de oportunidades para el turismo, la salmonicultura y el comercio son fundamentales en la perspectiva del trabajo del MOP\u201d.<\/p>\n<p style=\"text-align: justify;\">El Ministerio de Obras P\u00fablicas a trav\u00e9s de sus direcciones regionales de Vialidad, Obras Hidr\u00e1ulicas, Obras Portuarias, Aguas, Aeropuertos, Arquitectura y las direcciones de apoyo a la gesti\u00f3n Planeamiento, Contabilidad y Finanzas, y Fiscal\u00eda, impulsan inversi\u00f3n, obras y proyectos en nuestro pa\u00eds y en la Regi\u00f3n de Ays\u00e9n, que cambian profundamente las condiciones de vida de las personas.<\/p>\n<p style=\"text-align: justify;\">Entre los ejes estrat\u00e9gicos de la gesti\u00f3n del Ministerio de Obras P\u00fablicas resaltan la integraci\u00f3n y conectividad, el acceso al agua y la infraestructura para el desarrollo humano y el cambio clim\u00e1tico. De esta forma, el MOP con su inversi\u00f3n mejora la conectividad vial, a\u00e9rea y portuaria de las personas acercando y uniendo familias en el territorio; entrega edificaci\u00f3n p\u00fablica y pone\u00a0 en valor nuestro patrimonio regional; da acceso y abastecimiento de agua potable a m\u00e1s de 29 mil hogares ayseninos, entregando equidad y disminuyendo brechas; son indispensables en infraestructura de riego, as\u00ed como tambi\u00e9n en la construcci\u00f3n de defensas fluviales, control aluvional, manejo de cauces, evacuaci\u00f3n y drenaje de aguas lluvias, todas obras que son significativas y que mantienen a las personas m\u00e1s seguras y protegidas. Tambi\u00e9n, el MOP es pilar fundamental en la gesti\u00f3n del recurso h\u00eddrico, a trav\u00e9s del otorgamiento de derechos de aprovechamiento de agua, en la fiscalizaci\u00f3n y en el acompa\u00f1amiento a las organizaciones de usuarias y usuarios, as\u00ed como tambi\u00e9n en investigaci\u00f3n y glaciares. Todas las obras que construye el Ministerio de Obras P\u00fablicas son para las personas, y son construidas con m\u00e1s de 400 funcionarios y funcionarias que est\u00e1n comprometidos con los sue\u00f1os y necesidades de cada uno y una de los y las ayseninas.<\/p>\n<\/div><\/section><\/div><div  style='height:50px' class='hr hr-invisible   avia-builder-el-6  el_after_av_one_full  el_before_av_social_share '><span class='hr-inner ' ><span class='hr-inner-style'><\/span><\/span><\/div><\/p>\n<div  class='av-social-sharing-box  avia-builder-el-7  el_after_av_hr  el_before_av_hr  '><div class='av-share-box'><h5 class='av-share-link-description av-no-toc '>Compartir esta noticia<\/h5><ul class='av-share-box-list noLightbox'><li class='av-share-link av-social-link-facebook' ><a target=\"_blank\" aria-label=\"Compartir en Facebook\" href='https:\/\/www.facebook.com\/sharer.php?u=https:\/\/radiorevelacionfm.cl\/?p=57967&#038;t=Seremi%20del%20MOP%20en%20cuenta%20p%C3%BAblica%20afirm%C3%B3%3A%20%E2%80%9CHemos%20construido%20peque%C3%B1as%20y%20grandes%20obras%20que%20solucionan%20la%20vida%20cotidiana%20de%20las%20personas%E2%80%9D' aria-hidden='false' data-av_icon='\ue8f3' data-av_iconfont='entypo-fontello' title='' data-avia-related-tooltip='Compartir en Facebook' rel=\"noopener\"><span class='avia_hidden_link_text'>Compartir en Facebook<\/span><\/a><\/li><li class='av-share-link av-social-link-twitter' ><a target=\"_blank\" aria-label=\"Compartir en Twitter\" href='https:\/\/twitter.com\/share?text=Seremi%20del%20MOP%20en%20cuenta%20p%C3%BAblica%20afirm%C3%B3%3A%20%E2%80%9CHemos%20construido%20peque%C3%B1as%20y%20grandes%20obras%20que%20solucionan%20la%20vida%20cotidiana%20de%20las%20personas%E2%80%9D&#038;url=https:\/\/radiorevelacionfm.cl\/?p=57967' aria-hidden='false' data-av_icon='\ue8f1' data-av_iconfont='entypo-fontello' title='' data-avia-related-tooltip='Compartir en Twitter' rel=\"noopener\"><span class='avia_hidden_link_text'>Compartir en Twitter<\/span><\/a><\/li><li class='av-share-link av-social-link-whatsapp' ><a target=\"_blank\" aria-label=\"Compartir en Whatsapp\" href='https:\/\/api.whatsapp.com\/send?text=https:\/\/radiorevelacionfm.cl\/?p=57967' aria-hidden='false' data-av_icon='\uf232' data-av_iconfont='entypo-fontello' title='' data-avia-related-tooltip='Compartir en Whatsapp' rel=\"noopener\"><span class='avia_hidden_link_text'>Compartir en Whatsapp<\/span><\/a><\/li><li class='av-share-link av-social-link-linkedin' ><a target=\"_blank\" aria-label=\"Compartir en LinkedIn\" href='https:\/\/linkedin.com\/shareArticle?mini=true&#038;title=Seremi%20del%20MOP%20en%20cuenta%20p%C3%BAblica%20afirm%C3%B3%3A%20%E2%80%9CHemos%20construido%20peque%C3%B1as%20y%20grandes%20obras%20que%20solucionan%20la%20vida%20cotidiana%20de%20las%20personas%E2%80%9D&#038;url=https:\/\/radiorevelacionfm.cl\/?p=57967' aria-hidden='false' data-av_icon='\ue8fc' data-av_iconfont='entypo-fontello' title='' data-avia-related-tooltip='Compartir en LinkedIn' rel=\"noopener\"><span class='avia_hidden_link_text'>Compartir en LinkedIn<\/span><\/a><\/li><li class='av-share-link av-social-link-mail' ><a  aria-label=\"Compartir por correo\" href='mailto:?subject=Seremi%20del%20MOP%20en%20cuenta%20p%C3%BAblica%20afirm%C3%B3%3A%20%E2%80%9CHemos%20construido%20peque%C3%B1as%20y%20grandes%20obras%20que%20solucionan%20la%20vida%20cotidiana%20de%20las%20personas%E2%80%9D&#038;body=https:\/\/radiorevelacionfm.cl\/?p=57967' aria-hidden='false' data-av_icon='\ue805' data-av_iconfont='entypo-fontello' title='' data-avia-related-tooltip='Compartir por correo'><span class='avia_hidden_link_text'>Compartir por correo<\/span><\/a><\/li><\/ul><\/div><\/div>\n<div  style='height:50px' class='hr hr-invisible   avia-builder-el-8  el_after_av_social_share  el_before_av_comments_list '><span class='hr-inner ' ><span class='hr-inner-style'><\/span><\/span><\/div>\n<div  class='av-buildercomment  av-blog-meta-html-info-disabled av-blog-meta-tag-disabled  '><\/div>\n","protected":false},"excerpt":{"rendered":"","protected":false},"author":1,"featured_media":57968,"comment_status":"closed","ping_status":"closed","sticky":false,"template":"","format":"standard","meta":{"footnotes":""},"categories":[38],"tags":[],"class_list":["post-57967","post","type-post","status-publish","format-standard","has-post-thumbnail","hentry","category-regional"],"jetpack_featured_media_url":"https:\/\/radiorevelacionfm.cl\/wp-content\/uploads\/2025\/08\/02-img_0426-1_optimized.jpg","_links":{"self":[{"href":"https:\/\/radiorevelacionfm.cl\/index.php?rest_route=\/wp\/v2\/posts\/57967","targetHints":{"allow":["GET"]}}],"collection":[{"href":"https:\/\/radiorevelacionfm.cl\/index.php?rest_route=\/wp\/v2\/posts"}],"about":[{"href":"https:\/\/radiorevelacionfm.cl\/index.php?rest_route=\/wp\/v2\/types\/post"}],"author":[{"embeddable":true,"href":"https:\/\/radiorevelacionfm.cl\/index.php?rest_route=\/wp\/v2\/users\/1"}],"replies":[{"embeddable":true,"href":"https:\/\/radiorevelacionfm.cl\/index.php?rest_route=%2Fwp%2Fv2%2Fcomments&post=57967"}],"version-history":[{"count":2,"href":"https:\/\/radiorevelacionfm.cl\/index.php?rest_route=\/wp\/v2\/posts\/57967\/revisions"}],"predecessor-version":[{"id":57978,"href":"https:\/\/radiorevelacionfm.cl\/index.php?rest_route=\/wp\/v2\/posts\/57967\/revisions\/57978"}],"wp:featuredmedia":[{"embeddable":true,"href":"https:\/\/radiorevelacionfm.cl\/index.php?rest_route=\/wp\/v2\/media\/57968"}],"wp:attachment":[{"href":"https:\/\/radiorevelacionfm.cl\/index.php?rest_route=%2Fwp%2Fv2%2Fmedia&parent=57967"}],"wp:term":[{"taxonomy":"category","embeddable":true,"href":"https:\/\/radiorevelacionfm.cl\/index.php?rest_route=%2Fwp%2Fv2%2Fcategories&post=57967"},{"taxonomy":"post_tag","embeddable":true,"href":"https:\/\/radiorevelacionfm.cl\/index.php?rest_route=%2Fwp%2Fv2%2Ftags&post=57967"}],"curies":[{"name":"wp","href":"https:\/\/api.w.org\/{rel}","templated":true}]}}