{"id":57964,"date":"2025-08-19T09:52:51","date_gmt":"2025-08-19T12:52:51","guid":{"rendered":"https:\/\/radiorevelacionfm.cl\/?p=57964"},"modified":"2025-08-19T09:52:51","modified_gmt":"2025-08-19T12:52:51","slug":"aysen-se-reune-en-encuentro-ciudadano-para-la-gobernanza-del-acuerdo-de-escazu","status":"publish","type":"post","link":"https:\/\/radiorevelacionfm.cl\/?p=57964","title":{"rendered":"Ays\u00e9n se re\u00fane en encuentro ciudadano para la gobernanza del Acuerdo de Escaz\u00fa"},"content":{"rendered":"<div class=\"flex_column av_one_full  flex_column_div av-zero-column-padding first  avia-builder-el-0  el_before_av_one_full  avia-builder-el-first  \" style='border-radius:0px; '><div  class='avia-image-container  av-styling-    avia-builder-el-1  avia-builder-el-no-sibling  avia-align-center '  itemprop=\"image\" itemscope=\"itemscope\" itemtype=\"https:\/\/schema.org\/ImageObject\"  ><div class='avia-image-container-inner'><div class='avia-image-overlay-wrap'><img decoding=\"async\" class='wp-image-57965 avia-img-lazy-loading-not-57965 avia_image' src=\"https:\/\/radiorevelacionfm.cl\/wp-content\/uploads\/2025\/08\/IMG_4073-1-1.jpg\" alt='' title='IMG_4073 (1) (1)' height=\"600\" width=\"1067\"  itemprop=\"thumbnailUrl\" srcset=\"https:\/\/radiorevelacionfm.cl\/wp-content\/uploads\/2025\/08\/IMG_4073-1-1.jpg 1067w, https:\/\/radiorevelacionfm.cl\/wp-content\/uploads\/2025\/08\/IMG_4073-1-1-300x169.jpg 300w, https:\/\/radiorevelacionfm.cl\/wp-content\/uploads\/2025\/08\/IMG_4073-1-1-1030x579.jpg 1030w, https:\/\/radiorevelacionfm.cl\/wp-content\/uploads\/2025\/08\/IMG_4073-1-1-768x432.jpg 768w, https:\/\/radiorevelacionfm.cl\/wp-content\/uploads\/2025\/08\/IMG_4073-1-1-705x396.jpg 705w, https:\/\/radiorevelacionfm.cl\/wp-content\/uploads\/2025\/08\/IMG_4073-1-1-450x253.jpg 450w, https:\/\/radiorevelacionfm.cl\/wp-content\/uploads\/2025\/08\/IMG_4073-1-1-600x337.jpg 600w\" sizes=\"(max-width: 1067px) 100vw, 1067px\" \/><\/div><\/div><\/div><\/div><div class=\"flex_column av_one_full  flex_column_div av-zero-column-padding first  avia-builder-el-2  el_after_av_one_full  el_before_av_one_full  column-top-margin\" style='border-radius:0px; '><section class=\"av_textblock_section \"  itemscope=\"itemscope\" itemtype=\"https:\/\/schema.org\/BlogPosting\" itemprop=\"blogPost\" ><div class='avia_textblock  '   itemprop=\"text\" ><p style=\"text-align: center;\"><strong><span style=\"font-size: 18pt;\">Ays\u00e9n se re\u00fane en encuentro ciudadano para la gobernanza del Acuerdo de Escaz\u00fa<\/span><\/strong><\/p>\n<div id=\"gtx-trans\" style=\"position: absolute; left: -50px; top: 4.31534px;\">\n<div class=\"gtx-trans-icon\"><\/div>\n<\/div>\n<\/div><\/section><\/div><div class=\"flex_column av_one_full  flex_column_div av-zero-column-padding first  avia-builder-el-4  el_after_av_one_full  el_before_av_hr  column-top-margin\" style='border-radius:0px; '><section class=\"av_textblock_section \"  itemscope=\"itemscope\" itemtype=\"https:\/\/schema.org\/BlogPosting\" itemprop=\"blogPost\" ><div class='avia_textblock  '   itemprop=\"text\" ><p style=\"text-align: justify;\">En la Biblioteca Regional de Coyhaique se dieron cita representantes del sector p\u00fablico, privado, academia, organizaciones de la sociedad civil y comunidad, para participar de la convocatoria realizada por la Seremi del Medio Ambiente al Encuentro Ciudadano para promover la creaci\u00f3n del Comit\u00e9 Estrat\u00e9gico Regional por Escaz\u00fa.<\/p>\n<p style=\"text-align: justify;\">El Seremi del Medio Ambiente, Yoal D\u00edaz destac\u00f3 que el Acuerdo de Escaz\u00fa fue uno de los primeros hitos que tuvo el Gobierno del presidente Gabriel Boric, buscando avanzar en mayor justicia en mayor democracia \u201cY por supuesto, tambi\u00e9n en cuidar a nuestros defensores ambientales, en ese sentido, hemos tenido un transitar largo pero fruct\u00edfero y necesitamos todas las voces de la Regi\u00f3n de Ays\u00e9n participando de estas instancias, por ello hoy estamos haciendo un primer hito del Comit\u00e9 Estrat\u00e9gico Regional, que fue una decisi\u00f3n regional, un llamado a hacerse parte de esta formas de hacer y ejercer la democracia\u201d.<\/p>\n<p style=\"text-align: justify;\">Ays\u00e9n es una de las 5 regiones que se decidieron a crear un Comit\u00e9 Estrat\u00e9gico Regional para la gobernanza de Escaz\u00fa, con participaci\u00f3n ampliada de la ciudadan\u00eda, mientras que en otras regiones esta labor ser\u00e1 asumida por los Consejos Consultivos del Medio Ambiente.<\/p>\n<p style=\"text-align: justify;\">El Acuerdo de Escaz\u00fa busca que los ciudadanos tengan la posibilidad de proteger los derechos ambientales para corregir da\u00f1os y resolver conflictos que afectan el ambiente bas\u00e1ndose en cuatro principios fundamentales: Mejora el acceso a la justicia ambiental; insta a que Chile tenga m\u00e1s participaci\u00f3n p\u00fablica; eleva los est\u00e1ndares de la generaci\u00f3n y entrega de informaci\u00f3n ambiental; y protege a defensoras y defensores de Derechos Humanos en materia ambiental.<\/p>\n<p style=\"text-align: justify;\">El pasado 22 de julio fue publicada en el Diario Oficial la Resoluci\u00f3n Exenta N\u00b0 4890\/90 del Ministerio del Medio Ambiente, que aprueba la estructura de Gobernanza del Acuerdo de Escaz\u00fa en Chile, institucionalizando formalmente la conformaci\u00f3n y funcionamiento del Consejo Nacional Estrat\u00e9gico P\u00fablico-Privado, los Comit\u00e9s Regionales por Escaz\u00fa, y las reglas que regir\u00e1n su funcionamiento democr\u00e1tico. Esta resoluci\u00f3n refuerza el despliegue del Plan Nacional de Implementaci\u00f3n Participativa del Acuerdo de Escaz\u00fa (PIPE) 2024\u20132030, que orienta la ejecuci\u00f3n progresiva del tratado en el pa\u00eds.<\/p>\n<p style=\"text-align: justify;\">En el marco del inicio del proceso de convocatoria a los Comit\u00e9s Regionales por Escaz\u00fa, se ha invitado a la ciudadan\u00eda de Ays\u00e9n a participar en la jornada de presentaci\u00f3n oficial del proceso de Gobernanza Escaz\u00fa en la regi\u00f3n, para ello\u00a0 coordinador nacional del Plan Nacional de Implementaci\u00f3n del Acuerdo de Escaz\u00fa en el Ministerio del Medio Ambiente, Gabriel Mendoza abord\u00f3 los avances en la implementaci\u00f3n del Acuerdo, los principales lineamientos de la gobernanza, su base normativa y las etapas del proceso de conformaci\u00f3n del Consejo Nacional de Escaz\u00fa y los Comit\u00e9s Regionales por Escaz\u00fa.<\/p>\n<p style=\"text-align: justify;\">El coordinador explic\u00f3 que en lo operativo el Plan de Implementaci\u00f3n defini\u00f3 una gobernanza para Escaz\u00fa en Chile, con un Consejo Nacional que va a tener 31 integrantes y distintas entidades del \u00e1mbito p\u00fablico, privado, sociedad civil y academia van a poder ser parte de esa instancia colaborativa para avanzar en la implementaci\u00f3n del acuerdo \u201ctambi\u00e9n se van a desarrollar gobernanzas regionales, una de las posibilidades es constituir comit\u00e9s regionales por Escaz\u00fa y eso es lo que estamos haciendo hoy d\u00eda ac\u00e1. Hay una decisi\u00f3n importante de la Regi\u00f3n de Ays\u00e9n de poder constituir un comit\u00e9 regional por Escaz\u00fa, y la invitaci\u00f3n es a ser parte de la gobernanza\u201d.<\/p>\n<p style=\"text-align: justify;\">Desde la ciudadan\u00eda , los participantes valoraron la convocatoria al espacio participativo \u201cmuy interesante la actividad que tuvimos, donde pudimos aprender de la implementaci\u00f3n del Acuerdo de Escaz\u00fa y de la tremenda oportunidad para los activistas ambientales, para las comunidades, de poder tener este marco regulatorio que es internacional y que tambi\u00e9n los protege y fomenta el acceso a la informaci\u00f3n y mayor el resguardo . para que las comunidades sigan pudiendo demandar vivir en un ambiente libre de contaminaci\u00f3n\u201d, declar\u00f3 la participante y Coordinadora de Comunidades Portal, Florencia Ben\u00edtez, mientras que el consultor ambiental Jos\u00e9 S\u00e1ez relev\u00f3 que \u201cyo creo que el impacto en general de todas estas pol\u00edticas siempre es positivo, sobre todo para la gente de esta regi\u00f3n que le interesa tanto los temas ambientales, donde se ha desarrollado tanto el tema de la defensa del medio ambiente (\u2026) es una herramienta para que la gente se informe y adem\u00e1s pueda participar\u201d.<\/p>\n<p style=\"text-align: justify;\">Finalmente el Seremi de Justicia y Derechos Humanos, Samuel Navarro, valor\u00f3 la instancia por cuanto \u201ces muy importante conocer el avance que estamos teniendo en la implementaci\u00f3n del Acuerdo de Escaz\u00fa, particularmente lo que es la gobernanza y c\u00f3mo las organizaciones y las personas pueden participar de esta gobernanza, que se pueden registrar, presentar candidaturas porque esto va a permitir hacer efectiva la participaci\u00f3n de la ciudadan\u00eda en materias tan importantes como el cuidado medioambiental, el acceso a la informaci\u00f3n y tambi\u00e9n de los defensores ambientales\u201d, concluy\u00f3.<\/p>\n<\/div><\/section><\/div><div  style='height:50px' class='hr hr-invisible   avia-builder-el-6  el_after_av_one_full  el_before_av_social_share '><span class='hr-inner ' ><span class='hr-inner-style'><\/span><\/span><\/div><\/p>\n<div  class='av-social-sharing-box  avia-builder-el-7  el_after_av_hr  el_before_av_hr  '><div class='av-share-box'><h5 class='av-share-link-description av-no-toc '>Compartir esta noticia<\/h5><ul class='av-share-box-list noLightbox'><li class='av-share-link av-social-link-facebook' ><a target=\"_blank\" aria-label=\"Compartir en Facebook\" href='https:\/\/www.facebook.com\/sharer.php?u=https:\/\/radiorevelacionfm.cl\/?p=57964&#038;t=Ays%C3%A9n%20se%20re%C3%BAne%20en%20encuentro%20ciudadano%20para%20la%20gobernanza%20del%20Acuerdo%20de%20Escaz%C3%BA' aria-hidden='false' data-av_icon='\ue8f3' data-av_iconfont='entypo-fontello' title='' data-avia-related-tooltip='Compartir en Facebook' rel=\"noopener\"><span class='avia_hidden_link_text'>Compartir en Facebook<\/span><\/a><\/li><li class='av-share-link av-social-link-twitter' ><a target=\"_blank\" aria-label=\"Compartir en Twitter\" href='https:\/\/twitter.com\/share?text=Ays%C3%A9n%20se%20re%C3%BAne%20en%20encuentro%20ciudadano%20para%20la%20gobernanza%20del%20Acuerdo%20de%20Escaz%C3%BA&#038;url=https:\/\/radiorevelacionfm.cl\/?p=57964' aria-hidden='false' data-av_icon='\ue8f1' data-av_iconfont='entypo-fontello' title='' data-avia-related-tooltip='Compartir en Twitter' rel=\"noopener\"><span class='avia_hidden_link_text'>Compartir en Twitter<\/span><\/a><\/li><li class='av-share-link av-social-link-whatsapp' ><a target=\"_blank\" aria-label=\"Compartir en Whatsapp\" href='https:\/\/api.whatsapp.com\/send?text=https:\/\/radiorevelacionfm.cl\/?p=57964' aria-hidden='false' data-av_icon='\uf232' data-av_iconfont='entypo-fontello' title='' data-avia-related-tooltip='Compartir en Whatsapp' rel=\"noopener\"><span class='avia_hidden_link_text'>Compartir en Whatsapp<\/span><\/a><\/li><li class='av-share-link av-social-link-linkedin' ><a target=\"_blank\" aria-label=\"Compartir en LinkedIn\" href='https:\/\/linkedin.com\/shareArticle?mini=true&#038;title=Ays%C3%A9n%20se%20re%C3%BAne%20en%20encuentro%20ciudadano%20para%20la%20gobernanza%20del%20Acuerdo%20de%20Escaz%C3%BA&#038;url=https:\/\/radiorevelacionfm.cl\/?p=57964' aria-hidden='false' data-av_icon='\ue8fc' data-av_iconfont='entypo-fontello' title='' data-avia-related-tooltip='Compartir en LinkedIn' rel=\"noopener\"><span class='avia_hidden_link_text'>Compartir en LinkedIn<\/span><\/a><\/li><li class='av-share-link av-social-link-mail' ><a  aria-label=\"Compartir por correo\" href='mailto:?subject=Ays%C3%A9n%20se%20re%C3%BAne%20en%20encuentro%20ciudadano%20para%20la%20gobernanza%20del%20Acuerdo%20de%20Escaz%C3%BA&#038;body=https:\/\/radiorevelacionfm.cl\/?p=57964' aria-hidden='false' data-av_icon='\ue805' data-av_iconfont='entypo-fontello' title='' data-avia-related-tooltip='Compartir por correo'><span class='avia_hidden_link_text'>Compartir por correo<\/span><\/a><\/li><\/ul><\/div><\/div>\n<div  style='height:50px' class='hr hr-invisible   avia-builder-el-8  el_after_av_social_share  el_before_av_comments_list '><span class='hr-inner ' ><span class='hr-inner-style'><\/span><\/span><\/div>\n<div  class='av-buildercomment  av-blog-meta-html-info-disabled av-blog-meta-tag-disabled  '><\/div>\n","protected":false},"excerpt":{"rendered":"","protected":false},"author":1,"featured_media":57965,"comment_status":"closed","ping_status":"closed","sticky":false,"template":"","format":"standard","meta":{"footnotes":""},"categories":[39],"tags":[],"class_list":["post-57964","post","type-post","status-publish","format-standard","has-post-thumbnail","hentry","category-medio-ambiente"],"jetpack_featured_media_url":"https:\/\/radiorevelacionfm.cl\/wp-content\/uploads\/2025\/08\/IMG_4073-1-1.jpg","_links":{"self":[{"href":"https:\/\/radiorevelacionfm.cl\/index.php?rest_route=\/wp\/v2\/posts\/57964","targetHints":{"allow":["GET"]}}],"collection":[{"href":"https:\/\/radiorevelacionfm.cl\/index.php?rest_route=\/wp\/v2\/posts"}],"about":[{"href":"https:\/\/radiorevelacionfm.cl\/index.php?rest_route=\/wp\/v2\/types\/post"}],"author":[{"embeddable":true,"href":"https:\/\/radiorevelacionfm.cl\/index.php?rest_route=\/wp\/v2\/users\/1"}],"replies":[{"embeddable":true,"href":"https:\/\/radiorevelacionfm.cl\/index.php?rest_route=%2Fwp%2Fv2%2Fcomments&post=57964"}],"version-history":[{"count":2,"href":"https:\/\/radiorevelacionfm.cl\/index.php?rest_route=\/wp\/v2\/posts\/57964\/revisions"}],"predecessor-version":[{"id":57979,"href":"https:\/\/radiorevelacionfm.cl\/index.php?rest_route=\/wp\/v2\/posts\/57964\/revisions\/57979"}],"wp:featuredmedia":[{"embeddable":true,"href":"https:\/\/radiorevelacionfm.cl\/index.php?rest_route=\/wp\/v2\/media\/57965"}],"wp:attachment":[{"href":"https:\/\/radiorevelacionfm.cl\/index.php?rest_route=%2Fwp%2Fv2%2Fmedia&parent=57964"}],"wp:term":[{"taxonomy":"category","embeddable":true,"href":"https:\/\/radiorevelacionfm.cl\/index.php?rest_route=%2Fwp%2Fv2%2Fcategories&post=57964"},{"taxonomy":"post_tag","embeddable":true,"href":"https:\/\/radiorevelacionfm.cl\/index.php?rest_route=%2Fwp%2Fv2%2Ftags&post=57964"}],"curies":[{"name":"wp","href":"https:\/\/api.w.org\/{rel}","templated":true}]}}