{"id":57960,"date":"2025-08-18T18:41:52","date_gmt":"2025-08-18T21:41:52","guid":{"rendered":"https:\/\/radiorevelacionfm.cl\/?p=57960"},"modified":"2025-08-18T18:41:52","modified_gmt":"2025-08-18T21:41:52","slug":"condenan-a-dos-ex-detectives-por-faltar-maliciosamente-a-la-verdad-en-un-informe-policial","status":"publish","type":"post","link":"https:\/\/radiorevelacionfm.cl\/?p=57960","title":{"rendered":"Condenan a dos ex detectives por faltar maliciosamente a la verdad en un informe policial"},"content":{"rendered":"<div class=\"flex_column av_one_full  flex_column_div av-zero-column-padding first  avia-builder-el-0  el_before_av_one_full  avia-builder-el-first  \" style='border-radius:0px; '><div  class='avia-image-container  av-styling-    avia-builder-el-1  avia-builder-el-no-sibling  avia-align-center '  itemprop=\"image\" itemscope=\"itemscope\" itemtype=\"https:\/\/schema.org\/ImageObject\"  ><div class='avia-image-container-inner'><div class='avia-image-overlay-wrap'><img decoding=\"async\" class='wp-image-57961 avia-img-lazy-loading-not-57961 avia_image' src=\"https:\/\/radiorevelacionfm.cl\/wp-content\/uploads\/2025\/08\/Fiscalia_Frontis-1-1.jpeg\" alt='' title='Fiscalia_Frontis (1) (1)' height=\"600\" width=\"800\"  itemprop=\"thumbnailUrl\" srcset=\"https:\/\/radiorevelacionfm.cl\/wp-content\/uploads\/2025\/08\/Fiscalia_Frontis-1-1.jpeg 800w, https:\/\/radiorevelacionfm.cl\/wp-content\/uploads\/2025\/08\/Fiscalia_Frontis-1-1-300x225.jpeg 300w, https:\/\/radiorevelacionfm.cl\/wp-content\/uploads\/2025\/08\/Fiscalia_Frontis-1-1-768x576.jpeg 768w, https:\/\/radiorevelacionfm.cl\/wp-content\/uploads\/2025\/08\/Fiscalia_Frontis-1-1-705x529.jpeg 705w, https:\/\/radiorevelacionfm.cl\/wp-content\/uploads\/2025\/08\/Fiscalia_Frontis-1-1-450x338.jpeg 450w, https:\/\/radiorevelacionfm.cl\/wp-content\/uploads\/2025\/08\/Fiscalia_Frontis-1-1-600x450.jpeg 600w\" sizes=\"(max-width: 800px) 100vw, 800px\" \/><\/div><\/div><\/div><\/div><div class=\"flex_column av_one_full  flex_column_div av-zero-column-padding first  avia-builder-el-2  el_after_av_one_full  el_before_av_one_full  column-top-margin\" style='border-radius:0px; '><section class=\"av_textblock_section \"  itemscope=\"itemscope\" itemtype=\"https:\/\/schema.org\/BlogPosting\" itemprop=\"blogPost\" ><div class='avia_textblock  '   itemprop=\"text\" ><p style=\"text-align: center;\"><span style=\"font-size: 18pt;\"><b>Condenan a dos ex detectives por faltar maliciosamente a la verdad en un informe policial<\/b><\/span><\/p>\n<div id=\"gtx-trans\" style=\"position: absolute; left: -50px; top: 4.31534px;\">\n<div class=\"gtx-trans-icon\"><\/div>\n<\/div>\n<\/div><\/section><\/div><div class=\"flex_column av_one_full  flex_column_div av-zero-column-padding first  avia-builder-el-4  el_after_av_one_full  el_before_av_hr  column-top-margin\" style='border-radius:0px; '><section class=\"av_textblock_section \"  itemscope=\"itemscope\" itemtype=\"https:\/\/schema.org\/BlogPosting\" itemprop=\"blogPost\" ><div class='avia_textblock  '   itemprop=\"text\" ><p style=\"font-weight: 400; text-align: justify;\">El Tribunal de Juicio Oral en Lo Penal los conden\u00f3 a 600 d\u00edas de presidio menor en su grado medio, con la medida sustitutiva de remisi\u00f3n condicional de la pena.<\/p>\n<p style=\"font-weight: 400; text-align: justify;\">El Tribunal de Juicio Oral en Lo Penal de Coyhaique conden\u00f3, previa deliberaci\u00f3n y valoraci\u00f3n de la prueba rendida, a dos ex detectives de la PDI, como autores del delito de faltar maliciosamente a la verdad en un informe policial, previsto y sancionado en el art\u00edculo 22 de la Ley Org\u00e1nica de la Polic\u00eda de Investigaciones de Chile, hechos ocurridos los d\u00edas 26 y 27 de agosto de 2023 en la comuna de Ays\u00e9n.<\/p>\n<p style=\"font-weight: 400; text-align: justify;\">La direcci\u00f3n de la investigaci\u00f3n de este caso estuvo a cargo del Fiscal Adjunto de la Unidad de An\u00e1lisis Criminal y Focos Investigativos (SACFI), Jaime Rojas Gatica, quien coordin\u00f3 diligencias con detectives del Departamento V de la Polic\u00eda de Investigaciones de Chile. Como querellante de esta causa particip\u00f3 el Consejo de Defensa del Estado.<\/p>\n<p style=\"font-weight: 400; text-align: justify;\">Los imputados fueron condenados a 600 d\u00edas de presidio menor en su grado medio. Al cumplir con los requisitos de la ley 18.216, el Tribunal aplic\u00f3 a los imputados la medida sustitutiva de remisi\u00f3n condicional de la pena.<\/p>\n<p style=\"font-weight: 400; text-align: justify;\">Este caso se origina en el marco de una investigaci\u00f3n donde se incautaron 6 kilos 381 gramos de marihuana y 22 gramos de ketamina, droga avaluada en m\u00e1s de 96 millones de pesos y donde la imputada de 27 a\u00f1os, fue condenada en un Procedimiento Abreviado efectuado ante el Juzgado de Garant\u00eda de Puerto Ays\u00e9n.<\/p>\n<p style=\"font-weight: 400; text-align: justify;\">JUICIO ORAL<\/p>\n<p style=\"font-weight: 400; text-align: justify;\">De acuerdo a lo expuesto en el juicio oral por el Fiscal Adjunto (s), Mat\u00edas Manzano Aguayo, el 26 de agosto de 2023, antes del mediod\u00eda, oficiales de la Brigada Antinarc\u00f3ticos y contra el Crimen Organizado de la PDI, efectuaron un procedimiento de entrega vigilada en Puerto Ays\u00e9n, el cual est\u00e1 regulado por la Ley 20.000 de Drogas.<\/p>\n<p style=\"font-weight: 400; text-align: justify;\">Las dos cajas de encomienda, donde previamente se hab\u00eda descubierto droga, fueron recibidas por la imputada quien las guard\u00f3 en un veh\u00edculo de su propiedad que estaba en la v\u00eda p\u00fablica. Tras lo anterior, se efectu\u00f3 el allanamiento de la vivienda, procediendo los polic\u00edas a la detenci\u00f3n de la imputada por el delito flagrante de tr\u00e1fico de drogas.<\/p>\n<p style=\"font-weight: 400; text-align: justify;\">Sin embargo, los dos ex funcionarios de la PDI -ahora condenados-, consignaron maliciosamente en el parte policial que remitieron a la Fiscal\u00eda, que dichas cajas hab\u00edan sido ingresadas por la imputada al inmueble, lo cual era falso, habiendo incluso uno de los sentenciados dado la orden a otro funcionario para trasladar dichas encomiendas al interior de la vivienda, luego de que la imputada fue detenida.<\/p>\n<p style=\"font-weight: 400; text-align: justify;\">La lectura se sentencia se efectu\u00f3 la tarde de este lunes en el Tribunal de Juicio Oral en Lo Penal de Coyhaique.<\/p>\n<\/div><\/section><\/div><div  style='height:50px' class='hr hr-invisible   avia-builder-el-6  el_after_av_one_full  el_before_av_social_share '><span class='hr-inner ' ><span class='hr-inner-style'><\/span><\/span><\/div><\/p>\n<div  class='av-social-sharing-box  avia-builder-el-7  el_after_av_hr  el_before_av_hr  '><div class='av-share-box'><h5 class='av-share-link-description av-no-toc '>Compartir esta noticia<\/h5><ul class='av-share-box-list noLightbox'><li class='av-share-link av-social-link-facebook' ><a target=\"_blank\" aria-label=\"Compartir en Facebook\" href='https:\/\/www.facebook.com\/sharer.php?u=https:\/\/radiorevelacionfm.cl\/?p=57960&#038;t=Condenan%20a%20dos%20ex%20detectives%20por%20faltar%20maliciosamente%20a%20la%20verdad%20en%20un%20informe%20policial' aria-hidden='false' data-av_icon='\ue8f3' data-av_iconfont='entypo-fontello' title='' data-avia-related-tooltip='Compartir en Facebook' rel=\"noopener\"><span class='avia_hidden_link_text'>Compartir en Facebook<\/span><\/a><\/li><li class='av-share-link av-social-link-twitter' ><a target=\"_blank\" aria-label=\"Compartir en Twitter\" href='https:\/\/twitter.com\/share?text=Condenan%20a%20dos%20ex%20detectives%20por%20faltar%20maliciosamente%20a%20la%20verdad%20en%20un%20informe%20policial&#038;url=https:\/\/radiorevelacionfm.cl\/?p=57960' aria-hidden='false' data-av_icon='\ue8f1' data-av_iconfont='entypo-fontello' title='' data-avia-related-tooltip='Compartir en Twitter' rel=\"noopener\"><span class='avia_hidden_link_text'>Compartir en Twitter<\/span><\/a><\/li><li class='av-share-link av-social-link-whatsapp' ><a target=\"_blank\" aria-label=\"Compartir en Whatsapp\" href='https:\/\/api.whatsapp.com\/send?text=https:\/\/radiorevelacionfm.cl\/?p=57960' aria-hidden='false' data-av_icon='\uf232' data-av_iconfont='entypo-fontello' title='' data-avia-related-tooltip='Compartir en Whatsapp' rel=\"noopener\"><span class='avia_hidden_link_text'>Compartir en Whatsapp<\/span><\/a><\/li><li class='av-share-link av-social-link-linkedin' ><a target=\"_blank\" aria-label=\"Compartir en LinkedIn\" href='https:\/\/linkedin.com\/shareArticle?mini=true&#038;title=Condenan%20a%20dos%20ex%20detectives%20por%20faltar%20maliciosamente%20a%20la%20verdad%20en%20un%20informe%20policial&#038;url=https:\/\/radiorevelacionfm.cl\/?p=57960' aria-hidden='false' data-av_icon='\ue8fc' data-av_iconfont='entypo-fontello' title='' data-avia-related-tooltip='Compartir en LinkedIn' rel=\"noopener\"><span class='avia_hidden_link_text'>Compartir en LinkedIn<\/span><\/a><\/li><li class='av-share-link av-social-link-mail' ><a  aria-label=\"Compartir por correo\" href='mailto:?subject=Condenan%20a%20dos%20ex%20detectives%20por%20faltar%20maliciosamente%20a%20la%20verdad%20en%20un%20informe%20policial&#038;body=https:\/\/radiorevelacionfm.cl\/?p=57960' aria-hidden='false' data-av_icon='\ue805' data-av_iconfont='entypo-fontello' title='' data-avia-related-tooltip='Compartir por correo'><span class='avia_hidden_link_text'>Compartir por correo<\/span><\/a><\/li><\/ul><\/div><\/div>\n<div  style='height:50px' class='hr hr-invisible   avia-builder-el-8  el_after_av_social_share  el_before_av_comments_list '><span class='hr-inner ' ><span class='hr-inner-style'><\/span><\/span><\/div>\n<div  class='av-buildercomment  av-blog-meta-html-info-disabled av-blog-meta-tag-disabled  '><\/div>\n","protected":false},"excerpt":{"rendered":"","protected":false},"author":1,"featured_media":57961,"comment_status":"closed","ping_status":"closed","sticky":false,"template":"","format":"standard","meta":{"footnotes":""},"categories":[55],"tags":[],"class_list":["post-57960","post","type-post","status-publish","format-standard","has-post-thumbnail","hentry","category-justicia"],"jetpack_featured_media_url":"https:\/\/radiorevelacionfm.cl\/wp-content\/uploads\/2025\/08\/Fiscalia_Frontis-1-1.jpeg","_links":{"self":[{"href":"https:\/\/radiorevelacionfm.cl\/index.php?rest_route=\/wp\/v2\/posts\/57960","targetHints":{"allow":["GET"]}}],"collection":[{"href":"https:\/\/radiorevelacionfm.cl\/index.php?rest_route=\/wp\/v2\/posts"}],"about":[{"href":"https:\/\/radiorevelacionfm.cl\/index.php?rest_route=\/wp\/v2\/types\/post"}],"author":[{"embeddable":true,"href":"https:\/\/radiorevelacionfm.cl\/index.php?rest_route=\/wp\/v2\/users\/1"}],"replies":[{"embeddable":true,"href":"https:\/\/radiorevelacionfm.cl\/index.php?rest_route=%2Fwp%2Fv2%2Fcomments&post=57960"}],"version-history":[{"count":2,"href":"https:\/\/radiorevelacionfm.cl\/index.php?rest_route=\/wp\/v2\/posts\/57960\/revisions"}],"predecessor-version":[{"id":57963,"href":"https:\/\/radiorevelacionfm.cl\/index.php?rest_route=\/wp\/v2\/posts\/57960\/revisions\/57963"}],"wp:featuredmedia":[{"embeddable":true,"href":"https:\/\/radiorevelacionfm.cl\/index.php?rest_route=\/wp\/v2\/media\/57961"}],"wp:attachment":[{"href":"https:\/\/radiorevelacionfm.cl\/index.php?rest_route=%2Fwp%2Fv2%2Fmedia&parent=57960"}],"wp:term":[{"taxonomy":"category","embeddable":true,"href":"https:\/\/radiorevelacionfm.cl\/index.php?rest_route=%2Fwp%2Fv2%2Fcategories&post=57960"},{"taxonomy":"post_tag","embeddable":true,"href":"https:\/\/radiorevelacionfm.cl\/index.php?rest_route=%2Fwp%2Fv2%2Ftags&post=57960"}],"curies":[{"name":"wp","href":"https:\/\/api.w.org\/{rel}","templated":true}]}}