{"id":57952,"date":"2025-08-18T17:15:34","date_gmt":"2025-08-18T20:15:34","guid":{"rendered":"https:\/\/radiorevelacionfm.cl\/?p=57952"},"modified":"2025-08-18T17:15:34","modified_gmt":"2025-08-18T20:15:34","slug":"prochile-abre-camino-a-bitter-onok-desde-la-patagonia-hasta-la-expo-osaka-en-japon","status":"publish","type":"post","link":"https:\/\/radiorevelacionfm.cl\/?p=57952","title":{"rendered":"ProChile abre camino a Bitter Onok desde la Patagonia hasta la Expo Osaka en Jap\u00f3n"},"content":{"rendered":"<div class=\"flex_column av_one_full  flex_column_div av-zero-column-padding first  avia-builder-el-0  el_before_av_one_full  avia-builder-el-first  \" style='border-radius:0px; '><div  class='avia-image-container  av-styling-    avia-builder-el-1  avia-builder-el-no-sibling  avia-align-center '  itemprop=\"image\" itemscope=\"itemscope\" itemtype=\"https:\/\/schema.org\/ImageObject\"  ><div class='avia-image-container-inner'><div class='avia-image-overlay-wrap'><img decoding=\"async\" class='wp-image-57953 avia-img-lazy-loading-not-57953 avia_image' src=\"https:\/\/radiorevelacionfm.cl\/wp-content\/uploads\/2025\/08\/unnamed-57-1-1.jpg\" alt='' title='unnamed (57) (1) (1)' height=\"600\" width=\"800\"  itemprop=\"thumbnailUrl\" srcset=\"https:\/\/radiorevelacionfm.cl\/wp-content\/uploads\/2025\/08\/unnamed-57-1-1.jpg 800w, https:\/\/radiorevelacionfm.cl\/wp-content\/uploads\/2025\/08\/unnamed-57-1-1-300x225.jpg 300w, https:\/\/radiorevelacionfm.cl\/wp-content\/uploads\/2025\/08\/unnamed-57-1-1-768x576.jpg 768w, https:\/\/radiorevelacionfm.cl\/wp-content\/uploads\/2025\/08\/unnamed-57-1-1-705x529.jpg 705w, https:\/\/radiorevelacionfm.cl\/wp-content\/uploads\/2025\/08\/unnamed-57-1-1-450x338.jpg 450w, https:\/\/radiorevelacionfm.cl\/wp-content\/uploads\/2025\/08\/unnamed-57-1-1-600x450.jpg 600w\" sizes=\"(max-width: 800px) 100vw, 800px\" \/><\/div><\/div><\/div><\/div><div class=\"flex_column av_one_full  flex_column_div av-zero-column-padding first  avia-builder-el-2  el_after_av_one_full  el_before_av_one_full  column-top-margin\" style='border-radius:0px; '><section class=\"av_textblock_section \"  itemscope=\"itemscope\" itemtype=\"https:\/\/schema.org\/BlogPosting\" itemprop=\"blogPost\" ><div class='avia_textblock  '   itemprop=\"text\" ><p style=\"text-align: center;\"><strong><span style=\"font-size: 18pt;\">ProChile abre camino a Bitter Onok desde la Patagonia hasta la Expo Osaka en Jap\u00f3n\u00a0<\/span><\/strong><\/p>\n<div id=\"gtx-trans\" style=\"position: absolute; left: -50px; top: 4.31534px;\">\n<div class=\"gtx-trans-icon\"><\/div>\n<\/div>\n<\/div><\/section><\/div><div class=\"flex_column av_one_full  flex_column_div av-zero-column-padding first  avia-builder-el-4  el_after_av_one_full  el_before_av_hr  column-top-margin\" style='border-radius:0px; '><section class=\"av_textblock_section \"  itemscope=\"itemscope\" itemtype=\"https:\/\/schema.org\/BlogPosting\" itemprop=\"blogPost\" ><div class='avia_textblock  '   itemprop=\"text\" ><p style=\"text-align: justify;\"><em>La destiler\u00eda artesanal de Cristian Salin Torres y Cristian Pailamilla Osses llev\u00f3 su licor patag\u00f3nico a una vitrina internacional, gracias al apoyo de la Oficina Regional de ProChile en Ays\u00e9n.\u00a0<\/em><\/p>\n<p style=\"text-align: justify;\">El licor artesanal Bitter Onok, elaborado en la regi\u00f3n de Ays\u00e9n con frutos y hierbas nativos de la Patagonia, vivi\u00f3 recientemente su primera experiencia internacional al presentarse en la Expo Osaka 2025 en Jap\u00f3n. Este logro fue posible gracias al apoyo de la Oficina Regional de ProChile en Ays\u00e9n, que gestion\u00f3 la participaci\u00f3n de la empresa en esta importante vitrina global.<\/p>\n<p style=\"text-align: justify;\">Chile tiene un pabell\u00f3n pa\u00eds en la Expo Osaka 2025, la cual dura 6 meses entre el 13 de abril y el 13 de octubre, con el \u201cMak\u00fcn: El Manto de Chile\u201d, un telar de lana de oveja de 242 metros cuadrados tejido por artesanas mapuche.<\/p>\n<p style=\"text-align: justify;\">Bitter Onok es fruto del trabajo conjunto de\u00a0Cristian Salin Torres y Cristian Pailamilla Osses, quienes combinan experiencia t\u00e9cnica e innovaci\u00f3n para producir un licor macerado con hasta 20 ingredientes locales, entre ellos calafate, maqui, zarzaparrilla y paramela. Elaborado con un proceso artesanal y sostenible, el producto destaca por su car\u00e1cter \u00fanico y sus notas amargas, dise\u00f1adas para ser apreciadas como bajativo o en cocteler\u00eda de autor.<\/p>\n<p style=\"text-align: justify;\">\u201cPara nosotros, participar en la Expo Osaka 2025 fue un paso enorme. No lo ten\u00edamos en nuestros planes inmediatos, pero gracias a ProChile pudimos mostrar nuestro licor a un p\u00fablico internacional y recibir una retroalimentaci\u00f3n muy positiva. Esto nos motiva a seguir mejorando y a proyectarnos hacia nuevos mercados\u201d, se\u00f1al\u00f3 Cristian Pailamilla Osses.<\/p>\n<p style=\"text-align: justify;\">Desde ProChile, el director regional en Ays\u00e9n, Jaime Poblete, valor\u00f3 la proyecci\u00f3n de la marca: \u201cBitter Onok representa de manera aut\u00e9ntica a la Patagonia, no solo por sus ingredientes end\u00e9micos, sino tambi\u00e9n por su compromiso con la sostenibilidad. Nuestro objetivo es que empresas como esta puedan mostrar al mundo lo que la regi\u00f3n es capaz de producir con calidad y originalidad\u201d.<\/p>\n<p style=\"text-align: justify;\">El origen del nombre Onok, palabra tehuelche que significa \u201cOeste\u201d, refleja la identidad territorial de un proyecto que busca ser embajador de Ays\u00e9n. Sus fundadores, adem\u00e1s, aplican pr\u00e1cticas de econom\u00eda circular, reutilizando botellas de vidrio recolectadas y sanitizadas en su propia planta, lo que refuerza su compromiso medioambiental.<\/p>\n<p style=\"text-align: justify;\">Tras la experiencia en Jap\u00f3n, la destiler\u00eda mira hacia nuevos desaf\u00edos. Entre ellos, aumentar su capacidad de producci\u00f3n, afianzar su presencia en el mercado nacional y participar en ferias internacionales como ProWine en Brasil. Su meta es clara: posicionar a Bitter Onok como un licor premium que lleve el sabor y la esencia de la Patagonia a distintas partes del mundo.<\/p>\n<p style=\"text-align: justify;\">Actualmente, el producto se comercializa en la regi\u00f3n de Ays\u00e9n y en ciudades como Santiago, Arica, Puerto Natales e incluso Isla de Pascua, donde turistas y residentes valoran su car\u00e1cter artesanal y la historia que encierra cada botella. La empresa apuesta a que quienes visiten la Patagonia puedan llevarse un recuerdo aut\u00e9ntico y con identidad regional.<\/p>\n<p style=\"text-align: justify;\">En el mediano plazo, los socios proyectan optimizar el proceso de embotellado e incorporar mejoras en la planta de producci\u00f3n, manteniendo la esencia del producto y el abastecimiento con materias primas recolectadas a mano. \u201cNo queremos crecer perdiendo lo que nos hace \u00fanicos; nuestra idea es que Bitter Onok siga siendo un licor que cuenta una historia y que conserve el alma patag\u00f3nica en cada sorbo\u201d, afirm\u00f3 Pailamilla.<\/p>\n<\/div><\/section><\/div><div  style='height:50px' class='hr hr-invisible   avia-builder-el-6  el_after_av_one_full  el_before_av_social_share '><span class='hr-inner ' ><span class='hr-inner-style'><\/span><\/span><\/div><\/p>\n<div  class='av-social-sharing-box  avia-builder-el-7  el_after_av_hr  el_before_av_hr  '><div class='av-share-box'><h5 class='av-share-link-description av-no-toc '>Compartir esta noticia<\/h5><ul class='av-share-box-list noLightbox'><li class='av-share-link av-social-link-facebook' ><a target=\"_blank\" aria-label=\"Compartir en Facebook\" href='https:\/\/www.facebook.com\/sharer.php?u=https:\/\/radiorevelacionfm.cl\/?p=57952&#038;t=ProChile%20abre%20camino%20a%20Bitter%20Onok%20desde%20la%20Patagonia%20hasta%20la%20Expo%20Osaka%20en%20Jap%C3%B3n' aria-hidden='false' data-av_icon='\ue8f3' data-av_iconfont='entypo-fontello' title='' data-avia-related-tooltip='Compartir en Facebook' rel=\"noopener\"><span class='avia_hidden_link_text'>Compartir en Facebook<\/span><\/a><\/li><li class='av-share-link av-social-link-twitter' ><a target=\"_blank\" aria-label=\"Compartir en Twitter\" href='https:\/\/twitter.com\/share?text=ProChile%20abre%20camino%20a%20Bitter%20Onok%20desde%20la%20Patagonia%20hasta%20la%20Expo%20Osaka%20en%20Jap%C3%B3n&#038;url=https:\/\/radiorevelacionfm.cl\/?p=57952' aria-hidden='false' data-av_icon='\ue8f1' data-av_iconfont='entypo-fontello' title='' data-avia-related-tooltip='Compartir en Twitter' rel=\"noopener\"><span class='avia_hidden_link_text'>Compartir en Twitter<\/span><\/a><\/li><li class='av-share-link av-social-link-whatsapp' ><a target=\"_blank\" aria-label=\"Compartir en Whatsapp\" href='https:\/\/api.whatsapp.com\/send?text=https:\/\/radiorevelacionfm.cl\/?p=57952' aria-hidden='false' data-av_icon='\uf232' data-av_iconfont='entypo-fontello' title='' data-avia-related-tooltip='Compartir en Whatsapp' rel=\"noopener\"><span class='avia_hidden_link_text'>Compartir en Whatsapp<\/span><\/a><\/li><li class='av-share-link av-social-link-linkedin' ><a target=\"_blank\" aria-label=\"Compartir en LinkedIn\" href='https:\/\/linkedin.com\/shareArticle?mini=true&#038;title=ProChile%20abre%20camino%20a%20Bitter%20Onok%20desde%20la%20Patagonia%20hasta%20la%20Expo%20Osaka%20en%20Jap%C3%B3n&#038;url=https:\/\/radiorevelacionfm.cl\/?p=57952' aria-hidden='false' data-av_icon='\ue8fc' data-av_iconfont='entypo-fontello' title='' data-avia-related-tooltip='Compartir en LinkedIn' rel=\"noopener\"><span class='avia_hidden_link_text'>Compartir en LinkedIn<\/span><\/a><\/li><li class='av-share-link av-social-link-mail' ><a  aria-label=\"Compartir por correo\" href='mailto:?subject=ProChile%20abre%20camino%20a%20Bitter%20Onok%20desde%20la%20Patagonia%20hasta%20la%20Expo%20Osaka%20en%20Jap%C3%B3n&#038;body=https:\/\/radiorevelacionfm.cl\/?p=57952' aria-hidden='false' data-av_icon='\ue805' data-av_iconfont='entypo-fontello' title='' data-avia-related-tooltip='Compartir por correo'><span class='avia_hidden_link_text'>Compartir por correo<\/span><\/a><\/li><\/ul><\/div><\/div>\n<div  style='height:50px' class='hr hr-invisible   avia-builder-el-8  el_after_av_social_share  el_before_av_comments_list '><span class='hr-inner ' ><span class='hr-inner-style'><\/span><\/span><\/div>\n<div  class='av-buildercomment  av-blog-meta-html-info-disabled av-blog-meta-tag-disabled  '><\/div>\n","protected":false},"excerpt":{"rendered":"","protected":false},"author":1,"featured_media":57953,"comment_status":"closed","ping_status":"closed","sticky":false,"template":"","format":"standard","meta":{"footnotes":""},"categories":[38],"tags":[],"class_list":["post-57952","post","type-post","status-publish","format-standard","has-post-thumbnail","hentry","category-regional"],"jetpack_featured_media_url":"https:\/\/radiorevelacionfm.cl\/wp-content\/uploads\/2025\/08\/unnamed-57-1-1.jpg","_links":{"self":[{"href":"https:\/\/radiorevelacionfm.cl\/index.php?rest_route=\/wp\/v2\/posts\/57952","targetHints":{"allow":["GET"]}}],"collection":[{"href":"https:\/\/radiorevelacionfm.cl\/index.php?rest_route=\/wp\/v2\/posts"}],"about":[{"href":"https:\/\/radiorevelacionfm.cl\/index.php?rest_route=\/wp\/v2\/types\/post"}],"author":[{"embeddable":true,"href":"https:\/\/radiorevelacionfm.cl\/index.php?rest_route=\/wp\/v2\/users\/1"}],"replies":[{"embeddable":true,"href":"https:\/\/radiorevelacionfm.cl\/index.php?rest_route=%2Fwp%2Fv2%2Fcomments&post=57952"}],"version-history":[{"count":2,"href":"https:\/\/radiorevelacionfm.cl\/index.php?rest_route=\/wp\/v2\/posts\/57952\/revisions"}],"predecessor-version":[{"id":57955,"href":"https:\/\/radiorevelacionfm.cl\/index.php?rest_route=\/wp\/v2\/posts\/57952\/revisions\/57955"}],"wp:featuredmedia":[{"embeddable":true,"href":"https:\/\/radiorevelacionfm.cl\/index.php?rest_route=\/wp\/v2\/media\/57953"}],"wp:attachment":[{"href":"https:\/\/radiorevelacionfm.cl\/index.php?rest_route=%2Fwp%2Fv2%2Fmedia&parent=57952"}],"wp:term":[{"taxonomy":"category","embeddable":true,"href":"https:\/\/radiorevelacionfm.cl\/index.php?rest_route=%2Fwp%2Fv2%2Fcategories&post=57952"},{"taxonomy":"post_tag","embeddable":true,"href":"https:\/\/radiorevelacionfm.cl\/index.php?rest_route=%2Fwp%2Fv2%2Ftags&post=57952"}],"curies":[{"name":"wp","href":"https:\/\/api.w.org\/{rel}","templated":true}]}}