{"id":5795,"date":"2021-07-01T11:08:22","date_gmt":"2021-07-01T14:08:22","guid":{"rendered":"https:\/\/radiorevelacionfm.cl\/?p=5795"},"modified":"2021-07-01T11:08:22","modified_gmt":"2021-07-01T14:08:22","slug":"comite-de-genero-y-no-discriminacion-de-coyhaique-se-reune-en-torno-a-tematica-de-violencia-contra-la-mujer-y-acceso-a-la-justicia","status":"publish","type":"post","link":"https:\/\/radiorevelacionfm.cl\/?p=5795","title":{"rendered":"Comit\u00e9 de G\u00e9nero y No Discriminaci\u00f3n de Coyhaique se re\u00fane en torno a tem\u00e1tica de violencia contra la mujer y acceso a la justicia"},"content":{"rendered":"<div class=\"flex_column av_one_full  flex_column_div av-zero-column-padding first  avia-builder-el-0  el_before_av_one_full  avia-builder-el-first  \" style='border-radius:0px; '><div  class='avia-image-container  av-styling-    avia-builder-el-1  avia-builder-el-no-sibling  avia-align-center '  itemprop=\"image\" itemscope=\"itemscope\" itemtype=\"https:\/\/schema.org\/ImageObject\"  ><div class='avia-image-container-inner'><div class='avia-image-overlay-wrap'><img decoding=\"async\" class='wp-image-0 avia-img-lazy-loading-not-0 avia_image' src=\"https:\/\/radiorevelacionfm.cl\/wp-content\/uploads\/2021\/06\/foto-comite-1-1-1_optimized.jpg\" alt='' title=''   itemprop=\"thumbnailUrl\"  \/><\/div><\/div><\/div><\/div><div class=\"flex_column av_one_full  flex_column_div av-zero-column-padding first  avia-builder-el-2  el_after_av_one_full  el_before_av_one_full  column-top-margin\" style='border-radius:0px; '><section class=\"av_textblock_section \"  itemscope=\"itemscope\" itemtype=\"https:\/\/schema.org\/BlogPosting\" itemprop=\"blogPost\" ><div class='avia_textblock  '   itemprop=\"text\" ><p style=\"text-align: center;\"><strong><span style=\"font-size: 18pt;\">Comit\u00e9 de G\u00e9nero y No Discriminaci\u00f3n de Coyhaique se re\u00fane en torno a tem\u00e1tica de violencia contra la mujer y acceso a la justicia<\/span><\/strong><\/p>\n<div id=\"gtx-trans\" style=\"position: absolute; left: -50px; top: 4.31534px;\">\n<div class=\"gtx-trans-icon\"><\/div>\n<\/div>\n<\/div><\/section><\/div><div class=\"flex_column av_one_full  flex_column_div av-zero-column-padding first  avia-builder-el-4  el_after_av_one_full  el_before_av_hr  column-top-margin\" style='border-radius:0px; '><section class=\"av_textblock_section \"  itemscope=\"itemscope\" itemtype=\"https:\/\/schema.org\/BlogPosting\" itemprop=\"blogPost\" ><div class='avia_textblock  '   itemprop=\"text\" ><p style=\"font-weight: 400; text-align: justify;\">Conocer los resultados de la encuesta sobre \u201cAcceso a la justicia de las mujeres v\u00edctimas de violencia usuarias del Poder Judicial\u201d, fue el objetivo del Comit\u00e9 de G\u00e9nero y No Discriminaci\u00f3n de la jurisdicci\u00f3n Coyhaique, que convoc\u00f3 a jueces y funcionarios de los juzgados con competencia penal y de familia para identificar problem\u00e1ticas en estos \u00e1mbitos y levantar iniciativas que eviten revictimizar a mujeres y ni\u00f1as.<\/p>\n<p style=\"font-weight: 400; text-align: justify;\">En la instancia -desarrollada virtualmente- particip\u00f3 la presidenta de la Corte de Apelaciones, ministra Natalia Rencoret Oliva y el ministro coordinador de Asuntos de G\u00e9nero y No Discriminaci\u00f3n en la jurisdicci\u00f3n, Jos\u00e9 Ignacio Mora Trujillo.<\/p>\n<p style=\"font-weight: 400; text-align: justify;\">\u201cEsta tem\u00e1tica es de suma relevancia para nuestra labor, ya que como Poder del Estado tenemos una responsabilidad con las mujeres v\u00edctimas, la cual es evitar una sobre exposici\u00f3n de ellas respecto de un hecho de violencia. Y es una situaci\u00f3n que contempla desde la forma de recibirlas en un juzgado o tribunal, de acompa\u00f1arlas y por cierto de dar la privacidad necesaria para aquello. Lo cual fue el objetivo de esta reuni\u00f3n del comit\u00e9, donde se hicieron propuestas que apuntan a brindar un real acceso a la justicia, m\u00e1s aun considerando el confinamiento actual por el Covid-19, que ha generado un alza en los delitos de violencia\u201d, expres\u00f3 la ministra Natalia Rencoret.<\/p>\n<p style=\"font-weight: 400; text-align: justify;\">Por su parte, el ministro coordinador Jos\u00e9 Ignacio Mora, sostuvo que: \u201cQuedamos conformes con el trabajo realizado, hemos logrado detectar tanto por el trabajo del Comit\u00e9 y por esta reuni\u00f3n pr\u00e1ctica los nudos cr\u00edticos de la labor jurisdiccional, agradeciendo adem\u00e1s que los propios funcionarios y sus tribunales han aportado ideas para lograr este acceso real a la justicia, tanto en materia penal, familia como en los juzgados mixtos. Y tal como se resolvi\u00f3 en esta instancia, ya tenemos desaf\u00edos a nivel local como es la elaboraci\u00f3n de protocolos, generar una visi\u00f3n sist\u00e9mica de la violencia contra la mujer, evitar su revictimizaci\u00f3n, entre otras iniciativas que debemos elaborar en nuestra jurisdicci\u00f3n\u201d.<\/p>\n<p style=\"font-weight: 400; text-align: justify;\">La presentaci\u00f3n de la encuesta fue trabajo de la magistrada Javiera Alarc\u00f3n del Juzgado mixto de Cochrane e integrante de Comit\u00e9 de G\u00e9nero y No Discriminaci\u00f3n.<\/p>\n<\/div><\/section><\/div><div  style='height:50px' class='hr hr-invisible   avia-builder-el-6  el_after_av_one_full  el_before_av_social_share '><span class='hr-inner ' ><span class='hr-inner-style'><\/span><\/span><\/div><\/p>\n<div  class='av-social-sharing-box  avia-builder-el-7  el_after_av_hr  el_before_av_hr  '><div class='av-share-box'><h5 class='av-share-link-description av-no-toc '>Compartir esta noticia<\/h5><ul class='av-share-box-list noLightbox'><li class='av-share-link av-social-link-facebook' ><a target=\"_blank\" aria-label=\"Compartir en Facebook\" href='https:\/\/www.facebook.com\/sharer.php?u=https:\/\/radiorevelacionfm.cl\/?p=5795&#038;t=Comit%C3%A9%20de%20G%C3%A9nero%20y%20No%20Discriminaci%C3%B3n%20de%20Coyhaique%20se%20re%C3%BAne%20en%20torno%20a%20tem%C3%A1tica%20de%20violencia%20contra%20la%20mujer%20y%20acceso%20a%20la%20justicia' aria-hidden='false' data-av_icon='\ue8f3' data-av_iconfont='entypo-fontello' title='' data-avia-related-tooltip='Compartir en Facebook' rel=\"noopener\"><span class='avia_hidden_link_text'>Compartir en Facebook<\/span><\/a><\/li><li class='av-share-link av-social-link-twitter' ><a target=\"_blank\" aria-label=\"Compartir en Twitter\" href='https:\/\/twitter.com\/share?text=Comit%C3%A9%20de%20G%C3%A9nero%20y%20No%20Discriminaci%C3%B3n%20de%20Coyhaique%20se%20re%C3%BAne%20en%20torno%20a%20tem%C3%A1tica%20de%20violencia%20contra%20la%20mujer%20y%20acceso%20a%20la%20justicia&#038;url=https:\/\/radiorevelacionfm.cl\/?p=5795' aria-hidden='false' data-av_icon='\ue8f1' data-av_iconfont='entypo-fontello' title='' data-avia-related-tooltip='Compartir en Twitter' rel=\"noopener\"><span class='avia_hidden_link_text'>Compartir en Twitter<\/span><\/a><\/li><li class='av-share-link av-social-link-whatsapp' ><a target=\"_blank\" aria-label=\"Compartir en Whatsapp\" href='https:\/\/api.whatsapp.com\/send?text=https:\/\/radiorevelacionfm.cl\/?p=5795' aria-hidden='false' data-av_icon='\uf232' data-av_iconfont='entypo-fontello' title='' data-avia-related-tooltip='Compartir en Whatsapp' rel=\"noopener\"><span class='avia_hidden_link_text'>Compartir en Whatsapp<\/span><\/a><\/li><li class='av-share-link av-social-link-linkedin' ><a target=\"_blank\" aria-label=\"Compartir en LinkedIn\" href='https:\/\/linkedin.com\/shareArticle?mini=true&#038;title=Comit%C3%A9%20de%20G%C3%A9nero%20y%20No%20Discriminaci%C3%B3n%20de%20Coyhaique%20se%20re%C3%BAne%20en%20torno%20a%20tem%C3%A1tica%20de%20violencia%20contra%20la%20mujer%20y%20acceso%20a%20la%20justicia&#038;url=https:\/\/radiorevelacionfm.cl\/?p=5795' aria-hidden='false' data-av_icon='\ue8fc' data-av_iconfont='entypo-fontello' title='' data-avia-related-tooltip='Compartir en LinkedIn' rel=\"noopener\"><span class='avia_hidden_link_text'>Compartir en LinkedIn<\/span><\/a><\/li><li class='av-share-link av-social-link-mail' ><a  aria-label=\"Compartir por correo\" href='mailto:?subject=Comit%C3%A9%20de%20G%C3%A9nero%20y%20No%20Discriminaci%C3%B3n%20de%20Coyhaique%20se%20re%C3%BAne%20en%20torno%20a%20tem%C3%A1tica%20de%20violencia%20contra%20la%20mujer%20y%20acceso%20a%20la%20justicia&#038;body=https:\/\/radiorevelacionfm.cl\/?p=5795' aria-hidden='false' data-av_icon='\ue805' data-av_iconfont='entypo-fontello' title='' data-avia-related-tooltip='Compartir por correo'><span class='avia_hidden_link_text'>Compartir por correo<\/span><\/a><\/li><\/ul><\/div><\/div>\n<div  style='height:50px' class='hr hr-invisible   avia-builder-el-8  el_after_av_social_share  el_before_av_comments_list '><span class='hr-inner ' ><span class='hr-inner-style'><\/span><\/span><\/div>\n<div  class='av-buildercomment  av-blog-meta-html-info-disabled av-blog-meta-tag-disabled  '><\/div>\n","protected":false},"excerpt":{"rendered":"","protected":false},"author":1,"featured_media":0,"comment_status":"open","ping_status":"open","sticky":false,"template":"","format":"standard","meta":{"footnotes":""},"categories":[55],"tags":[],"class_list":["post-5795","post","type-post","status-publish","format-standard","hentry","category-justicia"],"jetpack_featured_media_url":"","_links":{"self":[{"href":"https:\/\/radiorevelacionfm.cl\/index.php?rest_route=\/wp\/v2\/posts\/5795","targetHints":{"allow":["GET"]}}],"collection":[{"href":"https:\/\/radiorevelacionfm.cl\/index.php?rest_route=\/wp\/v2\/posts"}],"about":[{"href":"https:\/\/radiorevelacionfm.cl\/index.php?rest_route=\/wp\/v2\/types\/post"}],"author":[{"embeddable":true,"href":"https:\/\/radiorevelacionfm.cl\/index.php?rest_route=\/wp\/v2\/users\/1"}],"replies":[{"embeddable":true,"href":"https:\/\/radiorevelacionfm.cl\/index.php?rest_route=%2Fwp%2Fv2%2Fcomments&post=5795"}],"version-history":[{"count":1,"href":"https:\/\/radiorevelacionfm.cl\/index.php?rest_route=\/wp\/v2\/posts\/5795\/revisions"}],"predecessor-version":[{"id":5797,"href":"https:\/\/radiorevelacionfm.cl\/index.php?rest_route=\/wp\/v2\/posts\/5795\/revisions\/5797"}],"wp:attachment":[{"href":"https:\/\/radiorevelacionfm.cl\/index.php?rest_route=%2Fwp%2Fv2%2Fmedia&parent=5795"}],"wp:term":[{"taxonomy":"category","embeddable":true,"href":"https:\/\/radiorevelacionfm.cl\/index.php?rest_route=%2Fwp%2Fv2%2Fcategories&post=5795"},{"taxonomy":"post_tag","embeddable":true,"href":"https:\/\/radiorevelacionfm.cl\/index.php?rest_route=%2Fwp%2Fv2%2Ftags&post=5795"}],"curies":[{"name":"wp","href":"https:\/\/api.w.org\/{rel}","templated":true}]}}