{"id":57948,"date":"2025-08-18T14:51:52","date_gmt":"2025-08-18T17:51:52","guid":{"rendered":"https:\/\/radiorevelacionfm.cl\/?p=57948"},"modified":"2025-08-18T14:51:52","modified_gmt":"2025-08-18T17:51:52","slug":"escuela-eusebio-ibar-schepeler-de-la-junta-gana-final-regional-del-torneo-delibera-2025","status":"publish","type":"post","link":"https:\/\/radiorevelacionfm.cl\/?p=57948","title":{"rendered":"Escuela Eusebio Ibar Schepeler de La Junta gana Final Regional del Torneo Delibera 2025"},"content":{"rendered":"<div class=\"flex_column av_one_full  flex_column_div av-zero-column-padding first  avia-builder-el-0  el_before_av_one_full  avia-builder-el-first  \" style='border-radius:0px; '><div  class='avia-image-container  av-styling-    avia-builder-el-1  avia-builder-el-no-sibling  avia-align-center '  itemprop=\"image\" itemscope=\"itemscope\" itemtype=\"https:\/\/schema.org\/ImageObject\"  ><div class='avia-image-container-inner'><div class='avia-image-overlay-wrap'><img decoding=\"async\" class='wp-image-57949 avia-img-lazy-loading-not-57949 avia_image' src=\"https:\/\/radiorevelacionfm.cl\/wp-content\/uploads\/2025\/08\/dsc00667-1_optimized.jpg\" alt='' title='dsc00667-(1)_optimized' height=\"600\" width=\"900\"  itemprop=\"thumbnailUrl\" srcset=\"https:\/\/radiorevelacionfm.cl\/wp-content\/uploads\/2025\/08\/dsc00667-1_optimized.jpg 900w, https:\/\/radiorevelacionfm.cl\/wp-content\/uploads\/2025\/08\/dsc00667-1_optimized-300x200.jpg 300w, https:\/\/radiorevelacionfm.cl\/wp-content\/uploads\/2025\/08\/dsc00667-1_optimized-768x512.jpg 768w, https:\/\/radiorevelacionfm.cl\/wp-content\/uploads\/2025\/08\/dsc00667-1_optimized-705x470.jpg 705w, https:\/\/radiorevelacionfm.cl\/wp-content\/uploads\/2025\/08\/dsc00667-1_optimized-450x300.jpg 450w, https:\/\/radiorevelacionfm.cl\/wp-content\/uploads\/2025\/08\/dsc00667-1_optimized-600x400.jpg 600w\" sizes=\"(max-width: 900px) 100vw, 900px\" \/><\/div><\/div><\/div><\/div><div class=\"flex_column av_one_full  flex_column_div av-zero-column-padding first  avia-builder-el-2  el_after_av_one_full  el_before_av_one_full  column-top-margin\" style='border-radius:0px; '><section class=\"av_textblock_section \"  itemscope=\"itemscope\" itemtype=\"https:\/\/schema.org\/BlogPosting\" itemprop=\"blogPost\" ><div class='avia_textblock  '   itemprop=\"text\" ><p style=\"text-align: center;\"><strong><span style=\"font-size: 18pt;\">Escuela Eusebio Ibar Schepeler de La Junta gana Final Regional del Torneo Delibera 2025\u00a0<\/span><\/strong><\/p>\n<div id=\"gtx-trans\" style=\"position: absolute; left: -50px; top: 4.31534px;\"><\/div>\n<\/div><\/section><\/div><div class=\"flex_column av_one_full  flex_column_div av-zero-column-padding first  avia-builder-el-4  el_after_av_one_full  el_before_av_hr  column-top-margin\" style='border-radius:0px; '><section class=\"av_textblock_section \"  itemscope=\"itemscope\" itemtype=\"https:\/\/schema.org\/BlogPosting\" itemprop=\"blogPost\" ><div class='avia_textblock  '   itemprop=\"text\" ><p style=\"text-align: justify;\"><em>El equipo regional representar\u00e1 a la regi\u00f3n en la final nacional que se desarrollar\u00e1 en octubre en Valpara\u00edso con la propuesta de ley \u201cFortalecimiento del sistema de cuidados de larga duraci\u00f3n\u201d.<\/em><\/p>\n<p style=\"text-align: justify;\">La Escuela Eusebio Ibar Schepeler de la localidad de La Junta, comuna de Cisnes, obtuvo el primer lugar en la Final Regional del Torneo Delibera 2025, instancia organizada por la Biblioteca del Congreso Nacional en conjunto con la Universidad de Ays\u00e9n, que reuni\u00f3 a j\u00f3venes de distintos puntos del territorio en una intensa jornada de debate realizada en el Sal\u00f3n Padre Antonio Ronchi del Gobierno Regional de Ays\u00e9n.<\/p>\n<p style=\"text-align: justify;\">Cabe se\u00f1alar que en esta edici\u00f3n participaron 22 equipos de establecimientos educacionales de la regi\u00f3n, de los cuales siete clasificaron a la gran final, presentando sus Iniciativas Juveniles de Ley ante el jurado.<\/p>\n<p style=\"text-align: justify;\">El equipo\u00a0Alfa Dinamita Buena Onda Maravilla Escuadr\u00f3n Lobo, de la Escuela Eusebio Ibar Schepeler, se adjudic\u00f3 el primer lugar con la propuesta de ley \u201cFortalecimiento del sistema de cuidados de larga duraci\u00f3n\u201d. Gracias a este logro, ser\u00e1n los encargados de representar a la Regi\u00f3n de Ays\u00e9n en la Final Nacional que se realizar\u00e1 en octubre en el Congreso Nacional, en Valpara\u00edso.<\/p>\n<p style=\"text-align: justify;\">El segundo lugar fue para el equipo\u00a0Altitos del Mackay, del Liceo Bicentenario Altos del Mackay de Coyhaique, mientras que el tercer lugar lo obtuvo el equipo\u00a0Iuris, del Colegio Alianza Austral de Coyhaique. En esta \u00faltima agrupaci\u00f3n, el estudiante Jos\u00e9 Rafael Posada fue adem\u00e1s reconocido como el mejor orador del torneo.<\/p>\n<p style=\"text-align: justify;\">El director general acad\u00e9mico de la Universidad de Ays\u00e9n, Marco Vega L\u00f3pez, valor\u00f3 la importancia de la instancia. \u201cEste espacio permite que estudiantes de toda la regi\u00f3n debatan, propongan y se proyecten en temas de gran relevancia. Felicitamos a la Escuela Eusebio Ibar, que nos representar\u00e1 en la final nacional, y agradecemos a los colegios, participantes y a las instituciones que hacen posible esta iniciativa\u201d, enfatiz\u00f3.<\/p>\n<p style=\"text-align: justify;\">Desde la mirada de los protagonistas, el estudiante Dylan Godoy, integrante del equipo ganador, afirm\u00f3 que \u201cfue una experiencia muy bonita, de mucho estudio y preparaci\u00f3n. Nuestra propuesta busca mejorar el apoyo a los adultos mayores en situaci\u00f3n de dependencia, y ahora nos preparamos con esfuerzo para representar de la mejor manera a la regi\u00f3n en Valpara\u00edso\u201d, expres\u00f3.<\/p>\n<p style=\"text-align: justify;\">Por su parte, la profesora de Lengua y Literatura de la Escuela Eusebio Ibar Schepeler, Denisse Zollner, se\u00f1al\u00f3 que \u201ceste es el segundo a\u00f1o consecutivo que nos corresponde representar a la regi\u00f3n. Estamos orgullosos de los estudiantes y felices de ver c\u00f3mo se va generando una verdadera cultura de oratoria y debate en la comunidad escolar\u201d.<\/p>\n<p style=\"text-align: justify;\">Cabe se\u00f1alar que el jurado de esta final regional estuvo compuesto por destacadas personalidades del \u00e1mbito acad\u00e9mico y jur\u00eddico. Particip\u00f3 M\u00f3nica Gamonal Villarroel, licenciada en Lengua y Literatura Inglesas y en Educaci\u00f3n, profesora de ingl\u00e9s por la Universidad de Chile y mag\u00edster en Educaci\u00f3n por la UMCE, quien actualmente se desempe\u00f1a como coordinadora de formaci\u00f3n transversal y docente en la Universidad de Ays\u00e9n. Junto a ella estuvo Sebasti\u00e1n Lagos Vera, abogado de la Pontificia Universidad Cat\u00f3lica de Chile y m\u00e1ster en Derecho Penal por la Universidad de Sevilla, con una amplia trayectoria en la Defensor\u00eda Penal P\u00fablica de Ays\u00e9n, donde ha ejercido en diversas jurisdicciones de la regi\u00f3n. Tambi\u00e9n integr\u00f3 el jurado Nicole Ram\u00edrez Concha, abogada de la Pontificia Universidad Cat\u00f3lica de Chile, diplomada en Litigaci\u00f3n Oral y Derecho Concursal, egresada de la Academia Judicial, relatora de la Corte de Apelaciones de Santiago y actualmente de la Ilustr\u00edsima Corte de Apelaciones de Coyhaique.<\/p>\n<p style=\"text-align: justify;\">La final regional del Torneo Delibera cont\u00f3 con la colaboraci\u00f3n de la Ilustr\u00edsima Corte de Apelaciones de Coyhaique y reafirma el valor del debate como espacio de formaci\u00f3n ciudadana, reflexi\u00f3n y participaci\u00f3n activa de las y los j\u00f3venes en los procesos democr\u00e1ticos.<\/p>\n<\/div><\/section><\/div><div  style='height:50px' class='hr hr-invisible   avia-builder-el-6  el_after_av_one_full  el_before_av_social_share '><span class='hr-inner ' ><span class='hr-inner-style'><\/span><\/span><\/div><\/p>\n<div  class='av-social-sharing-box  avia-builder-el-7  el_after_av_hr  el_before_av_hr  '><div class='av-share-box'><h5 class='av-share-link-description av-no-toc '>Compartir esta noticia<\/h5><ul class='av-share-box-list noLightbox'><li class='av-share-link av-social-link-facebook' ><a target=\"_blank\" aria-label=\"Compartir en Facebook\" href='https:\/\/www.facebook.com\/sharer.php?u=https:\/\/radiorevelacionfm.cl\/?p=57948&#038;t=Escuela%20Eusebio%20Ibar%20Schepeler%20de%20La%20Junta%20gana%20Final%20Regional%20del%20Torneo%20Delibera%202025' aria-hidden='false' data-av_icon='\ue8f3' data-av_iconfont='entypo-fontello' title='' data-avia-related-tooltip='Compartir en Facebook' rel=\"noopener\"><span class='avia_hidden_link_text'>Compartir en Facebook<\/span><\/a><\/li><li class='av-share-link av-social-link-twitter' ><a target=\"_blank\" aria-label=\"Compartir en Twitter\" href='https:\/\/twitter.com\/share?text=Escuela%20Eusebio%20Ibar%20Schepeler%20de%20La%20Junta%20gana%20Final%20Regional%20del%20Torneo%20Delibera%202025&#038;url=https:\/\/radiorevelacionfm.cl\/?p=57948' aria-hidden='false' data-av_icon='\ue8f1' data-av_iconfont='entypo-fontello' title='' data-avia-related-tooltip='Compartir en Twitter' rel=\"noopener\"><span class='avia_hidden_link_text'>Compartir en Twitter<\/span><\/a><\/li><li class='av-share-link av-social-link-whatsapp' ><a target=\"_blank\" aria-label=\"Compartir en Whatsapp\" href='https:\/\/api.whatsapp.com\/send?text=https:\/\/radiorevelacionfm.cl\/?p=57948' aria-hidden='false' data-av_icon='\uf232' data-av_iconfont='entypo-fontello' title='' data-avia-related-tooltip='Compartir en Whatsapp' rel=\"noopener\"><span class='avia_hidden_link_text'>Compartir en Whatsapp<\/span><\/a><\/li><li class='av-share-link av-social-link-linkedin' ><a target=\"_blank\" aria-label=\"Compartir en LinkedIn\" href='https:\/\/linkedin.com\/shareArticle?mini=true&#038;title=Escuela%20Eusebio%20Ibar%20Schepeler%20de%20La%20Junta%20gana%20Final%20Regional%20del%20Torneo%20Delibera%202025&#038;url=https:\/\/radiorevelacionfm.cl\/?p=57948' aria-hidden='false' data-av_icon='\ue8fc' data-av_iconfont='entypo-fontello' title='' data-avia-related-tooltip='Compartir en LinkedIn' rel=\"noopener\"><span class='avia_hidden_link_text'>Compartir en LinkedIn<\/span><\/a><\/li><li class='av-share-link av-social-link-mail' ><a  aria-label=\"Compartir por correo\" href='mailto:?subject=Escuela%20Eusebio%20Ibar%20Schepeler%20de%20La%20Junta%20gana%20Final%20Regional%20del%20Torneo%20Delibera%202025&#038;body=https:\/\/radiorevelacionfm.cl\/?p=57948' aria-hidden='false' data-av_icon='\ue805' data-av_iconfont='entypo-fontello' title='' data-avia-related-tooltip='Compartir por correo'><span class='avia_hidden_link_text'>Compartir por correo<\/span><\/a><\/li><\/ul><\/div><\/div>\n<div  style='height:50px' class='hr hr-invisible   avia-builder-el-8  el_after_av_social_share  el_before_av_comments_list '><span class='hr-inner ' ><span class='hr-inner-style'><\/span><\/span><\/div>\n<div  class='av-buildercomment  av-blog-meta-html-info-disabled av-blog-meta-tag-disabled  '><\/div>\n","protected":false},"excerpt":{"rendered":"","protected":false},"author":1,"featured_media":57949,"comment_status":"closed","ping_status":"closed","sticky":false,"template":"","format":"standard","meta":{"footnotes":""},"categories":[49],"tags":[],"class_list":["post-57948","post","type-post","status-publish","format-standard","has-post-thumbnail","hentry","category-educacion"],"jetpack_featured_media_url":"https:\/\/radiorevelacionfm.cl\/wp-content\/uploads\/2025\/08\/dsc00667-1_optimized.jpg","_links":{"self":[{"href":"https:\/\/radiorevelacionfm.cl\/index.php?rest_route=\/wp\/v2\/posts\/57948","targetHints":{"allow":["GET"]}}],"collection":[{"href":"https:\/\/radiorevelacionfm.cl\/index.php?rest_route=\/wp\/v2\/posts"}],"about":[{"href":"https:\/\/radiorevelacionfm.cl\/index.php?rest_route=\/wp\/v2\/types\/post"}],"author":[{"embeddable":true,"href":"https:\/\/radiorevelacionfm.cl\/index.php?rest_route=\/wp\/v2\/users\/1"}],"replies":[{"embeddable":true,"href":"https:\/\/radiorevelacionfm.cl\/index.php?rest_route=%2Fwp%2Fv2%2Fcomments&post=57948"}],"version-history":[{"count":2,"href":"https:\/\/radiorevelacionfm.cl\/index.php?rest_route=\/wp\/v2\/posts\/57948\/revisions"}],"predecessor-version":[{"id":57951,"href":"https:\/\/radiorevelacionfm.cl\/index.php?rest_route=\/wp\/v2\/posts\/57948\/revisions\/57951"}],"wp:featuredmedia":[{"embeddable":true,"href":"https:\/\/radiorevelacionfm.cl\/index.php?rest_route=\/wp\/v2\/media\/57949"}],"wp:attachment":[{"href":"https:\/\/radiorevelacionfm.cl\/index.php?rest_route=%2Fwp%2Fv2%2Fmedia&parent=57948"}],"wp:term":[{"taxonomy":"category","embeddable":true,"href":"https:\/\/radiorevelacionfm.cl\/index.php?rest_route=%2Fwp%2Fv2%2Fcategories&post=57948"},{"taxonomy":"post_tag","embeddable":true,"href":"https:\/\/radiorevelacionfm.cl\/index.php?rest_route=%2Fwp%2Fv2%2Ftags&post=57948"}],"curies":[{"name":"wp","href":"https:\/\/api.w.org\/{rel}","templated":true}]}}