{"id":57942,"date":"2025-08-18T10:53:12","date_gmt":"2025-08-18T13:53:12","guid":{"rendered":"https:\/\/radiorevelacionfm.cl\/?p=57942"},"modified":"2025-08-18T10:53:12","modified_gmt":"2025-08-18T13:53:12","slug":"brillante-participacion-de-chile-chico-en-la-expo-turismo-comodoro-2025","status":"publish","type":"post","link":"https:\/\/radiorevelacionfm.cl\/?p=57942","title":{"rendered":"Brillante participaci\u00f3n de Chile Chico en la Expo Turismo Comodoro 2025"},"content":{"rendered":"<div class=\"flex_column av_one_full  flex_column_div av-zero-column-padding first  avia-builder-el-0  el_before_av_one_full  avia-builder-el-first  \" style='border-radius:0px; '><div  class='avia-image-container  av-styling-    avia-builder-el-1  avia-builder-el-no-sibling  avia-align-center '  itemprop=\"image\" itemscope=\"itemscope\" itemtype=\"https:\/\/schema.org\/ImageObject\"  ><div class='avia-image-container-inner'><div class='avia-image-overlay-wrap'><img decoding=\"async\" class='wp-image-57943 avia-img-lazy-loading-not-57943 avia_image' src=\"https:\/\/radiorevelacionfm.cl\/wp-content\/uploads\/2025\/08\/whatsapp-image-2025-08-18-at-09_optimized.57.47-1.jpeg\" alt='' title='whatsapp-image-2025-08-18-at-09_optimized.57.47-(1)' height=\"600\" width=\"800\"  itemprop=\"thumbnailUrl\" srcset=\"https:\/\/radiorevelacionfm.cl\/wp-content\/uploads\/2025\/08\/whatsapp-image-2025-08-18-at-09_optimized.57.47-1.jpeg 800w, https:\/\/radiorevelacionfm.cl\/wp-content\/uploads\/2025\/08\/whatsapp-image-2025-08-18-at-09_optimized.57.47-1-300x225.jpeg 300w, https:\/\/radiorevelacionfm.cl\/wp-content\/uploads\/2025\/08\/whatsapp-image-2025-08-18-at-09_optimized.57.47-1-768x576.jpeg 768w, https:\/\/radiorevelacionfm.cl\/wp-content\/uploads\/2025\/08\/whatsapp-image-2025-08-18-at-09_optimized.57.47-1-705x529.jpeg 705w, https:\/\/radiorevelacionfm.cl\/wp-content\/uploads\/2025\/08\/whatsapp-image-2025-08-18-at-09_optimized.57.47-1-450x338.jpeg 450w, https:\/\/radiorevelacionfm.cl\/wp-content\/uploads\/2025\/08\/whatsapp-image-2025-08-18-at-09_optimized.57.47-1-600x450.jpeg 600w\" sizes=\"(max-width: 800px) 100vw, 800px\" \/><\/div><\/div><\/div><\/div><div class=\"flex_column av_one_full  flex_column_div av-zero-column-padding first  avia-builder-el-2  el_after_av_one_full  el_before_av_one_full  column-top-margin\" style='border-radius:0px; '><section class=\"av_textblock_section \"  itemscope=\"itemscope\" itemtype=\"https:\/\/schema.org\/BlogPosting\" itemprop=\"blogPost\" ><div class='avia_textblock  '   itemprop=\"text\" ><p style=\"text-align: center;\"><strong><span style=\"font-size: 18pt;\">Brillante participaci\u00f3n de Chile Chico en la Expo Turismo Comodoro 2025<\/span><\/strong><\/p>\n<div id=\"gtx-trans\" style=\"position: absolute; left: -50px; top: 4.31534px;\">\n<div class=\"gtx-trans-icon\"><\/div>\n<\/div>\n<\/div><\/section><\/div><div class=\"flex_column av_one_full  flex_column_div av-zero-column-padding first  avia-builder-el-4  el_after_av_one_full  el_before_av_hr  column-top-margin\" style='border-radius:0px; '><section class=\"av_textblock_section \"  itemscope=\"itemscope\" itemtype=\"https:\/\/schema.org\/BlogPosting\" itemprop=\"blogPost\" ><div class='avia_textblock  '   itemprop=\"text\" ><p style=\"text-align: justify;\">La comuna de Chile Chico tuvo una brillante participaci\u00f3n en la XI Expo Turismo Comodoro \u2013 Cumbre Patag\u00f3nica 2025, la feria tur\u00edstica m\u00e1s importante de la Patagonia, que reuni\u00f3 a miles de visitantes, m\u00e1s de un centenar de expositores y autoridades de ambos pa\u00edses en el predio ferial de Comodoro Rivadavia.<\/p>\n<p style=\"text-align: justify;\">Durante tres jornadas, la Expo ofreci\u00f3 rondas de negocios, capacitaciones internacionales y m\u00e1s de 100 propuestas culturales y gastron\u00f3micas, consolid\u00e1ndose como un espacio vital para el desarrollo tur\u00edstico y la integraci\u00f3n binacional.<\/p>\n<p style=\"text-align: justify;\">La delegaci\u00f3n de Chile Chico estuvo integrada por emprendedores, representantes de comit\u00e9s tur\u00edsticos y autoridades municipales, quienes mostraron la riqueza natural y cultural de la comuna m\u00e1s linda de la Regi\u00f3n de Ays\u00e9n.<\/p>\n<p style=\"text-align: justify;\"><strong>Voces de la delegaci\u00f3n<\/strong><\/p>\n<p style=\"text-align: justify;\">Fernando Pavez, parte de la comitiva, destac\u00f3: \u201cHan sido dos d\u00edas de mucha informaci\u00f3n y trabajo comunitario. Nos relacionamos con actores p\u00fablicos y privados, representando a los comit\u00e9s de turismo de Puerto Bertrand, Puerto Guadal y a toda nuestra comuna. Esperamos que este esfuerzo rinda frutos en la temporada que viene.\u201d<\/p>\n<p style=\"text-align: justify;\">Desde el sector privado, Alejandro Sanhueza, del Hotel Posada del R\u00edo, valor\u00f3 la recepci\u00f3n del p\u00fablico: \u201cNo nos qued\u00f3 ning\u00fan folleto. Muchos nos preguntaron c\u00f3mo llegar a Chile Chico, lo que demuestra el inter\u00e9s que generamos. Invitamos a conocer el destino IC Patagonia y nuestra comuna, desde Chile Chico hasta Puerto Bertrand y R\u00edo Leones.\u201d<\/p>\n<p style=\"text-align: justify;\">La coordinadora municipal, Constanza Pi\u00f1a, subray\u00f3 el esfuerzo colectivo: \u201cQuiero destacar el compromiso de las agrupaciones y comit\u00e9s tur\u00edsticos que reunieron material de todos nuestros operadores. Esta experiencia nos permite seguir posicionando la diversidad de nuestra comuna en instancias internacionales.\u201d<\/p>\n<p style=\"text-align: justify;\"><strong>Estrategia y proyecci\u00f3n<\/strong><\/p>\n<p style=\"text-align: justify;\">El alcalde Ariel Keim remarc\u00f3 el valor estrat\u00e9gico de estar presentes:<\/p>\n<p style=\"text-align: justify;\">\u201cChile Chico\u00bb es la \u00fanica comuna chilena ubicada a solo cinco kil\u00f3metros de Argentina. Aqu\u00ed no solo cruzan las personas, tambi\u00e9n cruzan las tradiciones y el trabajo en conjunto. Tenemos atractivos \u00fanicos como el Chilenosaurio hallado en Mall\u00edn Grande, y compartimos con Argentina el lago m\u00e1s grande de Chile, el General Carrera\/Buenos Aires. Por eso, esta Expo es vital para seguir desarrollando una estrategia tur\u00edstica colectiva, integrando nuestras localidades y fortaleciendo la Patagonia como destino com\u00fan.\u201d<\/p>\n<p style=\"text-align: justify;\"><strong>Una presencia que marc\u00f3 la diferencia<\/strong><\/p>\n<p style=\"text-align: justify;\">Con un stand que despert\u00f3 gran inter\u00e9s entre los visitantes y con el compromiso de emprendedores y organizaciones locales, Chile Chico demostr\u00f3 que tiene mucho que aportar al turismo binacional. La alta concurrencia, el entusiasmo de la delegaci\u00f3n y los lazos creados en esta Expo permiten proyectar una temporada auspiciosa para la comuna, que se consolida como puente natural entre la Patagonia chilena y argentina.<\/p>\n<\/div><\/section><\/div><div  style='height:50px' class='hr hr-invisible   avia-builder-el-6  el_after_av_one_full  el_before_av_social_share '><span class='hr-inner ' ><span class='hr-inner-style'><\/span><\/span><\/div><\/p>\n<div  class='av-social-sharing-box  avia-builder-el-7  el_after_av_hr  el_before_av_hr  '><div class='av-share-box'><h5 class='av-share-link-description av-no-toc '>Compartir esta noticia<\/h5><ul class='av-share-box-list noLightbox'><li class='av-share-link av-social-link-facebook' ><a target=\"_blank\" aria-label=\"Compartir en Facebook\" href='https:\/\/www.facebook.com\/sharer.php?u=https:\/\/radiorevelacionfm.cl\/?p=57942&#038;t=Brillante%20participaci%C3%B3n%20de%20Chile%20Chico%20en%20la%20Expo%20Turismo%20Comodoro%202025' aria-hidden='false' data-av_icon='\ue8f3' data-av_iconfont='entypo-fontello' title='' data-avia-related-tooltip='Compartir en Facebook' rel=\"noopener\"><span class='avia_hidden_link_text'>Compartir en Facebook<\/span><\/a><\/li><li class='av-share-link av-social-link-twitter' ><a target=\"_blank\" aria-label=\"Compartir en Twitter\" href='https:\/\/twitter.com\/share?text=Brillante%20participaci%C3%B3n%20de%20Chile%20Chico%20en%20la%20Expo%20Turismo%20Comodoro%202025&#038;url=https:\/\/radiorevelacionfm.cl\/?p=57942' aria-hidden='false' data-av_icon='\ue8f1' data-av_iconfont='entypo-fontello' title='' data-avia-related-tooltip='Compartir en Twitter' rel=\"noopener\"><span class='avia_hidden_link_text'>Compartir en Twitter<\/span><\/a><\/li><li class='av-share-link av-social-link-whatsapp' ><a target=\"_blank\" aria-label=\"Compartir en Whatsapp\" href='https:\/\/api.whatsapp.com\/send?text=https:\/\/radiorevelacionfm.cl\/?p=57942' aria-hidden='false' data-av_icon='\uf232' data-av_iconfont='entypo-fontello' title='' data-avia-related-tooltip='Compartir en Whatsapp' rel=\"noopener\"><span class='avia_hidden_link_text'>Compartir en Whatsapp<\/span><\/a><\/li><li class='av-share-link av-social-link-linkedin' ><a target=\"_blank\" aria-label=\"Compartir en LinkedIn\" href='https:\/\/linkedin.com\/shareArticle?mini=true&#038;title=Brillante%20participaci%C3%B3n%20de%20Chile%20Chico%20en%20la%20Expo%20Turismo%20Comodoro%202025&#038;url=https:\/\/radiorevelacionfm.cl\/?p=57942' aria-hidden='false' data-av_icon='\ue8fc' data-av_iconfont='entypo-fontello' title='' data-avia-related-tooltip='Compartir en LinkedIn' rel=\"noopener\"><span class='avia_hidden_link_text'>Compartir en LinkedIn<\/span><\/a><\/li><li class='av-share-link av-social-link-mail' ><a  aria-label=\"Compartir por correo\" href='mailto:?subject=Brillante%20participaci%C3%B3n%20de%20Chile%20Chico%20en%20la%20Expo%20Turismo%20Comodoro%202025&#038;body=https:\/\/radiorevelacionfm.cl\/?p=57942' aria-hidden='false' data-av_icon='\ue805' data-av_iconfont='entypo-fontello' title='' data-avia-related-tooltip='Compartir por correo'><span class='avia_hidden_link_text'>Compartir por correo<\/span><\/a><\/li><\/ul><\/div><\/div>\n<div  style='height:50px' class='hr hr-invisible   avia-builder-el-8  el_after_av_social_share  el_before_av_comments_list '><span class='hr-inner ' ><span class='hr-inner-style'><\/span><\/span><\/div>\n<div  class='av-buildercomment  av-blog-meta-html-info-disabled av-blog-meta-tag-disabled  '><\/div>\n","protected":false},"excerpt":{"rendered":"","protected":false},"author":1,"featured_media":57943,"comment_status":"closed","ping_status":"closed","sticky":false,"template":"","format":"standard","meta":{"footnotes":""},"categories":[38],"tags":[],"class_list":["post-57942","post","type-post","status-publish","format-standard","has-post-thumbnail","hentry","category-regional"],"jetpack_featured_media_url":"https:\/\/radiorevelacionfm.cl\/wp-content\/uploads\/2025\/08\/whatsapp-image-2025-08-18-at-09_optimized.57.47-1.jpeg","_links":{"self":[{"href":"https:\/\/radiorevelacionfm.cl\/index.php?rest_route=\/wp\/v2\/posts\/57942","targetHints":{"allow":["GET"]}}],"collection":[{"href":"https:\/\/radiorevelacionfm.cl\/index.php?rest_route=\/wp\/v2\/posts"}],"about":[{"href":"https:\/\/radiorevelacionfm.cl\/index.php?rest_route=\/wp\/v2\/types\/post"}],"author":[{"embeddable":true,"href":"https:\/\/radiorevelacionfm.cl\/index.php?rest_route=\/wp\/v2\/users\/1"}],"replies":[{"embeddable":true,"href":"https:\/\/radiorevelacionfm.cl\/index.php?rest_route=%2Fwp%2Fv2%2Fcomments&post=57942"}],"version-history":[{"count":2,"href":"https:\/\/radiorevelacionfm.cl\/index.php?rest_route=\/wp\/v2\/posts\/57942\/revisions"}],"predecessor-version":[{"id":57945,"href":"https:\/\/radiorevelacionfm.cl\/index.php?rest_route=\/wp\/v2\/posts\/57942\/revisions\/57945"}],"wp:featuredmedia":[{"embeddable":true,"href":"https:\/\/radiorevelacionfm.cl\/index.php?rest_route=\/wp\/v2\/media\/57943"}],"wp:attachment":[{"href":"https:\/\/radiorevelacionfm.cl\/index.php?rest_route=%2Fwp%2Fv2%2Fmedia&parent=57942"}],"wp:term":[{"taxonomy":"category","embeddable":true,"href":"https:\/\/radiorevelacionfm.cl\/index.php?rest_route=%2Fwp%2Fv2%2Fcategories&post=57942"},{"taxonomy":"post_tag","embeddable":true,"href":"https:\/\/radiorevelacionfm.cl\/index.php?rest_route=%2Fwp%2Fv2%2Ftags&post=57942"}],"curies":[{"name":"wp","href":"https:\/\/api.w.org\/{rel}","templated":true}]}}