{"id":57939,"date":"2025-08-18T11:10:57","date_gmt":"2025-08-18T14:10:57","guid":{"rendered":"https:\/\/radiorevelacionfm.cl\/?p=57939"},"modified":"2025-08-18T11:10:57","modified_gmt":"2025-08-18T14:10:57","slug":"sandoval-destaco-iniciativa-de-primera-comercializadora-artesanal-en-puerto-gala-con-capacidad-para-proveer-merluza-austral-con-trazabilidad-certificada","status":"publish","type":"post","link":"https:\/\/radiorevelacionfm.cl\/?p=57939","title":{"rendered":"Sandoval destac\u00f3 iniciativa de primera comercializadora artesanal en Puerto Gala, con capacidad para proveer merluza austral con trazabilidad certificada"},"content":{"rendered":"<div class=\"flex_column av_one_full  flex_column_div av-zero-column-padding first  avia-builder-el-0  el_before_av_one_full  avia-builder-el-first  \" style='border-radius:0px; '><div  class='avia-image-container  av-styling-    avia-builder-el-1  avia-builder-el-no-sibling  avia-align-center '  itemprop=\"image\" itemscope=\"itemscope\" itemtype=\"https:\/\/schema.org\/ImageObject\"  ><div class='avia-image-container-inner'><div class='avia-image-overlay-wrap'><img decoding=\"async\" class='wp-image-57940 avia-img-lazy-loading-not-57940 avia_image' src=\"https:\/\/radiorevelacionfm.cl\/wp-content\/uploads\/2025\/08\/comercializadora-puerto-gala-1_optimized.jpeg\" alt='' title='comercializadora-puerto-gala-(1)_optimized' height=\"600\" width=\"800\"  itemprop=\"thumbnailUrl\" srcset=\"https:\/\/radiorevelacionfm.cl\/wp-content\/uploads\/2025\/08\/comercializadora-puerto-gala-1_optimized.jpeg 800w, https:\/\/radiorevelacionfm.cl\/wp-content\/uploads\/2025\/08\/comercializadora-puerto-gala-1_optimized-300x225.jpeg 300w, https:\/\/radiorevelacionfm.cl\/wp-content\/uploads\/2025\/08\/comercializadora-puerto-gala-1_optimized-768x576.jpeg 768w, https:\/\/radiorevelacionfm.cl\/wp-content\/uploads\/2025\/08\/comercializadora-puerto-gala-1_optimized-705x529.jpeg 705w, https:\/\/radiorevelacionfm.cl\/wp-content\/uploads\/2025\/08\/comercializadora-puerto-gala-1_optimized-450x338.jpeg 450w, https:\/\/radiorevelacionfm.cl\/wp-content\/uploads\/2025\/08\/comercializadora-puerto-gala-1_optimized-600x450.jpeg 600w\" sizes=\"(max-width: 800px) 100vw, 800px\" \/><\/div><\/div><\/div><\/div><div class=\"flex_column av_one_full  flex_column_div av-zero-column-padding first  avia-builder-el-2  el_after_av_one_full  el_before_av_one_full  column-top-margin\" style='border-radius:0px; '><section class=\"av_textblock_section \"  itemscope=\"itemscope\" itemtype=\"https:\/\/schema.org\/BlogPosting\" itemprop=\"blogPost\" ><div class='avia_textblock  '   itemprop=\"text\" ><p style=\"text-align: center;\"><strong><span style=\"font-size: 18pt;\">Sandoval destac\u00f3 iniciativa de primera comercializadora artesanal en Puerto Gala, con capacidad para proveer merluza austral con trazabilidad certificada <\/span><\/strong><\/p>\n<div id=\"gtx-trans\" style=\"position: absolute; left: -50px; top: 4.31534px;\">\n<div class=\"gtx-trans-icon\"><\/div>\n<\/div>\n<\/div><\/section><\/div><div class=\"flex_column av_one_full  flex_column_div av-zero-column-padding first  avia-builder-el-4  el_after_av_one_full  el_before_av_hr  column-top-margin\" style='border-radius:0px; '><section class=\"av_textblock_section \"  itemscope=\"itemscope\" itemtype=\"https:\/\/schema.org\/BlogPosting\" itemprop=\"blogPost\" ><div class='avia_textblock  '   itemprop=\"text\" ><p style=\"text-align: justify;\"><em>Parlamentario se reuni\u00f3, de manera virtual, con presidente del sindicato N\u00b0 1 de pescadores artesanales de dicha localidad, Patricio Maldonado, as\u00ed como con representantes de las ONG Oceana y Future of Fisch, que apoyan y asisten el desarrollo de este proyecto.<\/em><\/p>\n<p style=\"text-align: justify;\">\u201cInteresant\u00edsimo proyecto\u201d. As\u00ed defini\u00f3 el senador David Sandoval la iniciativa que desarrollan en Puerto Gala pescadores del sindicato N\u00b0 1 de la localidad, como la primera comercializadora artesanal de la regi\u00f3n de Ays\u00e9n con capacidad para proveer merluza austral con trazabilidad certificada.<\/p>\n<p style=\"text-align: justify;\">En ese contexto, en los \u00faltimos d\u00edas el parlamentario se reuni\u00f3, de manera virtual, con el presidente de dicho sindicato, Patricio Maldonado, la secretaria Carolina Pat\u00e9, junto a representantes de Oceana, C\u00e9sar Astete y Diego Undurraga de Future of Fish, organizaciones que apoyan el desarrollada de esta iniciativa. \u201cTuvimos una reuni\u00f3n con ellos, con la gente de Gala, con la gente que le est\u00e1 colaborando en este proyecto. Creo que es una iniciativa espectacular, porque hoy d\u00eda el tema de los pescados de la regi\u00f3n de Ays\u00e9n no llegan habitualmente a las mesas de los ayseninos. La mayor\u00eda se manda para afuera y eso evidentemente es un contrasentido\u201d, se\u00f1al\u00f3.<\/p>\n<p style=\"text-align: justify;\">Sandoval por lo mismo considera que el esfuerzo que est\u00e1n haciendo, amerita toda la colaboraci\u00f3n posible, recordando adem\u00e1s que hay otras iniciativas que se est\u00e1n planteando tambi\u00e9n en Puerto Aguirre, en las zonas \u00e1reas de manejo con el tema del erizo. \u201cSon las cosas que debemos apoyar, puesto que generan empleo, generan actividad y adem\u00e1s nos puede poner en la mesa de la gente de la regi\u00f3n, porque es el objetivo de ellos, un producto netamente t\u00edpico de nuestra regi\u00f3n y del litoral como es la merluza\u201d, recalc\u00f3.<\/p>\n<p style=\"text-align: justify;\">Al respecto, el presidente del sindicato N\u00b0 1 Patricio Maldonado, dijo: \u201cqued\u00e9 bastante contento y satisfecho de la reuni\u00f3n porque se not\u00f3 un gran inter\u00e9s de parte del senador\u201d, agregando que est\u00e1n saliendo a la luz ideas de poder fortalecer localidades como Puerto Gala y el litoral en general, tras tantos a\u00f1os tocando puertas.<\/p>\n<p style=\"text-align: justify;\">Finalmente se\u00f1al\u00f3 que \u201cnuestro primer p\u00fablico que queremos cubrir es tratar de llegar a un mercado competitivo en nuestra propia regi\u00f3n, llegando con nuestros recursos que la pesca de la merluza del sur o austral\u201d.<\/p>\n<\/div><\/section><\/div><div  style='height:50px' class='hr hr-invisible   avia-builder-el-6  el_after_av_one_full  el_before_av_social_share '><span class='hr-inner ' ><span class='hr-inner-style'><\/span><\/span><\/div><\/p>\n<div  class='av-social-sharing-box  avia-builder-el-7  el_after_av_hr  el_before_av_hr  '><div class='av-share-box'><h5 class='av-share-link-description av-no-toc '>Compartir esta noticia<\/h5><ul class='av-share-box-list noLightbox'><li class='av-share-link av-social-link-facebook' ><a target=\"_blank\" aria-label=\"Compartir en Facebook\" href='https:\/\/www.facebook.com\/sharer.php?u=https:\/\/radiorevelacionfm.cl\/?p=57939&#038;t=Sandoval%20destac%C3%B3%20iniciativa%20de%20primera%20comercializadora%20artesanal%20en%20Puerto%20Gala%2C%20con%20capacidad%20para%20proveer%20merluza%20austral%20con%20trazabilidad%20certificada' aria-hidden='false' data-av_icon='\ue8f3' data-av_iconfont='entypo-fontello' title='' data-avia-related-tooltip='Compartir en Facebook' rel=\"noopener\"><span class='avia_hidden_link_text'>Compartir en Facebook<\/span><\/a><\/li><li class='av-share-link av-social-link-twitter' ><a target=\"_blank\" aria-label=\"Compartir en Twitter\" href='https:\/\/twitter.com\/share?text=Sandoval%20destac%C3%B3%20iniciativa%20de%20primera%20comercializadora%20artesanal%20en%20Puerto%20Gala%2C%20con%20capacidad%20para%20proveer%20merluza%20austral%20con%20trazabilidad%20certificada&#038;url=https:\/\/radiorevelacionfm.cl\/?p=57939' aria-hidden='false' data-av_icon='\ue8f1' data-av_iconfont='entypo-fontello' title='' data-avia-related-tooltip='Compartir en Twitter' rel=\"noopener\"><span class='avia_hidden_link_text'>Compartir en Twitter<\/span><\/a><\/li><li class='av-share-link av-social-link-whatsapp' ><a target=\"_blank\" aria-label=\"Compartir en Whatsapp\" href='https:\/\/api.whatsapp.com\/send?text=https:\/\/radiorevelacionfm.cl\/?p=57939' aria-hidden='false' data-av_icon='\uf232' data-av_iconfont='entypo-fontello' title='' data-avia-related-tooltip='Compartir en Whatsapp' rel=\"noopener\"><span class='avia_hidden_link_text'>Compartir en Whatsapp<\/span><\/a><\/li><li class='av-share-link av-social-link-linkedin' ><a target=\"_blank\" aria-label=\"Compartir en LinkedIn\" href='https:\/\/linkedin.com\/shareArticle?mini=true&#038;title=Sandoval%20destac%C3%B3%20iniciativa%20de%20primera%20comercializadora%20artesanal%20en%20Puerto%20Gala%2C%20con%20capacidad%20para%20proveer%20merluza%20austral%20con%20trazabilidad%20certificada&#038;url=https:\/\/radiorevelacionfm.cl\/?p=57939' aria-hidden='false' data-av_icon='\ue8fc' data-av_iconfont='entypo-fontello' title='' data-avia-related-tooltip='Compartir en LinkedIn' rel=\"noopener\"><span class='avia_hidden_link_text'>Compartir en LinkedIn<\/span><\/a><\/li><li class='av-share-link av-social-link-mail' ><a  aria-label=\"Compartir por correo\" href='mailto:?subject=Sandoval%20destac%C3%B3%20iniciativa%20de%20primera%20comercializadora%20artesanal%20en%20Puerto%20Gala%2C%20con%20capacidad%20para%20proveer%20merluza%20austral%20con%20trazabilidad%20certificada&#038;body=https:\/\/radiorevelacionfm.cl\/?p=57939' aria-hidden='false' data-av_icon='\ue805' data-av_iconfont='entypo-fontello' title='' data-avia-related-tooltip='Compartir por correo'><span class='avia_hidden_link_text'>Compartir por correo<\/span><\/a><\/li><\/ul><\/div><\/div>\n<div  style='height:50px' class='hr hr-invisible   avia-builder-el-8  el_after_av_social_share  el_before_av_comments_list '><span class='hr-inner ' ><span class='hr-inner-style'><\/span><\/span><\/div>\n<div  class='av-buildercomment  av-blog-meta-html-info-disabled av-blog-meta-tag-disabled  '><\/div>\n","protected":false},"excerpt":{"rendered":"","protected":false},"author":1,"featured_media":57940,"comment_status":"closed","ping_status":"closed","sticky":false,"template":"","format":"standard","meta":{"footnotes":""},"categories":[38],"tags":[],"class_list":["post-57939","post","type-post","status-publish","format-standard","has-post-thumbnail","hentry","category-regional"],"jetpack_featured_media_url":"https:\/\/radiorevelacionfm.cl\/wp-content\/uploads\/2025\/08\/comercializadora-puerto-gala-1_optimized.jpeg","_links":{"self":[{"href":"https:\/\/radiorevelacionfm.cl\/index.php?rest_route=\/wp\/v2\/posts\/57939","targetHints":{"allow":["GET"]}}],"collection":[{"href":"https:\/\/radiorevelacionfm.cl\/index.php?rest_route=\/wp\/v2\/posts"}],"about":[{"href":"https:\/\/radiorevelacionfm.cl\/index.php?rest_route=\/wp\/v2\/types\/post"}],"author":[{"embeddable":true,"href":"https:\/\/radiorevelacionfm.cl\/index.php?rest_route=\/wp\/v2\/users\/1"}],"replies":[{"embeddable":true,"href":"https:\/\/radiorevelacionfm.cl\/index.php?rest_route=%2Fwp%2Fv2%2Fcomments&post=57939"}],"version-history":[{"count":2,"href":"https:\/\/radiorevelacionfm.cl\/index.php?rest_route=\/wp\/v2\/posts\/57939\/revisions"}],"predecessor-version":[{"id":57946,"href":"https:\/\/radiorevelacionfm.cl\/index.php?rest_route=\/wp\/v2\/posts\/57939\/revisions\/57946"}],"wp:featuredmedia":[{"embeddable":true,"href":"https:\/\/radiorevelacionfm.cl\/index.php?rest_route=\/wp\/v2\/media\/57940"}],"wp:attachment":[{"href":"https:\/\/radiorevelacionfm.cl\/index.php?rest_route=%2Fwp%2Fv2%2Fmedia&parent=57939"}],"wp:term":[{"taxonomy":"category","embeddable":true,"href":"https:\/\/radiorevelacionfm.cl\/index.php?rest_route=%2Fwp%2Fv2%2Fcategories&post=57939"},{"taxonomy":"post_tag","embeddable":true,"href":"https:\/\/radiorevelacionfm.cl\/index.php?rest_route=%2Fwp%2Fv2%2Ftags&post=57939"}],"curies":[{"name":"wp","href":"https:\/\/api.w.org\/{rel}","templated":true}]}}