{"id":57936,"date":"2025-08-18T12:20:34","date_gmt":"2025-08-18T15:20:34","guid":{"rendered":"https:\/\/radiorevelacionfm.cl\/?p=57936"},"modified":"2025-08-18T12:20:34","modified_gmt":"2025-08-18T15:20:34","slug":"ine-aysen-lleva-a-cabo-todo-el-ano-enumeracion-de-viviendas-en-la-region","status":"publish","type":"post","link":"https:\/\/radiorevelacionfm.cl\/?p=57936","title":{"rendered":"INE Ays\u00e9n lleva a cabo todo el a\u00f1o enumeraci\u00f3n de viviendas en la regi\u00f3n"},"content":{"rendered":"<div class=\"flex_column av_one_full  flex_column_div av-zero-column-padding first  avia-builder-el-0  el_before_av_one_full  avia-builder-el-first  \" style='border-radius:0px; '><div  class='avia-image-container  av-styling-    avia-builder-el-1  avia-builder-el-no-sibling  avia-align-center '  itemprop=\"image\" itemscope=\"itemscope\" itemtype=\"https:\/\/schema.org\/ImageObject\"  ><div class='avia-image-container-inner'><div class='avia-image-overlay-wrap'><img decoding=\"async\" class='wp-image-57937 avia-img-lazy-loading-not-57937 avia_image' src=\"https:\/\/radiorevelacionfm.cl\/wp-content\/uploads\/2025\/08\/ine-generica-1_optimized.jpeg\" alt='' title='ine-generica-(1)_optimized' height=\"600\" width=\"1059\"  itemprop=\"thumbnailUrl\" srcset=\"https:\/\/radiorevelacionfm.cl\/wp-content\/uploads\/2025\/08\/ine-generica-1_optimized.jpeg 1059w, https:\/\/radiorevelacionfm.cl\/wp-content\/uploads\/2025\/08\/ine-generica-1_optimized-300x170.jpeg 300w, https:\/\/radiorevelacionfm.cl\/wp-content\/uploads\/2025\/08\/ine-generica-1_optimized-1030x584.jpeg 1030w, https:\/\/radiorevelacionfm.cl\/wp-content\/uploads\/2025\/08\/ine-generica-1_optimized-768x435.jpeg 768w, https:\/\/radiorevelacionfm.cl\/wp-content\/uploads\/2025\/08\/ine-generica-1_optimized-705x399.jpeg 705w, https:\/\/radiorevelacionfm.cl\/wp-content\/uploads\/2025\/08\/ine-generica-1_optimized-450x255.jpeg 450w, https:\/\/radiorevelacionfm.cl\/wp-content\/uploads\/2025\/08\/ine-generica-1_optimized-600x340.jpeg 600w\" sizes=\"(max-width: 1059px) 100vw, 1059px\" \/><\/div><\/div><\/div><\/div><div class=\"flex_column av_one_full  flex_column_div av-zero-column-padding first  avia-builder-el-2  el_after_av_one_full  el_before_av_one_full  column-top-margin\" style='border-radius:0px; '><section class=\"av_textblock_section \"  itemscope=\"itemscope\" itemtype=\"https:\/\/schema.org\/BlogPosting\" itemprop=\"blogPost\" ><div class='avia_textblock  '   itemprop=\"text\" ><p style=\"text-align: center;\"><span style=\"font-size: 18pt;\"><strong>INE Ays\u00e9n lleva a cabo todo el a\u00f1o enumeraci\u00f3n de viviendas en la regi\u00f3n<\/strong><\/span><\/p>\n<div id=\"gtx-trans\" style=\"position: absolute; left: -50px; top: 4.31534px;\">\n<div class=\"gtx-trans-icon\"><\/div>\n<\/div>\n<\/div><\/section><\/div><div class=\"flex_column av_one_full  flex_column_div av-zero-column-padding first  avia-builder-el-4  el_after_av_one_full  el_before_av_hr  column-top-margin\" style='border-radius:0px; '><section class=\"av_textblock_section \"  itemscope=\"itemscope\" itemtype=\"https:\/\/schema.org\/BlogPosting\" itemprop=\"blogPost\" ><div class='avia_textblock  '   itemprop=\"text\" ><p><em>La informaci\u00f3n es tratada con absoluta confidencialidad y queda protegida por el Secreto Estad\u00edstico.<\/em><\/p>\n<p style=\"text-align: justify;\">La Direcci\u00f3n Regional de Ays\u00e9n del Instituto Nacional de Estad\u00edsticas lleva a cabo durante todo el a\u00f1o un proceso esencial para las estad\u00edsticas del pa\u00eds: la enumeraci\u00f3n de viviendas. El objetivo principal es mantener actualizada la informaci\u00f3n que permite seleccionar aquellos inmuebles donde se aplicar\u00e1n las distintas encuestas que realiza el INE.<\/p>\n<p style=\"text-align: justify;\">La enumeraci\u00f3n de viviendas es un procedimiento que consiste en contar las viviendas y sus ocupantes. Las y los funcionarios del INE visitan cada domicilio y preguntan cu\u00e1ntas personas viven en la vivienda y cu\u00e1ntas son hombres y mujeres. De esta forma se calculan los insumos adecuados para aplicar las encuestas, por ejemplo, la Encuesta Nacional de Empleo (ENE).<\/p>\n<p style=\"text-align: justify;\">Es importante destacar que toda la informaci\u00f3n recolectada por las y los enumeradores es tratada con absoluta confidencialidad y queda protegida por la Ley 17.374 sobre Secreto Estad\u00edstico, es decir, es an\u00f3nima y no se comparte con otros servicios p\u00fablicos ni con privados.<\/p>\n<p style=\"text-align: justify;\">Por tal motivo, el INE hace un llamado a la comunidad a colaborar respondiendo con confianza y seguridad. Su personal en terreno usa uniforme institucional y credencial con fotograf\u00eda, nombre y RUT. En caso de que desee verificar la identidad puede hacerlo en <a href=\"https:\/\/verificador.ine.gob.cl\/\">https:\/\/verificador.ine.gob.cl\/<\/a> ingresando el n\u00famero de la c\u00e9dula de identidad de la persona.<\/p>\n<p style=\"text-align: justify;\">Para m\u00e1s informaci\u00f3n visite el sitio web oficial <a href=\"https:\/\/www.ine.gob.cl\/\">https:\/\/www.ine.gob.cl\/<\/a> o contacte al INE Ays\u00e9n al correo electr\u00f3nico <a href=\"mailto:ine.coyhaique@ine.gob.cl\">ine.coyhaique@ine.gob.cl<\/a>.<\/p>\n<\/div><\/section><\/div><div  style='height:50px' class='hr hr-invisible   avia-builder-el-6  el_after_av_one_full  el_before_av_social_share '><span class='hr-inner ' ><span class='hr-inner-style'><\/span><\/span><\/div><\/p>\n<div  class='av-social-sharing-box  avia-builder-el-7  el_after_av_hr  el_before_av_hr  '><div class='av-share-box'><h5 class='av-share-link-description av-no-toc '>Compartir esta noticia<\/h5><ul class='av-share-box-list noLightbox'><li class='av-share-link av-social-link-facebook' ><a target=\"_blank\" aria-label=\"Compartir en Facebook\" href='https:\/\/www.facebook.com\/sharer.php?u=https:\/\/radiorevelacionfm.cl\/?p=57936&#038;t=INE%20Ays%C3%A9n%20lleva%20a%20cabo%20todo%20el%20a%C3%B1o%20enumeraci%C3%B3n%20de%20viviendas%20en%20la%20regi%C3%B3n' aria-hidden='false' data-av_icon='\ue8f3' data-av_iconfont='entypo-fontello' title='' data-avia-related-tooltip='Compartir en Facebook' rel=\"noopener\"><span class='avia_hidden_link_text'>Compartir en Facebook<\/span><\/a><\/li><li class='av-share-link av-social-link-twitter' ><a target=\"_blank\" aria-label=\"Compartir en Twitter\" href='https:\/\/twitter.com\/share?text=INE%20Ays%C3%A9n%20lleva%20a%20cabo%20todo%20el%20a%C3%B1o%20enumeraci%C3%B3n%20de%20viviendas%20en%20la%20regi%C3%B3n&#038;url=https:\/\/radiorevelacionfm.cl\/?p=57936' aria-hidden='false' data-av_icon='\ue8f1' data-av_iconfont='entypo-fontello' title='' data-avia-related-tooltip='Compartir en Twitter' rel=\"noopener\"><span class='avia_hidden_link_text'>Compartir en Twitter<\/span><\/a><\/li><li class='av-share-link av-social-link-whatsapp' ><a target=\"_blank\" aria-label=\"Compartir en Whatsapp\" href='https:\/\/api.whatsapp.com\/send?text=https:\/\/radiorevelacionfm.cl\/?p=57936' aria-hidden='false' data-av_icon='\uf232' data-av_iconfont='entypo-fontello' title='' data-avia-related-tooltip='Compartir en Whatsapp' rel=\"noopener\"><span class='avia_hidden_link_text'>Compartir en Whatsapp<\/span><\/a><\/li><li class='av-share-link av-social-link-linkedin' ><a target=\"_blank\" aria-label=\"Compartir en LinkedIn\" href='https:\/\/linkedin.com\/shareArticle?mini=true&#038;title=INE%20Ays%C3%A9n%20lleva%20a%20cabo%20todo%20el%20a%C3%B1o%20enumeraci%C3%B3n%20de%20viviendas%20en%20la%20regi%C3%B3n&#038;url=https:\/\/radiorevelacionfm.cl\/?p=57936' aria-hidden='false' data-av_icon='\ue8fc' data-av_iconfont='entypo-fontello' title='' data-avia-related-tooltip='Compartir en LinkedIn' rel=\"noopener\"><span class='avia_hidden_link_text'>Compartir en LinkedIn<\/span><\/a><\/li><li class='av-share-link av-social-link-mail' ><a  aria-label=\"Compartir por correo\" href='mailto:?subject=INE%20Ays%C3%A9n%20lleva%20a%20cabo%20todo%20el%20a%C3%B1o%20enumeraci%C3%B3n%20de%20viviendas%20en%20la%20regi%C3%B3n&#038;body=https:\/\/radiorevelacionfm.cl\/?p=57936' aria-hidden='false' data-av_icon='\ue805' data-av_iconfont='entypo-fontello' title='' data-avia-related-tooltip='Compartir por correo'><span class='avia_hidden_link_text'>Compartir por correo<\/span><\/a><\/li><\/ul><\/div><\/div>\n<div  style='height:50px' class='hr hr-invisible   avia-builder-el-8  el_after_av_social_share  el_before_av_comments_list '><span class='hr-inner ' ><span class='hr-inner-style'><\/span><\/span><\/div>\n<div  class='av-buildercomment  av-blog-meta-html-info-disabled av-blog-meta-tag-disabled  '><\/div>\n","protected":false},"excerpt":{"rendered":"","protected":false},"author":1,"featured_media":57937,"comment_status":"closed","ping_status":"closed","sticky":false,"template":"","format":"standard","meta":{"footnotes":""},"categories":[38],"tags":[],"class_list":["post-57936","post","type-post","status-publish","format-standard","has-post-thumbnail","hentry","category-regional"],"jetpack_featured_media_url":"https:\/\/radiorevelacionfm.cl\/wp-content\/uploads\/2025\/08\/ine-generica-1_optimized.jpeg","_links":{"self":[{"href":"https:\/\/radiorevelacionfm.cl\/index.php?rest_route=\/wp\/v2\/posts\/57936","targetHints":{"allow":["GET"]}}],"collection":[{"href":"https:\/\/radiorevelacionfm.cl\/index.php?rest_route=\/wp\/v2\/posts"}],"about":[{"href":"https:\/\/radiorevelacionfm.cl\/index.php?rest_route=\/wp\/v2\/types\/post"}],"author":[{"embeddable":true,"href":"https:\/\/radiorevelacionfm.cl\/index.php?rest_route=\/wp\/v2\/users\/1"}],"replies":[{"embeddable":true,"href":"https:\/\/radiorevelacionfm.cl\/index.php?rest_route=%2Fwp%2Fv2%2Fcomments&post=57936"}],"version-history":[{"count":2,"href":"https:\/\/radiorevelacionfm.cl\/index.php?rest_route=\/wp\/v2\/posts\/57936\/revisions"}],"predecessor-version":[{"id":57947,"href":"https:\/\/radiorevelacionfm.cl\/index.php?rest_route=\/wp\/v2\/posts\/57936\/revisions\/57947"}],"wp:featuredmedia":[{"embeddable":true,"href":"https:\/\/radiorevelacionfm.cl\/index.php?rest_route=\/wp\/v2\/media\/57937"}],"wp:attachment":[{"href":"https:\/\/radiorevelacionfm.cl\/index.php?rest_route=%2Fwp%2Fv2%2Fmedia&parent=57936"}],"wp:term":[{"taxonomy":"category","embeddable":true,"href":"https:\/\/radiorevelacionfm.cl\/index.php?rest_route=%2Fwp%2Fv2%2Fcategories&post=57936"},{"taxonomy":"post_tag","embeddable":true,"href":"https:\/\/radiorevelacionfm.cl\/index.php?rest_route=%2Fwp%2Fv2%2Ftags&post=57936"}],"curies":[{"name":"wp","href":"https:\/\/api.w.org\/{rel}","templated":true}]}}