{"id":57932,"date":"2025-08-17T21:27:49","date_gmt":"2025-08-18T00:27:49","guid":{"rendered":"https:\/\/radiorevelacionfm.cl\/?p=57932"},"modified":"2025-08-17T21:27:49","modified_gmt":"2025-08-18T00:27:49","slug":"la-huella-que-deja-el-fondo-de-fortalecimiento-de-las-organizaciones-de-interes-publico-en-la-region-de-aysen","status":"publish","type":"post","link":"https:\/\/radiorevelacionfm.cl\/?p=57932","title":{"rendered":"La huella que deja el Fondo de Fortalecimiento de las Organizaciones de Inter\u00e9s P\u00fablico en la regi\u00f3n de Ays\u00e9n"},"content":{"rendered":"<div class=\"flex_column av_one_full  flex_column_div av-zero-column-padding first  avia-builder-el-0  el_before_av_one_full  avia-builder-el-first  \" style='border-radius:0px; '><div  class='avia-image-container  av-styling-    avia-builder-el-1  avia-builder-el-no-sibling  avia-align-center '  itemprop=\"image\" itemscope=\"itemscope\" itemtype=\"https:\/\/schema.org\/ImageObject\"  ><div class='avia-image-container-inner'><div class='avia-image-overlay-wrap'><img decoding=\"async\" class='wp-image-57933 avia-img-lazy-loading-not-57933 avia_image' src=\"https:\/\/radiorevelacionfm.cl\/wp-content\/uploads\/2025\/08\/ffoip-aysen-1_optimized.jpeg\" alt='' title='ffoip-ays\u00e9n-(1)_optimized' height=\"600\" width=\"925\"  itemprop=\"thumbnailUrl\" srcset=\"https:\/\/radiorevelacionfm.cl\/wp-content\/uploads\/2025\/08\/ffoip-aysen-1_optimized.jpeg 925w, https:\/\/radiorevelacionfm.cl\/wp-content\/uploads\/2025\/08\/ffoip-aysen-1_optimized-300x195.jpeg 300w, https:\/\/radiorevelacionfm.cl\/wp-content\/uploads\/2025\/08\/ffoip-aysen-1_optimized-768x498.jpeg 768w, https:\/\/radiorevelacionfm.cl\/wp-content\/uploads\/2025\/08\/ffoip-aysen-1_optimized-705x457.jpeg 705w, https:\/\/radiorevelacionfm.cl\/wp-content\/uploads\/2025\/08\/ffoip-aysen-1_optimized-450x292.jpeg 450w, https:\/\/radiorevelacionfm.cl\/wp-content\/uploads\/2025\/08\/ffoip-aysen-1_optimized-600x389.jpeg 600w\" sizes=\"(max-width: 925px) 100vw, 925px\" \/><\/div><\/div><\/div><\/div><div class=\"flex_column av_one_full  flex_column_div av-zero-column-padding first  avia-builder-el-2  el_after_av_one_full  el_before_av_one_full  column-top-margin\" style='border-radius:0px; '><section class=\"av_textblock_section \"  itemscope=\"itemscope\" itemtype=\"https:\/\/schema.org\/BlogPosting\" itemprop=\"blogPost\" ><div class='avia_textblock  '   itemprop=\"text\" ><p style=\"text-align: center;\"><span style=\"font-size: 18pt;\"><strong>La huella que deja el Fondo de Fortalecimiento de las Organizaciones de Inter\u00e9s P\u00fablico en la regi\u00f3n de Ays\u00e9n<\/strong><\/span><\/p>\n<div id=\"gtx-trans\" style=\"position: absolute; left: -50px; top: 4.31534px;\">\n<div class=\"gtx-trans-icon\"><\/div>\n<\/div>\n<\/div><\/section><\/div><div class=\"flex_column av_one_full  flex_column_div av-zero-column-padding first  avia-builder-el-4  el_after_av_one_full  el_before_av_hr  column-top-margin\" style='border-radius:0px; '><section class=\"av_textblock_section \"  itemscope=\"itemscope\" itemtype=\"https:\/\/schema.org\/BlogPosting\" itemprop=\"blogPost\" ><div class='avia_textblock  '   itemprop=\"text\" ><p style=\"text-align: justify;\">El Gobierno del Presidente Gabriel Boric financiar\u00e1 m\u00e1s de 830 proyectos de todo el pa\u00eds, gracias al financiamiento del Fondo de Fortalecimiento de Organizaciones de Inter\u00e9s P\u00fablico (FFOIP) de la Secretar\u00eda General de Gobierno (SEGEGOB)<\/p>\n<p style=\"text-align: justify;\">En la comuna de Coyhaique conmemoramos el D\u00eda de las Dirigentas y Dirigentes, con la firma de convenios del FFOIP en su l\u00ednea regular y ni\u00f1ez. Esto permiti\u00f3 que las dirigencias conocieran los proyectos que se est\u00e1n financiando y su relevancia para las localidades.<\/p>\n<p style=\"text-align: justify;\">El Fondo apoya con financiamiento a organizaciones sociales que trabajan en diversas \u00e1reas como derechos ciudadanos, asistencia social, educaci\u00f3n, salud y medio ambiente, permitiendo fortalecer sus capacidades, mejorar sus servicios a la comunidad y promover el bien com\u00fan, beneficiando a las comunidades.<\/p>\n<p style=\"text-align: justify;\">\u201cNos enorgullece poder estar financiando y apoyando a las comunidades con proyectos que nacen de sus necesidades y benefician directamente a agrupaciones. Vemos como los Clubes de Adulto Mayor pueden optar a fortalecer sus habilidades digitales, otros proyectos est\u00e1n enfocados en generar mayor inclusi\u00f3n de personas con discapacidad, o en entregar herramientas a mujeres para que se puedan empoderar econ\u00f3micamente\u201d, se\u00f1al\u00f3 la Seremi de Gobierno, \u00darsula Mix.<\/p>\n<p style=\"text-align: justify;\">En la regi\u00f3n de Ays\u00e9n se financiaron 33 proyectos, 31 locales y 2 regionales, por un monto total para la ejecuci\u00f3n de proyectos es de $78.327.391, lo permitir\u00e1 financiar, por ejemplo, la iniciativa de la Feria Libre Err\u00e1zuriz de Coyhaique, orientada a capacitar a 15 mujeres feriantes en gesti\u00f3n contable y formalizaci\u00f3n tributaria, en el contexto de la nueva Ley de Ferias Libres.<\/p>\n<p style=\"text-align: justify;\">Tambi\u00e9n, reconocemos a nuestros pueblos originarios con talleres que rescatan tradiciones a trav\u00e9s de talleres de gastronom\u00eda tradicional centrados en el uso del ma\u00edz, apoyamos el bienestar y la salud mental con talleres de baile y terapias complementarias como mindfullness y sonoterapia, o promovemos la actividad f\u00edsica y mental de personas mayores, entre otras iniciativas.<\/p>\n<p style=\"text-align: justify;\">Adem\u00e1s, realizamos la firma de convenios en la comuna de Ays\u00e9n, donde la se\u00f1ora Juana San Mart\u00edn del Club El C\u00f3ndor, destaca como el FFOIP incide en su agrupaci\u00f3n \u201ces importante porque es un beneficio que nos aporta, nos ayuda a sacar proyectos a futuro. Nuestro proyecto es de cocina. Uno nunca termina de aprender, por lo que me va a servir harto y al resto de la agrupaci\u00f3n tambi\u00e9n\u201d, indic\u00f3.<\/p>\n<p style=\"text-align: justify;\">\u201cEl FFOIP no s\u00f3lo entrega financiamiento, entrega oportunidades a las comunidades para que, a trav\u00e9s de sus organizaciones, puedan desarrollar actividades, fortalecer sus comunidades, y construir localidades m\u00e1s inclusivas\u201d, finaliz\u00f3 la Seremi de Gobierno.<\/p>\n<\/div><\/section><\/div><div  style='height:50px' class='hr hr-invisible   avia-builder-el-6  el_after_av_one_full  el_before_av_social_share '><span class='hr-inner ' ><span class='hr-inner-style'><\/span><\/span><\/div><\/p>\n<div  class='av-social-sharing-box  avia-builder-el-7  el_after_av_hr  el_before_av_hr  '><div class='av-share-box'><h5 class='av-share-link-description av-no-toc '>Compartir esta noticia<\/h5><ul class='av-share-box-list noLightbox'><li class='av-share-link av-social-link-facebook' ><a target=\"_blank\" aria-label=\"Compartir en Facebook\" href='https:\/\/www.facebook.com\/sharer.php?u=https:\/\/radiorevelacionfm.cl\/?p=57932&#038;t=La%20huella%20que%20deja%20el%20Fondo%20de%20Fortalecimiento%20de%20las%20Organizaciones%20de%20Inter%C3%A9s%20P%C3%BAblico%20en%20la%20regi%C3%B3n%20de%20Ays%C3%A9n' aria-hidden='false' data-av_icon='\ue8f3' data-av_iconfont='entypo-fontello' title='' data-avia-related-tooltip='Compartir en Facebook' rel=\"noopener\"><span class='avia_hidden_link_text'>Compartir en Facebook<\/span><\/a><\/li><li class='av-share-link av-social-link-twitter' ><a target=\"_blank\" aria-label=\"Compartir en Twitter\" href='https:\/\/twitter.com\/share?text=La%20huella%20que%20deja%20el%20Fondo%20de%20Fortalecimiento%20de%20las%20Organizaciones%20de%20Inter%C3%A9s%20P%C3%BAblico%20en%20la%20regi%C3%B3n%20de%20Ays%C3%A9n&#038;url=https:\/\/radiorevelacionfm.cl\/?p=57932' aria-hidden='false' data-av_icon='\ue8f1' data-av_iconfont='entypo-fontello' title='' data-avia-related-tooltip='Compartir en Twitter' rel=\"noopener\"><span class='avia_hidden_link_text'>Compartir en Twitter<\/span><\/a><\/li><li class='av-share-link av-social-link-whatsapp' ><a target=\"_blank\" aria-label=\"Compartir en Whatsapp\" href='https:\/\/api.whatsapp.com\/send?text=https:\/\/radiorevelacionfm.cl\/?p=57932' aria-hidden='false' data-av_icon='\uf232' data-av_iconfont='entypo-fontello' title='' data-avia-related-tooltip='Compartir en Whatsapp' rel=\"noopener\"><span class='avia_hidden_link_text'>Compartir en Whatsapp<\/span><\/a><\/li><li class='av-share-link av-social-link-linkedin' ><a target=\"_blank\" aria-label=\"Compartir en LinkedIn\" href='https:\/\/linkedin.com\/shareArticle?mini=true&#038;title=La%20huella%20que%20deja%20el%20Fondo%20de%20Fortalecimiento%20de%20las%20Organizaciones%20de%20Inter%C3%A9s%20P%C3%BAblico%20en%20la%20regi%C3%B3n%20de%20Ays%C3%A9n&#038;url=https:\/\/radiorevelacionfm.cl\/?p=57932' aria-hidden='false' data-av_icon='\ue8fc' data-av_iconfont='entypo-fontello' title='' data-avia-related-tooltip='Compartir en LinkedIn' rel=\"noopener\"><span class='avia_hidden_link_text'>Compartir en LinkedIn<\/span><\/a><\/li><li class='av-share-link av-social-link-mail' ><a  aria-label=\"Compartir por correo\" href='mailto:?subject=La%20huella%20que%20deja%20el%20Fondo%20de%20Fortalecimiento%20de%20las%20Organizaciones%20de%20Inter%C3%A9s%20P%C3%BAblico%20en%20la%20regi%C3%B3n%20de%20Ays%C3%A9n&#038;body=https:\/\/radiorevelacionfm.cl\/?p=57932' aria-hidden='false' data-av_icon='\ue805' data-av_iconfont='entypo-fontello' title='' data-avia-related-tooltip='Compartir por correo'><span class='avia_hidden_link_text'>Compartir por correo<\/span><\/a><\/li><\/ul><\/div><\/div>\n<div  style='height:50px' class='hr hr-invisible   avia-builder-el-8  el_after_av_social_share  el_before_av_comments_list '><span class='hr-inner ' ><span class='hr-inner-style'><\/span><\/span><\/div>\n<div  class='av-buildercomment  av-blog-meta-html-info-disabled av-blog-meta-tag-disabled  '><\/div>\n","protected":false},"excerpt":{"rendered":"","protected":false},"author":1,"featured_media":57933,"comment_status":"closed","ping_status":"closed","sticky":false,"template":"","format":"standard","meta":{"footnotes":""},"categories":[38],"tags":[],"class_list":["post-57932","post","type-post","status-publish","format-standard","has-post-thumbnail","hentry","category-regional"],"jetpack_featured_media_url":"https:\/\/radiorevelacionfm.cl\/wp-content\/uploads\/2025\/08\/ffoip-aysen-1_optimized.jpeg","_links":{"self":[{"href":"https:\/\/radiorevelacionfm.cl\/index.php?rest_route=\/wp\/v2\/posts\/57932","targetHints":{"allow":["GET"]}}],"collection":[{"href":"https:\/\/radiorevelacionfm.cl\/index.php?rest_route=\/wp\/v2\/posts"}],"about":[{"href":"https:\/\/radiorevelacionfm.cl\/index.php?rest_route=\/wp\/v2\/types\/post"}],"author":[{"embeddable":true,"href":"https:\/\/radiorevelacionfm.cl\/index.php?rest_route=\/wp\/v2\/users\/1"}],"replies":[{"embeddable":true,"href":"https:\/\/radiorevelacionfm.cl\/index.php?rest_route=%2Fwp%2Fv2%2Fcomments&post=57932"}],"version-history":[{"count":2,"href":"https:\/\/radiorevelacionfm.cl\/index.php?rest_route=\/wp\/v2\/posts\/57932\/revisions"}],"predecessor-version":[{"id":57935,"href":"https:\/\/radiorevelacionfm.cl\/index.php?rest_route=\/wp\/v2\/posts\/57932\/revisions\/57935"}],"wp:featuredmedia":[{"embeddable":true,"href":"https:\/\/radiorevelacionfm.cl\/index.php?rest_route=\/wp\/v2\/media\/57933"}],"wp:attachment":[{"href":"https:\/\/radiorevelacionfm.cl\/index.php?rest_route=%2Fwp%2Fv2%2Fmedia&parent=57932"}],"wp:term":[{"taxonomy":"category","embeddable":true,"href":"https:\/\/radiorevelacionfm.cl\/index.php?rest_route=%2Fwp%2Fv2%2Fcategories&post=57932"},{"taxonomy":"post_tag","embeddable":true,"href":"https:\/\/radiorevelacionfm.cl\/index.php?rest_route=%2Fwp%2Fv2%2Ftags&post=57932"}],"curies":[{"name":"wp","href":"https:\/\/api.w.org\/{rel}","templated":true}]}}