{"id":57925,"date":"2025-08-17T19:03:01","date_gmt":"2025-08-17T22:03:01","guid":{"rendered":"https:\/\/radiorevelacionfm.cl\/?p=57925"},"modified":"2025-08-17T19:03:01","modified_gmt":"2025-08-17T22:03:01","slug":"seccion-aerea-de-carabineros-junto-al-gope-aysen-rescatan-a-tres-senderistas-desde-cerro-kristine","status":"publish","type":"post","link":"https:\/\/radiorevelacionfm.cl\/?p=57925","title":{"rendered":"Secci\u00f3n A\u00e9rea de Carabineros junto al GOPE Ays\u00e9n rescatan a tres senderistas desde Cerro Kristine"},"content":{"rendered":"<div class=\"flex_column av_one_full  flex_column_div av-zero-column-padding first  avia-builder-el-0  el_before_av_one_full  avia-builder-el-first  \" style='border-radius:0px; '><div  class='avia-image-container  av-styling-    avia-builder-el-1  avia-builder-el-no-sibling  avia-align-center '  itemprop=\"image\" itemscope=\"itemscope\" itemtype=\"https:\/\/schema.org\/ImageObject\"  ><div class='avia-image-container-inner'><div class='avia-image-overlay-wrap'><img decoding=\"async\" class='wp-image-57926 avia-img-lazy-loading-not-57926 avia_image' src=\"https:\/\/radiorevelacionfm.cl\/wp-content\/uploads\/2025\/08\/f758a4da-3c9c-4943-8abf-5c2afb3d1710-1-1.jpg\" alt='' title='f758a4da-3c9c-4943-8abf-5c2afb3d1710 (1) (1)' height=\"600\" width=\"827\"  itemprop=\"thumbnailUrl\" srcset=\"https:\/\/radiorevelacionfm.cl\/wp-content\/uploads\/2025\/08\/f758a4da-3c9c-4943-8abf-5c2afb3d1710-1-1.jpg 827w, https:\/\/radiorevelacionfm.cl\/wp-content\/uploads\/2025\/08\/f758a4da-3c9c-4943-8abf-5c2afb3d1710-1-1-300x218.jpg 300w, https:\/\/radiorevelacionfm.cl\/wp-content\/uploads\/2025\/08\/f758a4da-3c9c-4943-8abf-5c2afb3d1710-1-1-768x557.jpg 768w, https:\/\/radiorevelacionfm.cl\/wp-content\/uploads\/2025\/08\/f758a4da-3c9c-4943-8abf-5c2afb3d1710-1-1-705x511.jpg 705w, https:\/\/radiorevelacionfm.cl\/wp-content\/uploads\/2025\/08\/f758a4da-3c9c-4943-8abf-5c2afb3d1710-1-1-450x326.jpg 450w, https:\/\/radiorevelacionfm.cl\/wp-content\/uploads\/2025\/08\/f758a4da-3c9c-4943-8abf-5c2afb3d1710-1-1-600x435.jpg 600w\" sizes=\"(max-width: 827px) 100vw, 827px\" \/><\/div><\/div><\/div><\/div><div class=\"flex_column av_one_full  flex_column_div av-zero-column-padding first  avia-builder-el-2  el_after_av_one_full  el_before_av_one_full  column-top-margin\" style='border-radius:0px; '><section class=\"av_textblock_section \"  itemscope=\"itemscope\" itemtype=\"https:\/\/schema.org\/BlogPosting\" itemprop=\"blogPost\" ><div class='avia_textblock  '   itemprop=\"text\" ><p dir=\"ltr\" style=\"text-align: center;\"><span style=\"font-size: 18pt;\"><strong>Secci\u00f3n A\u00e9rea de Carabineros junto al GOPE Ays\u00e9n rescatan a tres senderistas desde Cerro Kristine<\/strong><\/span><\/p>\n<div id=\"gtx-trans\" style=\"position: absolute; left: -50px; top: 4.31534px;\">\n<div class=\"gtx-trans-icon\"><\/div>\n<\/div>\n<\/div><\/section><\/div><div class=\"flex_column av_one_full  flex_column_div av-zero-column-padding first  avia-builder-el-4  el_after_av_one_full  el_before_av_hr  column-top-margin\" style='border-radius:0px; '><section class=\"av_textblock_section \"  itemscope=\"itemscope\" itemtype=\"https:\/\/schema.org\/BlogPosting\" itemprop=\"blogPost\" ><div class='avia_textblock  '   itemprop=\"text\" ><p dir=\"ltr\" style=\"text-align: justify;\">Un operativo de emergencia conjunto, liderado por Carabineros de la Secci\u00f3n A\u00e9rea Coyhaique y una patrulla del Grupo de Operaciones Policiales Especiales (GOPE), culmin\u00f3 con \u00e9xito, luego que durante la tarde del domingo, concretaron el rescate de tres personas, quienes se encontraban atrapadas en el Cerro Kristine, en la Regi\u00f3n de Ays\u00e9n.<\/p>\n<p dir=\"ltr\" style=\"text-align: justify;\">La operaci\u00f3n, coordinada a trav\u00e9s de la Central de Comunicaciones (Cenco) Ays\u00e9n, se activ\u00f3 tras la alerta de un grupo de excursionistas en situaci\u00f3n de riesgo, ocasi\u00f3n en que la aeronave institucional jug\u00f3 un rol clave en el \u00e9xito de la evacuaci\u00f3n.<\/p>\n<p dir=\"ltr\" style=\"text-align: justify;\">Al respecto el Jefe de la Secci\u00f3n A\u00e9rea, Teniente Coronel Gerardo Gonz\u00e1lez L\u00f3pez indic\u00f3 que \u201cdurante la madrugada del domingo, Carabineros recibi\u00f3 una comunicaci\u00f3n sobre personas que se encontraban aisladas y lesionadas en el sector Jeinimeni Parque Nacional Patagonia, mientras efectuaban senderismo en el lugar. En este contexto, sufren lesiones de diversa \u00edndole, por lo cual Carabineros organiza un operativo de rescate en conjunto entre la Secci\u00f3n A\u00e9rea Coyhaique y el GOPE Ays\u00e9n\u201d, indic\u00f3.<\/p>\n<p dir=\"ltr\" style=\"text-align: justify;\">Tras lo anterior la Secci\u00f3n A\u00e9rea junto al GOPE lograron evacuar a las tres personas, quienes fueron trasladadas v\u00eda a\u00e9rea hasta el Hospital regional de Coyhaique, siendo recibidos por personal del Servicio de Atenci\u00f3n M\u00e9dica de Urgencia (SAMU) con la finalidad de brindar la primera atenci\u00f3n m\u00e9dica a los afectados.<\/p>\n<p dir=\"ltr\" style=\"text-align: justify;\">El Teniente Coronel Gerardo Gonz\u00e1lez L\u00f3pez a\u00f1adi\u00f3 que las condiciones del lugar presentaban una alta complejidad, dada la presencia del viento blanco, as\u00ed como las dificultades de acceso hacia el sector monta\u00f1oso.<\/p>\n<p dir=\"ltr\" style=\"text-align: justify;\">\u201cEsto dificult\u00f3 tanto el descenso de estas personas que se encuentran lesionadas como la operaci\u00f3n del helic\u00f3ptero, sin embargo, logramos trasladarlos hasta el hospital regional de Coyhaique, donde se encuentran sin riesgo vital\u201d, precis\u00f3 el Jefe de la Secci\u00f3n A\u00e9rea de Carabineros.<\/p>\n<p dir=\"ltr\" style=\"text-align: justify;\">Los antecedentes fueron informados a la Fiscal\u00eda, siendo solicitado a la 1ra Comisar\u00eda de esta ciudad, la toma de declaraci\u00f3n a las v\u00edctimas con la finalidad de conocer las circunstancias de este hecho.<\/p>\n<div class=\"yj6qo\" style=\"text-align: justify;\"><\/div>\n<div class=\"adL\" style=\"text-align: justify;\"><\/div>\n<\/div><\/section><\/div><div  style='height:50px' class='hr hr-invisible   avia-builder-el-6  el_after_av_one_full  el_before_av_social_share '><span class='hr-inner ' ><span class='hr-inner-style'><\/span><\/span><\/div><\/p>\n<div  class='av-social-sharing-box  avia-builder-el-7  el_after_av_hr  el_before_av_hr  '><div class='av-share-box'><h5 class='av-share-link-description av-no-toc '>Compartir esta noticia<\/h5><ul class='av-share-box-list noLightbox'><li class='av-share-link av-social-link-facebook' ><a target=\"_blank\" aria-label=\"Compartir en Facebook\" href='https:\/\/www.facebook.com\/sharer.php?u=https:\/\/radiorevelacionfm.cl\/?p=57925&#038;t=Secci%C3%B3n%20A%C3%A9rea%20de%20Carabineros%20junto%20al%20GOPE%20Ays%C3%A9n%20rescatan%20a%20tres%20senderistas%20desde%20Cerro%20Kristine' aria-hidden='false' data-av_icon='\ue8f3' data-av_iconfont='entypo-fontello' title='' data-avia-related-tooltip='Compartir en Facebook' rel=\"noopener\"><span class='avia_hidden_link_text'>Compartir en Facebook<\/span><\/a><\/li><li class='av-share-link av-social-link-twitter' ><a target=\"_blank\" aria-label=\"Compartir en Twitter\" href='https:\/\/twitter.com\/share?text=Secci%C3%B3n%20A%C3%A9rea%20de%20Carabineros%20junto%20al%20GOPE%20Ays%C3%A9n%20rescatan%20a%20tres%20senderistas%20desde%20Cerro%20Kristine&#038;url=https:\/\/radiorevelacionfm.cl\/?p=57925' aria-hidden='false' data-av_icon='\ue8f1' data-av_iconfont='entypo-fontello' title='' data-avia-related-tooltip='Compartir en Twitter' rel=\"noopener\"><span class='avia_hidden_link_text'>Compartir en Twitter<\/span><\/a><\/li><li class='av-share-link av-social-link-whatsapp' ><a target=\"_blank\" aria-label=\"Compartir en Whatsapp\" href='https:\/\/api.whatsapp.com\/send?text=https:\/\/radiorevelacionfm.cl\/?p=57925' aria-hidden='false' data-av_icon='\uf232' data-av_iconfont='entypo-fontello' title='' data-avia-related-tooltip='Compartir en Whatsapp' rel=\"noopener\"><span class='avia_hidden_link_text'>Compartir en Whatsapp<\/span><\/a><\/li><li class='av-share-link av-social-link-linkedin' ><a target=\"_blank\" aria-label=\"Compartir en LinkedIn\" href='https:\/\/linkedin.com\/shareArticle?mini=true&#038;title=Secci%C3%B3n%20A%C3%A9rea%20de%20Carabineros%20junto%20al%20GOPE%20Ays%C3%A9n%20rescatan%20a%20tres%20senderistas%20desde%20Cerro%20Kristine&#038;url=https:\/\/radiorevelacionfm.cl\/?p=57925' aria-hidden='false' data-av_icon='\ue8fc' data-av_iconfont='entypo-fontello' title='' data-avia-related-tooltip='Compartir en LinkedIn' rel=\"noopener\"><span class='avia_hidden_link_text'>Compartir en LinkedIn<\/span><\/a><\/li><li class='av-share-link av-social-link-mail' ><a  aria-label=\"Compartir por correo\" href='mailto:?subject=Secci%C3%B3n%20A%C3%A9rea%20de%20Carabineros%20junto%20al%20GOPE%20Ays%C3%A9n%20rescatan%20a%20tres%20senderistas%20desde%20Cerro%20Kristine&#038;body=https:\/\/radiorevelacionfm.cl\/?p=57925' aria-hidden='false' data-av_icon='\ue805' data-av_iconfont='entypo-fontello' title='' data-avia-related-tooltip='Compartir por correo'><span class='avia_hidden_link_text'>Compartir por correo<\/span><\/a><\/li><\/ul><\/div><\/div>\n<div  style='height:50px' class='hr hr-invisible   avia-builder-el-8  el_after_av_social_share  el_before_av_comments_list '><span class='hr-inner ' ><span class='hr-inner-style'><\/span><\/span><\/div>\n<div  class='av-buildercomment  av-blog-meta-html-info-disabled av-blog-meta-tag-disabled  '><\/div>\n","protected":false},"excerpt":{"rendered":"","protected":false},"author":1,"featured_media":57926,"comment_status":"closed","ping_status":"closed","sticky":false,"template":"","format":"standard","meta":{"footnotes":""},"categories":[36],"tags":[],"class_list":["post-57925","post","type-post","status-publish","format-standard","has-post-thumbnail","hentry","category-policial"],"jetpack_featured_media_url":"https:\/\/radiorevelacionfm.cl\/wp-content\/uploads\/2025\/08\/f758a4da-3c9c-4943-8abf-5c2afb3d1710-1-1.jpg","_links":{"self":[{"href":"https:\/\/radiorevelacionfm.cl\/index.php?rest_route=\/wp\/v2\/posts\/57925","targetHints":{"allow":["GET"]}}],"collection":[{"href":"https:\/\/radiorevelacionfm.cl\/index.php?rest_route=\/wp\/v2\/posts"}],"about":[{"href":"https:\/\/radiorevelacionfm.cl\/index.php?rest_route=\/wp\/v2\/types\/post"}],"author":[{"embeddable":true,"href":"https:\/\/radiorevelacionfm.cl\/index.php?rest_route=\/wp\/v2\/users\/1"}],"replies":[{"embeddable":true,"href":"https:\/\/radiorevelacionfm.cl\/index.php?rest_route=%2Fwp%2Fv2%2Fcomments&post=57925"}],"version-history":[{"count":2,"href":"https:\/\/radiorevelacionfm.cl\/index.php?rest_route=\/wp\/v2\/posts\/57925\/revisions"}],"predecessor-version":[{"id":57928,"href":"https:\/\/radiorevelacionfm.cl\/index.php?rest_route=\/wp\/v2\/posts\/57925\/revisions\/57928"}],"wp:featuredmedia":[{"embeddable":true,"href":"https:\/\/radiorevelacionfm.cl\/index.php?rest_route=\/wp\/v2\/media\/57926"}],"wp:attachment":[{"href":"https:\/\/radiorevelacionfm.cl\/index.php?rest_route=%2Fwp%2Fv2%2Fmedia&parent=57925"}],"wp:term":[{"taxonomy":"category","embeddable":true,"href":"https:\/\/radiorevelacionfm.cl\/index.php?rest_route=%2Fwp%2Fv2%2Fcategories&post=57925"},{"taxonomy":"post_tag","embeddable":true,"href":"https:\/\/radiorevelacionfm.cl\/index.php?rest_route=%2Fwp%2Fv2%2Ftags&post=57925"}],"curies":[{"name":"wp","href":"https:\/\/api.w.org\/{rel}","templated":true}]}}