{"id":57921,"date":"2025-08-17T18:03:34","date_gmt":"2025-08-17T21:03:34","guid":{"rendered":"https:\/\/radiorevelacionfm.cl\/?p=57921"},"modified":"2025-08-17T18:03:34","modified_gmt":"2025-08-17T21:03:34","slug":"hospital-de-puerto-aysen-realiza-su-primera-cirugia-de-reemplazo-total-de-rodilla","status":"publish","type":"post","link":"https:\/\/radiorevelacionfm.cl\/?p=57921","title":{"rendered":"Hospital de Puerto Ays\u00e9n realiza su primera cirug\u00eda de reemplazo total de rodilla"},"content":{"rendered":"<div class=\"flex_column av_one_full  flex_column_div av-zero-column-padding first  avia-builder-el-0  el_before_av_one_full  avia-builder-el-first  \" style='border-radius:0px; '><div  class='avia-image-container  av-styling-    avia-builder-el-1  avia-builder-el-no-sibling  avia-align-center '  itemprop=\"image\" itemscope=\"itemscope\" itemtype=\"https:\/\/schema.org\/ImageObject\"  ><div class='avia-image-container-inner'><div class='avia-image-overlay-wrap'><img decoding=\"async\" class='wp-image-57922 avia-img-lazy-loading-not-57922 avia_image' src=\"https:\/\/radiorevelacionfm.cl\/wp-content\/uploads\/2025\/08\/pabellon-rodilla-010-1_optimized.jpg\" alt='' title='pabellon-rodilla-010-(1)_optimized' height=\"600\" width=\"900\"  itemprop=\"thumbnailUrl\" srcset=\"https:\/\/radiorevelacionfm.cl\/wp-content\/uploads\/2025\/08\/pabellon-rodilla-010-1_optimized.jpg 900w, https:\/\/radiorevelacionfm.cl\/wp-content\/uploads\/2025\/08\/pabellon-rodilla-010-1_optimized-300x200.jpg 300w, https:\/\/radiorevelacionfm.cl\/wp-content\/uploads\/2025\/08\/pabellon-rodilla-010-1_optimized-768x512.jpg 768w, https:\/\/radiorevelacionfm.cl\/wp-content\/uploads\/2025\/08\/pabellon-rodilla-010-1_optimized-705x470.jpg 705w, https:\/\/radiorevelacionfm.cl\/wp-content\/uploads\/2025\/08\/pabellon-rodilla-010-1_optimized-450x300.jpg 450w, https:\/\/radiorevelacionfm.cl\/wp-content\/uploads\/2025\/08\/pabellon-rodilla-010-1_optimized-600x400.jpg 600w\" sizes=\"(max-width: 900px) 100vw, 900px\" \/><\/div><\/div><\/div><\/div><div class=\"flex_column av_one_full  flex_column_div av-zero-column-padding first  avia-builder-el-2  el_after_av_one_full  el_before_av_one_full  column-top-margin\" style='border-radius:0px; '><section class=\"av_textblock_section \"  itemscope=\"itemscope\" itemtype=\"https:\/\/schema.org\/BlogPosting\" itemprop=\"blogPost\" ><div class='avia_textblock  '   itemprop=\"text\" ><p style=\"text-align: center;\"><span style=\"font-size: 18pt;\"><b>Hospital de Puerto Ays\u00e9n realiza su primera cirug\u00eda de reemplazo total de rodilla<\/b><\/span><\/p>\n<div id=\"gtx-trans\" style=\"position: absolute; left: -50px; top: 4.31534px;\">\n<div class=\"gtx-trans-icon\"><\/div>\n<\/div>\n<\/div><\/section><\/div><div class=\"flex_column av_one_full  flex_column_div av-zero-column-padding first  avia-builder-el-4  el_after_av_one_full  el_before_av_hr  column-top-margin\" style='border-radius:0px; '><section class=\"av_textblock_section \"  itemscope=\"itemscope\" itemtype=\"https:\/\/schema.org\/BlogPosting\" itemprop=\"blogPost\" ><div class='avia_textblock  '   itemprop=\"text\" ><p style=\"font-weight: 400; text-align: justify;\"><em>La cirug\u00eda, realizada a un paciente de Puerto Chacabuco, marca un hito que refuerza la capacidad resolutiva del hospital<\/em><\/p>\n<p style=\"font-weight: 400; text-align: justify;\">El Hospital de Puerto Ays\u00e9n ha dado un paso hist\u00f3rico al materializar exitosamente su primera cirug\u00eda de artroplastia total de rodilla, un hito que marca el inicio de una etapa de mayor capacidad resolutiva en este centro asistencial de mediana complejidad. El procedimiento posiciona al hospital como el segundo m\u00e1s importante de la red asistencial en la realizaci\u00f3n de prestaciones especializadas, desarrollando la medicina de alta precisi\u00f3n a los habitantes de la Regi\u00f3n de Ays\u00e9n.<\/p>\n<p style=\"font-weight: 400; text-align: justify;\">Este importante avance fue posible gracias al trabajo conjunto de un equipo m\u00e9dico multidisciplinario conformado por especialistas en traumatolog\u00eda y otros profesionales de la salud. La cirug\u00eda, practicada en un paciente de Puerto Chacabuco que actualmente se encuentra en proceso de recuperaci\u00f3n, simboliza un gran paso hacia la descentralizaci\u00f3n de intervenciones m\u00e9dicas complejas que anteriormente solo se realizaban en el Hospital Regional Coyhaique.<\/p>\n<p style=\"font-weight: 400; text-align: justify;\">El Director del Hospital de Puerto Ays\u00e9n, Hern\u00e1n Barrientos Hern\u00e1ndez, subray\u00f3 la relevancia de este logro.<\/p>\n<p style=\"font-weight: 400; text-align: justify;\">\u201cEsta cirug\u00eda es fruto de una preparaci\u00f3n cuidadosa y del esfuerzo colectivo de nuestros equipos cl\u00ednicos, no cl\u00ednicos y administrativos. Nos enorgullece demostrar que estamos preparados para asumir desaf\u00edos de mayor complejidad quir\u00fargica y comprometidos con responder de manera eficiente a las necesidades de nuestra poblaci\u00f3n, trabajando en red. Este hito se suma a las acciones que hemos impulsado para agilizar la resoluci\u00f3n de la lista de espera en esta y otras patolog\u00edas, entregando soluciones m\u00e1s r\u00e1pidas, cercanas y de calidad a nuestros usuarios y usuarias\u201d, dijo Barrientos.<\/p>\n<p style=\"font-weight: 400; text-align: justify;\">Para alcanzar este avance, se trabaj\u00f3 en una estrecha coordinaci\u00f3n con el Hospital Regional Coyhaique, cuyos especialistas brindaron apoyo fundamental para la realizaci\u00f3n de la cirug\u00eda.<\/p>\n<p style=\"font-weight: 400; text-align: justify;\">El Dr. Alejandro Godoy, Traumat\u00f3logo del Hospital Regional, expres\u00f3, \u201ceste \u00e9xito muestra que los equipos m\u00e9dicos de Ays\u00e9n tienen la capacidad de superar retos relevantes en el \u00e1rea de la salud y resolver casos que anteriormente hubieran sido mucho m\u00e1s dif\u00edciles de abordar localmente.\u201d<\/p>\n<p style=\"font-weight: 400; text-align: justify;\">De igual modo, el Dr. Jos\u00e9 Tom\u00e1s P\u00e9rez, Traumat\u00f3logo y jefe de Pabell\u00f3n del Hospital de Puerto Ays\u00e9n, destac\u00f3 la trascendencia de esta noticia tanto para el paciente como para seguir avanzando hacia una mayor resolutividad.<\/p>\n<p style=\"font-weight: 400; text-align: justify;\">\u201cNuestro objetivo es abrir camino hacia intervenciones cada vez m\u00e1s complejas, permitiendo que cirug\u00edas de esta magnitud tengan continuidad y se normalicen dentro de la cartera de servicios de nuestro hospital en beneficio de la comunidad\u201d.<\/p>\n<p style=\"font-weight: 400; text-align: justify;\">Por su parte, el Dr. Diego de los Santos, tambi\u00e9n integrante del equipo de traumatolog\u00eda, habl\u00f3 sobre el beneficio operacional que trae este avance: \u201cEste logro permite aliviar la congesti\u00f3n en el Hospital Regional Coyhaique, descentralizando la atenci\u00f3n para que los pacientes de la provincia puedan acceder a intervenciones complejas sin necesidad de largos viajes\u201d.<\/p>\n<p style=\"font-weight: 400; text-align: justify;\">Este importante logro reafirma la posici\u00f3n del Hospital de Puerto Ays\u00e9n como un establecimiento en constante crecimiento, capaz de ofrecer servicios de salud m\u00e1s complejos y especializados. Gracias a este avance, la comunidad podr\u00e1 acceder a soluciones cl\u00ednicas de alta calidad directamente en la provincia de Ays\u00e9n.<\/p>\n<\/div><\/section><\/div><div  style='height:50px' class='hr hr-invisible   avia-builder-el-6  el_after_av_one_full  el_before_av_social_share '><span class='hr-inner ' ><span class='hr-inner-style'><\/span><\/span><\/div><\/p>\n<div  class='av-social-sharing-box  avia-builder-el-7  el_after_av_hr  el_before_av_hr  '><div class='av-share-box'><h5 class='av-share-link-description av-no-toc '>Compartir esta noticia<\/h5><ul class='av-share-box-list noLightbox'><li class='av-share-link av-social-link-facebook' ><a target=\"_blank\" aria-label=\"Compartir en Facebook\" href='https:\/\/www.facebook.com\/sharer.php?u=https:\/\/radiorevelacionfm.cl\/?p=57921&#038;t=Hospital%20de%20Puerto%20Ays%C3%A9n%20realiza%20su%20primera%20cirug%C3%ADa%20de%20reemplazo%20total%20de%20rodilla' aria-hidden='false' data-av_icon='\ue8f3' data-av_iconfont='entypo-fontello' title='' data-avia-related-tooltip='Compartir en Facebook' rel=\"noopener\"><span class='avia_hidden_link_text'>Compartir en Facebook<\/span><\/a><\/li><li class='av-share-link av-social-link-twitter' ><a target=\"_blank\" aria-label=\"Compartir en Twitter\" href='https:\/\/twitter.com\/share?text=Hospital%20de%20Puerto%20Ays%C3%A9n%20realiza%20su%20primera%20cirug%C3%ADa%20de%20reemplazo%20total%20de%20rodilla&#038;url=https:\/\/radiorevelacionfm.cl\/?p=57921' aria-hidden='false' data-av_icon='\ue8f1' data-av_iconfont='entypo-fontello' title='' data-avia-related-tooltip='Compartir en Twitter' rel=\"noopener\"><span class='avia_hidden_link_text'>Compartir en Twitter<\/span><\/a><\/li><li class='av-share-link av-social-link-whatsapp' ><a target=\"_blank\" aria-label=\"Compartir en Whatsapp\" href='https:\/\/api.whatsapp.com\/send?text=https:\/\/radiorevelacionfm.cl\/?p=57921' aria-hidden='false' data-av_icon='\uf232' data-av_iconfont='entypo-fontello' title='' data-avia-related-tooltip='Compartir en Whatsapp' rel=\"noopener\"><span class='avia_hidden_link_text'>Compartir en Whatsapp<\/span><\/a><\/li><li class='av-share-link av-social-link-linkedin' ><a target=\"_blank\" aria-label=\"Compartir en LinkedIn\" href='https:\/\/linkedin.com\/shareArticle?mini=true&#038;title=Hospital%20de%20Puerto%20Ays%C3%A9n%20realiza%20su%20primera%20cirug%C3%ADa%20de%20reemplazo%20total%20de%20rodilla&#038;url=https:\/\/radiorevelacionfm.cl\/?p=57921' aria-hidden='false' data-av_icon='\ue8fc' data-av_iconfont='entypo-fontello' title='' data-avia-related-tooltip='Compartir en LinkedIn' rel=\"noopener\"><span class='avia_hidden_link_text'>Compartir en LinkedIn<\/span><\/a><\/li><li class='av-share-link av-social-link-mail' ><a  aria-label=\"Compartir por correo\" href='mailto:?subject=Hospital%20de%20Puerto%20Ays%C3%A9n%20realiza%20su%20primera%20cirug%C3%ADa%20de%20reemplazo%20total%20de%20rodilla&#038;body=https:\/\/radiorevelacionfm.cl\/?p=57921' aria-hidden='false' data-av_icon='\ue805' data-av_iconfont='entypo-fontello' title='' data-avia-related-tooltip='Compartir por correo'><span class='avia_hidden_link_text'>Compartir por correo<\/span><\/a><\/li><\/ul><\/div><\/div>\n<div  style='height:50px' class='hr hr-invisible   avia-builder-el-8  el_after_av_social_share  el_before_av_comments_list '><span class='hr-inner ' ><span class='hr-inner-style'><\/span><\/span><\/div>\n<div  class='av-buildercomment  av-blog-meta-html-info-disabled av-blog-meta-tag-disabled  '><\/div>\n","protected":false},"excerpt":{"rendered":"","protected":false},"author":1,"featured_media":57922,"comment_status":"closed","ping_status":"closed","sticky":false,"template":"","format":"standard","meta":{"footnotes":""},"categories":[46],"tags":[],"class_list":["post-57921","post","type-post","status-publish","format-standard","has-post-thumbnail","hentry","category-salud"],"jetpack_featured_media_url":"https:\/\/radiorevelacionfm.cl\/wp-content\/uploads\/2025\/08\/pabellon-rodilla-010-1_optimized.jpg","_links":{"self":[{"href":"https:\/\/radiorevelacionfm.cl\/index.php?rest_route=\/wp\/v2\/posts\/57921","targetHints":{"allow":["GET"]}}],"collection":[{"href":"https:\/\/radiorevelacionfm.cl\/index.php?rest_route=\/wp\/v2\/posts"}],"about":[{"href":"https:\/\/radiorevelacionfm.cl\/index.php?rest_route=\/wp\/v2\/types\/post"}],"author":[{"embeddable":true,"href":"https:\/\/radiorevelacionfm.cl\/index.php?rest_route=\/wp\/v2\/users\/1"}],"replies":[{"embeddable":true,"href":"https:\/\/radiorevelacionfm.cl\/index.php?rest_route=%2Fwp%2Fv2%2Fcomments&post=57921"}],"version-history":[{"count":2,"href":"https:\/\/radiorevelacionfm.cl\/index.php?rest_route=\/wp\/v2\/posts\/57921\/revisions"}],"predecessor-version":[{"id":57924,"href":"https:\/\/radiorevelacionfm.cl\/index.php?rest_route=\/wp\/v2\/posts\/57921\/revisions\/57924"}],"wp:featuredmedia":[{"embeddable":true,"href":"https:\/\/radiorevelacionfm.cl\/index.php?rest_route=\/wp\/v2\/media\/57922"}],"wp:attachment":[{"href":"https:\/\/radiorevelacionfm.cl\/index.php?rest_route=%2Fwp%2Fv2%2Fmedia&parent=57921"}],"wp:term":[{"taxonomy":"category","embeddable":true,"href":"https:\/\/radiorevelacionfm.cl\/index.php?rest_route=%2Fwp%2Fv2%2Fcategories&post=57921"},{"taxonomy":"post_tag","embeddable":true,"href":"https:\/\/radiorevelacionfm.cl\/index.php?rest_route=%2Fwp%2Fv2%2Ftags&post=57921"}],"curies":[{"name":"wp","href":"https:\/\/api.w.org\/{rel}","templated":true}]}}