{"id":5792,"date":"2021-06-30T20:15:45","date_gmt":"2021-06-30T23:15:45","guid":{"rendered":"https:\/\/radiorevelacionfm.cl\/?p=5792"},"modified":"2021-06-30T20:15:45","modified_gmt":"2021-06-30T23:15:45","slug":"nuevo-concejo-municipal-de-lago-verde-asume-compromiso-de-un-trabajo-conjunto-en-bien-de-la-comunidad","status":"publish","type":"post","link":"https:\/\/radiorevelacionfm.cl\/?p=5792","title":{"rendered":"Nuevo Concejo Municipal de Lago Verde asume compromiso de un trabajo conjunto en bien de la comunidad"},"content":{"rendered":"<div class=\"flex_column av_one_full  flex_column_div av-zero-column-padding first  avia-builder-el-0  el_before_av_one_full  avia-builder-el-first  \" style='border-radius:0px; '><div  class='avia-image-container  av-styling-    avia-builder-el-1  avia-builder-el-no-sibling  avia-align-center '  itemprop=\"image\" itemscope=\"itemscope\" itemtype=\"https:\/\/schema.org\/ImageObject\"  ><div class='avia-image-container-inner'><div class='avia-image-overlay-wrap'><img decoding=\"async\" class='wp-image-5793 avia-img-lazy-loading-not-5793 avia_image' src=\"https:\/\/radiorevelacionfm.cl\/wp-content\/uploads\/2021\/06\/Lago-Verde-concejo-3-1-1.jpeg\" alt='' title='Lago Verde concejo 3 (1) (1)' height=\"600\" width=\"900\"  itemprop=\"thumbnailUrl\" srcset=\"https:\/\/radiorevelacionfm.cl\/wp-content\/uploads\/2021\/06\/Lago-Verde-concejo-3-1-1.jpeg 900w, https:\/\/radiorevelacionfm.cl\/wp-content\/uploads\/2021\/06\/Lago-Verde-concejo-3-1-1-300x200.jpeg 300w, https:\/\/radiorevelacionfm.cl\/wp-content\/uploads\/2021\/06\/Lago-Verde-concejo-3-1-1-768x512.jpeg 768w, https:\/\/radiorevelacionfm.cl\/wp-content\/uploads\/2021\/06\/Lago-Verde-concejo-3-1-1-705x470.jpeg 705w, https:\/\/radiorevelacionfm.cl\/wp-content\/uploads\/2021\/06\/Lago-Verde-concejo-3-1-1-600x400.jpeg 600w\" sizes=\"(max-width: 900px) 100vw, 900px\" \/><\/div><\/div><\/div><\/div><div class=\"flex_column av_one_full  flex_column_div av-zero-column-padding first  avia-builder-el-2  el_after_av_one_full  el_before_av_one_full  column-top-margin\" style='border-radius:0px; '><section class=\"av_textblock_section \"  itemscope=\"itemscope\" itemtype=\"https:\/\/schema.org\/BlogPosting\" itemprop=\"blogPost\" ><div class='avia_textblock  '   itemprop=\"text\" ><p style=\"text-align: center;\"><strong><span style=\"font-size: 18pt;\">Nuevo Concejo Municipal de Lago Verde asume compromiso de un trabajo conjunto en bien de la comunidad<\/span><\/strong><\/p>\n<div id=\"gtx-trans\" style=\"position: absolute; left: -50px; top: 4.31534px;\">\n<div class=\"gtx-trans-icon\"><\/div>\n<\/div>\n<\/div><\/section><\/div><div class=\"flex_column av_one_full  flex_column_div av-zero-column-padding first  avia-builder-el-4  el_after_av_one_full  el_before_av_hr  column-top-margin\" style='border-radius:0px; '><section class=\"av_textblock_section \"  itemscope=\"itemscope\" itemtype=\"https:\/\/schema.org\/BlogPosting\" itemprop=\"blogPost\" ><div class='avia_textblock  '   itemprop=\"text\" ><p style=\"text-align: justify;\">Tal como ocurri\u00f3 en todo nuestro pa\u00eds, este lunes asumi\u00f3 el nuevo Concejo Municipal de Lago Verde, encabezado por su Alcalde Nelson Opazo L\u00f3pez, quien se mostr\u00f3 agradecido del apoyo ciudadano, lo que asegur\u00f3 corresponder\u00e1 con el trabajo en las diversas \u00e1reas sociales y productivas en toda la comuna.<\/p>\n<p style=\"text-align: justify;\">Adem\u00e1s, la autoridad dijo que al enfrentar su tercer periodo, podr\u00e1 redoblar el esfuerzo y compromiso para culminar importantes iniciativas.<\/p>\n<p style=\"text-align: justify;\">\u201cFeliz de poder redoblar nuestro esfuerzo, nuestro compromiso y generar este trabajo que de alguna manera nos va a permitir cerrar muchas iniciativas que estamos en proceso de finalizar. Pero por sobre todo quisiera destacar y quisiera felicitar de todo coraz\u00f3n al nuevo Concejo que asume, con una visi\u00f3n absolutamente comprometida con sus localidades. M\u00e1s all\u00e1 de sus colores, se ven personas que quieren aportar y trabajar en funci\u00f3n de las necesidades de sus vecinos. Por eso es que, quiero felicitar en forma muy especial a todos nuestros Concejales que asumieron a partir de hoy. Obviamente nuestra administraci\u00f3n va a estar como siempre lo ha estado, en funci\u00f3n de atender cada una de las necesidades de nuestros vecinos y vecinas de la mejor forma posible\u201d.<\/p>\n<p style=\"text-align: justify;\">Ra\u00fal Becerra Escobar, enfrenta por primera vez la labor de Concejal y se\u00f1al\u00f3 que esta es \u201cuna etapa bastante nueva para m\u00ed, pero siempre la confianza y la disposici\u00f3n para poder trabajar por la comunidad, por nuestros adultos mayores, que nos hicieron llegar hoy en d\u00eda a este camino. Y no olvidarse de los ni\u00f1os, que son quienes van a tomar nuestro legado posteriormente, as\u00ed es que, llamo a la comunidad a estar siempre presente y yo como Concejal dispuesto a aportar lo poco que he aprendido en el tema p\u00fablico\u201d.<\/p>\n<p style=\"text-align: justify;\">Celio Cadag\u00e1n Pinilla, logr\u00f3 ser reelecto para nuevo periodo en el Concejo Municipal de Lago Verde, quien dio a conocer su emoci\u00f3n de contar con la confianza de la comunidad. \u201cEs una emoci\u00f3n, una felicidad enorme, contar con la confianza de mucha gente de nuestra comuna y eso como persona me pone contento. Fueron tiempos dif\u00edciles donde no se pudo hacer mucha campa\u00f1a, mi forma de hacer campa\u00f1a en este periodo fue v\u00eda telef\u00f3nica, no con mucha visita, pero afortunadamente la gente puso su voto de confianza y eso me pone muy contento\u201d.<\/p>\n<p style=\"text-align: justify;\">Carolina Loncochino Rosas, es otra nueva integrante del Concejo para la comuna de Lago Verde y puso en valor el poder enfrentar este desaf\u00edo con apoyo del Alcalde Nelson Opazo. \u201cLa verdad estoy muy contenta, una decisi\u00f3n que ten\u00eda pensada hace mucho tiempo, don Nelson me dio la oportunidad y de verdad espero ser un aporte a mi comuna. Creo que necesitamos gente m\u00e1s joven, gente que se atreva, hay que trabajar con las organizaciones, con los j\u00f3venes, con los adultos mayores, tengo todas las ganas de sacar a mi comuna adelante, de seguir avanzando junto a don Nelson y a los dem\u00e1s Concejales, yo creo que vamos a realizar un buen trabajo en equipo\u201d.<\/p>\n<p style=\"text-align: justify;\">En tanto, la Concejala Viviana Rivera Peralta, se\u00f1alo que en base a su conocimiento del servicio p\u00fablico, espera trabajar con la gente y para la gente de su comuna. \u201cTrabaj\u00e9 muchos a\u00f1os en la municipalidad, pero tambi\u00e9n es un gran desaf\u00edo representar al pueblo que lo eligi\u00f3 a uno, agradecer el voto de confianza de la gente que estuvo con nosotros y por eso estamos ac\u00e1. As\u00ed es que, mi compromiso es trabajar con la gente y para la gente\u201d.<\/p>\n<p style=\"text-align: justify;\">H\u00e9ctor Godoy Pinilla, busca ser un aporte para la comuna, a trav\u00e9s del trabajo que se desarrollar\u00e1 con el Concejo Municipal de Lago Verde. \u201cEstoy muy contento y agradecer la posibilidad que se me est\u00e1 dando, quiero ser un buen aporte para mi comuna y trabajar en conjunto con mis colegas y el Alcalde, para sacar adelante todo esto, que es un nuevo desaf\u00edo para m\u00ed\u201d.<\/p>\n<p style=\"text-align: justify;\">El Concejal, Pedro Reyes Vega, manifest\u00f3 esta una instancia llena de emociones, pero con el compromiso de seguir respaldando el trabajo y la gesti\u00f3n del Alcalde Nelson Opazo.<\/p>\n<p style=\"text-align: justify;\">\u201cPara m\u00ed es un d\u00eda s\u00faper especial, yo s\u00e9 que represento a mi familia, nacimos en Tapera y ahora nuestra idea es hacer el mayor esfuerzo para estar a la altura de la responsabilidad y el apoyo que me dio la gente. Es un d\u00eda de muchas emociones, muy importante y esperamos que de aqu\u00ed al 2024 todo el programa de trabajo que tenemos liderado por don Nelson Opazo L\u00f3pez, podamos ejecutarlo como corresponde\u201d.<\/p>\n<p style=\"text-align: justify;\">Lo destacable de este nuevo Concejo Municipal de Lago Verde es que, todos muestras la disposici\u00f3n y voluntad de trabajar en conjunto en bien de los habitantes de toda la comuna, en las materias que son urgentes, a corto, mediano y largo plazo. Sin dejar de lado los tiempos de pandemia en los que estamos viviendo, reforzando el mensaje preventivo y potenciando las acciones que desde la Municipalidad se puedan realizar en beneficio de la ciudadan\u00eda.<\/p>\n<\/div><\/section><\/div><div  style='height:50px' class='hr hr-invisible   avia-builder-el-6  el_after_av_one_full  el_before_av_social_share '><span class='hr-inner ' ><span class='hr-inner-style'><\/span><\/span><\/div><\/p>\n<div  class='av-social-sharing-box  avia-builder-el-7  el_after_av_hr  el_before_av_hr  '><div class='av-share-box'><h5 class='av-share-link-description av-no-toc '>Compartir esta noticia<\/h5><ul class='av-share-box-list noLightbox'><li class='av-share-link av-social-link-facebook' ><a target=\"_blank\" aria-label=\"Compartir en Facebook\" href='https:\/\/www.facebook.com\/sharer.php?u=https:\/\/radiorevelacionfm.cl\/?p=5792&#038;t=Nuevo%20Concejo%20Municipal%20de%20Lago%20Verde%20asume%20compromiso%20de%20un%20trabajo%20conjunto%20en%20bien%20de%20la%20comunidad' aria-hidden='false' data-av_icon='\ue8f3' data-av_iconfont='entypo-fontello' title='' data-avia-related-tooltip='Compartir en Facebook' rel=\"noopener\"><span class='avia_hidden_link_text'>Compartir en Facebook<\/span><\/a><\/li><li class='av-share-link av-social-link-twitter' ><a target=\"_blank\" aria-label=\"Compartir en Twitter\" href='https:\/\/twitter.com\/share?text=Nuevo%20Concejo%20Municipal%20de%20Lago%20Verde%20asume%20compromiso%20de%20un%20trabajo%20conjunto%20en%20bien%20de%20la%20comunidad&#038;url=https:\/\/radiorevelacionfm.cl\/?p=5792' aria-hidden='false' data-av_icon='\ue8f1' data-av_iconfont='entypo-fontello' title='' data-avia-related-tooltip='Compartir en Twitter' rel=\"noopener\"><span class='avia_hidden_link_text'>Compartir en Twitter<\/span><\/a><\/li><li class='av-share-link av-social-link-whatsapp' ><a target=\"_blank\" aria-label=\"Compartir en Whatsapp\" href='https:\/\/api.whatsapp.com\/send?text=https:\/\/radiorevelacionfm.cl\/?p=5792' aria-hidden='false' data-av_icon='\uf232' data-av_iconfont='entypo-fontello' title='' data-avia-related-tooltip='Compartir en Whatsapp' rel=\"noopener\"><span class='avia_hidden_link_text'>Compartir en Whatsapp<\/span><\/a><\/li><li class='av-share-link av-social-link-linkedin' ><a target=\"_blank\" aria-label=\"Compartir en LinkedIn\" href='https:\/\/linkedin.com\/shareArticle?mini=true&#038;title=Nuevo%20Concejo%20Municipal%20de%20Lago%20Verde%20asume%20compromiso%20de%20un%20trabajo%20conjunto%20en%20bien%20de%20la%20comunidad&#038;url=https:\/\/radiorevelacionfm.cl\/?p=5792' aria-hidden='false' data-av_icon='\ue8fc' data-av_iconfont='entypo-fontello' title='' data-avia-related-tooltip='Compartir en LinkedIn' rel=\"noopener\"><span class='avia_hidden_link_text'>Compartir en LinkedIn<\/span><\/a><\/li><li class='av-share-link av-social-link-mail' ><a  aria-label=\"Compartir por correo\" href='mailto:?subject=Nuevo%20Concejo%20Municipal%20de%20Lago%20Verde%20asume%20compromiso%20de%20un%20trabajo%20conjunto%20en%20bien%20de%20la%20comunidad&#038;body=https:\/\/radiorevelacionfm.cl\/?p=5792' aria-hidden='false' data-av_icon='\ue805' data-av_iconfont='entypo-fontello' title='' data-avia-related-tooltip='Compartir por correo'><span class='avia_hidden_link_text'>Compartir por correo<\/span><\/a><\/li><\/ul><\/div><\/div>\n<div  style='height:50px' class='hr hr-invisible   avia-builder-el-8  el_after_av_social_share  el_before_av_comments_list '><span class='hr-inner ' ><span class='hr-inner-style'><\/span><\/span><\/div>\n<div  class='av-buildercomment  av-blog-meta-html-info-disabled av-blog-meta-tag-disabled  '><\/div>\n","protected":false},"excerpt":{"rendered":"","protected":false},"author":1,"featured_media":5793,"comment_status":"open","ping_status":"open","sticky":false,"template":"","format":"standard","meta":{"footnotes":""},"categories":[38],"tags":[],"class_list":["post-5792","post","type-post","status-publish","format-standard","has-post-thumbnail","hentry","category-regional"],"jetpack_featured_media_url":"https:\/\/radiorevelacionfm.cl\/wp-content\/uploads\/2021\/06\/Lago-Verde-concejo-3-1-1.jpeg","_links":{"self":[{"href":"https:\/\/radiorevelacionfm.cl\/index.php?rest_route=\/wp\/v2\/posts\/5792","targetHints":{"allow":["GET"]}}],"collection":[{"href":"https:\/\/radiorevelacionfm.cl\/index.php?rest_route=\/wp\/v2\/posts"}],"about":[{"href":"https:\/\/radiorevelacionfm.cl\/index.php?rest_route=\/wp\/v2\/types\/post"}],"author":[{"embeddable":true,"href":"https:\/\/radiorevelacionfm.cl\/index.php?rest_route=\/wp\/v2\/users\/1"}],"replies":[{"embeddable":true,"href":"https:\/\/radiorevelacionfm.cl\/index.php?rest_route=%2Fwp%2Fv2%2Fcomments&post=5792"}],"version-history":[{"count":1,"href":"https:\/\/radiorevelacionfm.cl\/index.php?rest_route=\/wp\/v2\/posts\/5792\/revisions"}],"predecessor-version":[{"id":5794,"href":"https:\/\/radiorevelacionfm.cl\/index.php?rest_route=\/wp\/v2\/posts\/5792\/revisions\/5794"}],"wp:featuredmedia":[{"embeddable":true,"href":"https:\/\/radiorevelacionfm.cl\/index.php?rest_route=\/wp\/v2\/media\/5793"}],"wp:attachment":[{"href":"https:\/\/radiorevelacionfm.cl\/index.php?rest_route=%2Fwp%2Fv2%2Fmedia&parent=5792"}],"wp:term":[{"taxonomy":"category","embeddable":true,"href":"https:\/\/radiorevelacionfm.cl\/index.php?rest_route=%2Fwp%2Fv2%2Fcategories&post=5792"},{"taxonomy":"post_tag","embeddable":true,"href":"https:\/\/radiorevelacionfm.cl\/index.php?rest_route=%2Fwp%2Fv2%2Ftags&post=5792"}],"curies":[{"name":"wp","href":"https:\/\/api.w.org\/{rel}","templated":true}]}}