{"id":57916,"date":"2025-08-17T17:45:57","date_gmt":"2025-08-17T20:45:57","guid":{"rendered":"https:\/\/radiorevelacionfm.cl\/?p=57916"},"modified":"2025-08-17T19:13:23","modified_gmt":"2025-08-17T22:13:23","slug":"encuentran-a-las-dos-personas-que-estaban-extraviadas-en-el-parque-urbano-las-bardas-en-la-junta","status":"publish","type":"post","link":"https:\/\/radiorevelacionfm.cl\/?p=57916","title":{"rendered":"Encuentran a las dos personas que estaban extraviadas en el Parque Urbano Las Bardas, en La Junta"},"content":{"rendered":"<div class=\"flex_column av_one_full  flex_column_div av-zero-column-padding first  avia-builder-el-0  el_before_av_one_full  avia-builder-el-first  \" style='border-radius:0px; '><div  class='avia-image-container  av-styling-    avia-builder-el-1  avia-builder-el-no-sibling  avia-align-center '  itemprop=\"image\" itemscope=\"itemscope\" itemtype=\"https:\/\/schema.org\/ImageObject\"  ><div class='avia-image-container-inner'><div class='avia-image-overlay-wrap'><img decoding=\"async\" class='wp-image-57930 avia-img-lazy-loading-not-57930 avia_image' src=\"https:\/\/radiorevelacionfm.cl\/wp-content\/uploads\/2025\/08\/gylbp53xqaefted-1_optimized.jpg\" alt='' title='gylbp53xqaefted-(1)_optimized' height=\"615\" width=\"802\"  itemprop=\"thumbnailUrl\" srcset=\"https:\/\/radiorevelacionfm.cl\/wp-content\/uploads\/2025\/08\/gylbp53xqaefted-1_optimized.jpg 802w, https:\/\/radiorevelacionfm.cl\/wp-content\/uploads\/2025\/08\/gylbp53xqaefted-1_optimized-300x230.jpg 300w, https:\/\/radiorevelacionfm.cl\/wp-content\/uploads\/2025\/08\/gylbp53xqaefted-1_optimized-768x589.jpg 768w, https:\/\/radiorevelacionfm.cl\/wp-content\/uploads\/2025\/08\/gylbp53xqaefted-1_optimized-705x541.jpg 705w, https:\/\/radiorevelacionfm.cl\/wp-content\/uploads\/2025\/08\/gylbp53xqaefted-1_optimized-450x345.jpg 450w, https:\/\/radiorevelacionfm.cl\/wp-content\/uploads\/2025\/08\/gylbp53xqaefted-1_optimized-600x460.jpg 600w\" sizes=\"(max-width: 802px) 100vw, 802px\" \/><\/div><\/div><\/div><\/div><div class=\"flex_column av_one_full  flex_column_div av-zero-column-padding first  avia-builder-el-2  el_after_av_one_full  el_before_av_one_full  column-top-margin\" style='border-radius:0px; '><section class=\"av_textblock_section \"  itemscope=\"itemscope\" itemtype=\"https:\/\/schema.org\/BlogPosting\" itemprop=\"blogPost\" ><div class='avia_textblock  '   itemprop=\"text\" ><p style=\"text-align: center;\"><strong><span style=\"font-size: 18pt;\">Encuentran a las dos personas que estaban extraviadas en el Parque Urbano Las Bardas, en La Junta<\/span><\/strong><\/p>\n<div id=\"gtx-trans\" style=\"position: absolute; left: -50px; top: 4.31534px;\">\n<div class=\"gtx-trans-icon\"><\/div>\n<\/div>\n<\/div><\/section><\/div><\/p>\n<div class=\"flex_column av_one_full  flex_column_div av-zero-column-padding first  avia-builder-el-4  el_after_av_one_full  el_before_av_hr  column-top-margin\" style='border-radius:0px; '><section class=\"av_textblock_section \"  itemscope=\"itemscope\" itemtype=\"https:\/\/schema.org\/BlogPosting\" itemprop=\"blogPost\" ><div class='avia_textblock  '   itemprop=\"text\" ><p style=\"text-align: justify;\">Tras activarse el ABC de la Emergencia en la localidad de La Junta, y de acuerdo a informaci\u00f3n proporcionada por personal de Carabineros, alrededor de las 22:30 horas del s\u00e1bado 16 de agosto de 2025, recibieron informaci\u00f3n del extravi\u00f3 de dos personas, esto en el Parque Urbano Las Bardas, ubicado en la localidad de La Junta, en la Comuna de Cisnes.<\/p>\n<p style=\"text-align: justify;\">Personal de Carabineros de La Junta realiz\u00f3 la b\u00fasqueda durante la noche hasta las 03:00 horas de la madrugada aproximadamente, siendo negativo el hallazgo.<\/p>\n<p style=\"text-align: justify;\">Durante esta ma\u00f1ana, personal GOPE de Carabineros comenz\u00f3 con las labores de b\u00fasqueda, iniciando ascenso al sendero del parque a las 09:30 horas, siendo encontrados en buen estado de salud a las 15:44 horas de este domingo.<\/p>\n<p style=\"text-align: justify;\">A ra\u00edz de lo anterior, estas personas fueron trasladadas hasta el CESFAM de la localidad de La Junta, para recibir atenci\u00f3n por parte del personal de salud y evaluar su estado.<\/p>\n<\/div><\/section><\/div>\n<div  style='height:50px' class='hr hr-invisible   avia-builder-el-6  el_after_av_one_full  el_before_av_social_share '><span class='hr-inner ' ><span class='hr-inner-style'><\/span><\/span><\/div>\n<div  class='av-social-sharing-box  avia-builder-el-7  el_after_av_hr  el_before_av_hr  '><div class='av-share-box'><h5 class='av-share-link-description av-no-toc '>Compartir esta noticia<\/h5><ul class='av-share-box-list noLightbox'><li class='av-share-link av-social-link-facebook' ><a target=\"_blank\" aria-label=\"Compartir en Facebook\" href='https:\/\/www.facebook.com\/sharer.php?u=https:\/\/radiorevelacionfm.cl\/?p=57916&#038;t=Encuentran%20a%20las%20dos%20personas%20que%20estaban%20extraviadas%20en%20el%20Parque%20Urbano%20Las%20Bardas%2C%20en%20La%20Junta' aria-hidden='false' data-av_icon='\ue8f3' data-av_iconfont='entypo-fontello' title='' data-avia-related-tooltip='Compartir en Facebook' rel=\"noopener\"><span class='avia_hidden_link_text'>Compartir en Facebook<\/span><\/a><\/li><li class='av-share-link av-social-link-twitter' ><a target=\"_blank\" aria-label=\"Compartir en Twitter\" href='https:\/\/twitter.com\/share?text=Encuentran%20a%20las%20dos%20personas%20que%20estaban%20extraviadas%20en%20el%20Parque%20Urbano%20Las%20Bardas%2C%20en%20La%20Junta&#038;url=https:\/\/radiorevelacionfm.cl\/?p=57916' aria-hidden='false' data-av_icon='\ue8f1' data-av_iconfont='entypo-fontello' title='' data-avia-related-tooltip='Compartir en Twitter' rel=\"noopener\"><span class='avia_hidden_link_text'>Compartir en Twitter<\/span><\/a><\/li><li class='av-share-link av-social-link-whatsapp' ><a target=\"_blank\" aria-label=\"Compartir en Whatsapp\" href='https:\/\/api.whatsapp.com\/send?text=https:\/\/radiorevelacionfm.cl\/?p=57916' aria-hidden='false' data-av_icon='\uf232' data-av_iconfont='entypo-fontello' title='' data-avia-related-tooltip='Compartir en Whatsapp' rel=\"noopener\"><span class='avia_hidden_link_text'>Compartir en Whatsapp<\/span><\/a><\/li><li class='av-share-link av-social-link-linkedin' ><a target=\"_blank\" aria-label=\"Compartir en LinkedIn\" href='https:\/\/linkedin.com\/shareArticle?mini=true&#038;title=Encuentran%20a%20las%20dos%20personas%20que%20estaban%20extraviadas%20en%20el%20Parque%20Urbano%20Las%20Bardas%2C%20en%20La%20Junta&#038;url=https:\/\/radiorevelacionfm.cl\/?p=57916' aria-hidden='false' data-av_icon='\ue8fc' data-av_iconfont='entypo-fontello' title='' data-avia-related-tooltip='Compartir en LinkedIn' rel=\"noopener\"><span class='avia_hidden_link_text'>Compartir en LinkedIn<\/span><\/a><\/li><li class='av-share-link av-social-link-mail' ><a  aria-label=\"Compartir por correo\" href='mailto:?subject=Encuentran%20a%20las%20dos%20personas%20que%20estaban%20extraviadas%20en%20el%20Parque%20Urbano%20Las%20Bardas%2C%20en%20La%20Junta&#038;body=https:\/\/radiorevelacionfm.cl\/?p=57916' aria-hidden='false' data-av_icon='\ue805' data-av_iconfont='entypo-fontello' title='' data-avia-related-tooltip='Compartir por correo'><span class='avia_hidden_link_text'>Compartir por correo<\/span><\/a><\/li><\/ul><\/div><\/div>\n<div  style='height:50px' class='hr hr-invisible   avia-builder-el-8  el_after_av_social_share  el_before_av_comments_list '><span class='hr-inner ' ><span class='hr-inner-style'><\/span><\/span><\/div>\n<div  class='av-buildercomment  av-blog-meta-html-info-disabled av-blog-meta-tag-disabled  '><\/div>\n","protected":false},"excerpt":{"rendered":"","protected":false},"author":1,"featured_media":57930,"comment_status":"closed","ping_status":"closed","sticky":false,"template":"","format":"standard","meta":{"footnotes":""},"categories":[38],"tags":[],"class_list":["post-57916","post","type-post","status-publish","format-standard","has-post-thumbnail","hentry","category-regional"],"jetpack_featured_media_url":"https:\/\/radiorevelacionfm.cl\/wp-content\/uploads\/2025\/08\/gylbp53xqaefted-1_optimized.jpg","_links":{"self":[{"href":"https:\/\/radiorevelacionfm.cl\/index.php?rest_route=\/wp\/v2\/posts\/57916","targetHints":{"allow":["GET"]}}],"collection":[{"href":"https:\/\/radiorevelacionfm.cl\/index.php?rest_route=\/wp\/v2\/posts"}],"about":[{"href":"https:\/\/radiorevelacionfm.cl\/index.php?rest_route=\/wp\/v2\/types\/post"}],"author":[{"embeddable":true,"href":"https:\/\/radiorevelacionfm.cl\/index.php?rest_route=\/wp\/v2\/users\/1"}],"replies":[{"embeddable":true,"href":"https:\/\/radiorevelacionfm.cl\/index.php?rest_route=%2Fwp%2Fv2%2Fcomments&post=57916"}],"version-history":[{"count":4,"href":"https:\/\/radiorevelacionfm.cl\/index.php?rest_route=\/wp\/v2\/posts\/57916\/revisions"}],"predecessor-version":[{"id":57929,"href":"https:\/\/radiorevelacionfm.cl\/index.php?rest_route=\/wp\/v2\/posts\/57916\/revisions\/57929"}],"wp:featuredmedia":[{"embeddable":true,"href":"https:\/\/radiorevelacionfm.cl\/index.php?rest_route=\/wp\/v2\/media\/57930"}],"wp:attachment":[{"href":"https:\/\/radiorevelacionfm.cl\/index.php?rest_route=%2Fwp%2Fv2%2Fmedia&parent=57916"}],"wp:term":[{"taxonomy":"category","embeddable":true,"href":"https:\/\/radiorevelacionfm.cl\/index.php?rest_route=%2Fwp%2Fv2%2Fcategories&post=57916"},{"taxonomy":"post_tag","embeddable":true,"href":"https:\/\/radiorevelacionfm.cl\/index.php?rest_route=%2Fwp%2Fv2%2Ftags&post=57916"}],"curies":[{"name":"wp","href":"https:\/\/api.w.org\/{rel}","templated":true}]}}