{"id":57912,"date":"2025-08-17T15:36:39","date_gmt":"2025-08-17T18:36:39","guid":{"rendered":"https:\/\/radiorevelacionfm.cl\/?p=57912"},"modified":"2025-08-17T15:36:39","modified_gmt":"2025-08-17T18:36:39","slug":"fiscalia-formaliza-investigacion-por-trafico-de-mas-de-11-kilos-de-cannabis-hacia-puerto-aysen","status":"publish","type":"post","link":"https:\/\/radiorevelacionfm.cl\/?p=57912","title":{"rendered":"Fiscal\u00eda formaliza investigaci\u00f3n por tr\u00e1fico de m\u00e1s de 11 kilos de cannabis hacia Puerto Ays\u00e9n"},"content":{"rendered":"<div class=\"flex_column av_one_full  flex_column_div av-zero-column-padding first  avia-builder-el-0  el_before_av_one_full  avia-builder-el-first  \" style='border-radius:0px; '><div  class='avia-image-container  av-styling-    avia-builder-el-1  avia-builder-el-no-sibling  avia-align-center '  itemprop=\"image\" itemscope=\"itemscope\" itemtype=\"https:\/\/schema.org\/ImageObject\"  ><div class='avia-image-container-inner'><div class='avia-image-overlay-wrap'><img decoding=\"async\" class='wp-image-57913 avia-img-lazy-loading-not-57913 avia_image' src=\"https:\/\/radiorevelacionfm.cl\/wp-content\/uploads\/2025\/08\/whatsapp-image-2025-08-16-at-9_optimized.49.34-pm-2-1-1.jpeg\" alt='' title='whatsapp-image-2025-08-16-at-9_optimized.49.34-pm-(2)-(1) (1)' height=\"600\" width=\"800\"  itemprop=\"thumbnailUrl\" srcset=\"https:\/\/radiorevelacionfm.cl\/wp-content\/uploads\/2025\/08\/whatsapp-image-2025-08-16-at-9_optimized.49.34-pm-2-1-1.jpeg 800w, https:\/\/radiorevelacionfm.cl\/wp-content\/uploads\/2025\/08\/whatsapp-image-2025-08-16-at-9_optimized.49.34-pm-2-1-1-300x225.jpeg 300w, https:\/\/radiorevelacionfm.cl\/wp-content\/uploads\/2025\/08\/whatsapp-image-2025-08-16-at-9_optimized.49.34-pm-2-1-1-768x576.jpeg 768w, https:\/\/radiorevelacionfm.cl\/wp-content\/uploads\/2025\/08\/whatsapp-image-2025-08-16-at-9_optimized.49.34-pm-2-1-1-705x529.jpeg 705w, https:\/\/radiorevelacionfm.cl\/wp-content\/uploads\/2025\/08\/whatsapp-image-2025-08-16-at-9_optimized.49.34-pm-2-1-1-450x338.jpeg 450w, https:\/\/radiorevelacionfm.cl\/wp-content\/uploads\/2025\/08\/whatsapp-image-2025-08-16-at-9_optimized.49.34-pm-2-1-1-600x450.jpeg 600w\" sizes=\"(max-width: 800px) 100vw, 800px\" \/><\/div><\/div><\/div><\/div><div class=\"flex_column av_one_full  flex_column_div av-zero-column-padding first  avia-builder-el-2  el_after_av_one_full  el_before_av_one_full  column-top-margin\" style='border-radius:0px; '><section class=\"av_textblock_section \"  itemscope=\"itemscope\" itemtype=\"https:\/\/schema.org\/BlogPosting\" itemprop=\"blogPost\" ><div class='avia_textblock  '   itemprop=\"text\" ><p style=\"text-align: center;\"><span style=\"font-size: 18pt;\"><b>Fiscal\u00eda formaliza investigaci\u00f3n por tr\u00e1fico de m\u00e1s de 11 kilos de cannabis hacia Puerto Ays\u00e9n<\/b><\/span><\/p>\n<div id=\"gtx-trans\" style=\"position: absolute; left: -50px; top: 4.31534px;\">\n<div class=\"gtx-trans-icon\"><\/div>\n<\/div>\n<\/div><\/section><\/div><div class=\"flex_column av_one_full  flex_column_div av-zero-column-padding first  avia-builder-el-4  el_after_av_one_full  el_before_av_hr  column-top-margin\" style='border-radius:0px; '><section class=\"av_textblock_section \"  itemscope=\"itemscope\" itemtype=\"https:\/\/schema.org\/BlogPosting\" itemprop=\"blogPost\" ><div class='avia_textblock  '   itemprop=\"text\" ><p style=\"font-weight: 400; text-align: justify;\">Imputados fueron aprehendidos en el marco de una investigaci\u00f3n dirigida por la Fiscal\u00eda Metropolitana Occidente y la Brigada Antinarc\u00f3ticos Aeropuerto de la PDI.<\/p>\n<p style=\"font-weight: 400; text-align: justify;\">El Ministerio P\u00fablico formaliz\u00f3 este domingo una investigaci\u00f3n por el delito de tr\u00e1fico de drogas en contra de un civil y tres funcionarios del Regimiento N\u00b0 8 Chilo\u00e9 de Puerto Ays\u00e9n, quienes fueron detenidos el s\u00e1bado, cerca de las 13.00 horas, en las afueras de una empresa de encomiendas en dicha comuna.<\/p>\n<p style=\"font-weight: 400; text-align: justify;\">Lo anterior, en el marco de una investigaci\u00f3n dirigida por la Fiscal\u00eda Metropolitana Occidente, a trav\u00e9s del Fiscal de Pudahuel, Daniel Contreras y la Brigada Antinarc\u00f3ticos Aeropuerto de la PDI, cuyos funcionarios viajaron hasta la Regi\u00f3n de Ays\u00e9n a supervisar la entrega vigilada del alucin\u00f3geno y materializar las detenciones de los imputados.<\/p>\n<p style=\"font-weight: 400; text-align: justify;\"><strong>AUDIENCIA<\/strong><\/p>\n<p style=\"font-weight: 400; text-align: justify;\">Previa coordinaci\u00f3n interna del Ministerio P\u00fablico y de acuerdo a lo expuesto en la audiencia por la Fiscal Adjunto de la Unidad de Drogas de la Fiscal\u00eda Regional de Ays\u00e9n, Mar\u00eda In\u00e9s N\u00fa\u00f1ez, los imputados -previamente concertados- habr\u00edan coordinado con terceros el env\u00edo de una encomienda con droga desde Chill\u00e1n, cuyo peso bruto alcanz\u00f3 los 11 kilos 492.5 gramos de cannabis sativa.<\/p>\n<p style=\"font-weight: 400; text-align: justify;\">Los imputados de 20, 24, 25 y 32 a\u00f1os, fueron formalizados en calidad de autores ejecutores del delito de tr\u00e1fico de drogas, en una audiencia iniciada hoy cerca de las 13.00 horas.<\/p>\n<p style=\"font-weight: 400; text-align: justify;\">En este caso, dos de los sujetos fueron aprehendidos por detectives de la PDI saliendo con la caja de encomienda y los otros dos permanec\u00edan al interior del veh\u00edculo en que se trasladaban. La defensa de los imputados sostuvo en la audiencia p\u00fablica que los sujetos se hab\u00edan reunido para tomar mate en la costanera del r\u00edo Ays\u00e9n.<\/p>\n<p style=\"font-weight: 400; text-align: justify;\"><strong>MEDIDAS CAUTELARES<\/strong><\/p>\n<p style=\"font-weight: 400; text-align: justify;\">En la audiencia de formalizaci\u00f3n, la Fiscal\u00eda solicit\u00f3 la prisi\u00f3n preventiva de los imputados, medida cautelar que fue acogida por parte de la jueza de Garant\u00eda, Dalia Illesca Carrasco, respecto de los dos imputados que sal\u00edan con la encomienda.<\/p>\n<p style=\"font-weight: 400; text-align: justify;\">En relaci\u00f3n a los imputados de 24 y 32 a\u00f1os, que fueron detenido mientras estaban al interior del autom\u00f3vil, se decret\u00f3 la medida cautelar de arresto domiciliario total y arraigo regional.<\/p>\n<p style=\"font-weight: 400; text-align: justify;\">Sobre estos dos \u00faltimos imputados, la Fiscal\u00eda apel\u00f3 en la audiencia a la decisi\u00f3n adoptada, por lo cual la causa ser\u00e1 revisada por la Ilustr\u00edsima Corte de Apelaciones de Coyhaique esta semana.<\/p>\n<p style=\"font-weight: 400; text-align: justify;\">Los imputados del Ej\u00e9rcito cumplir\u00e1n las medidas cautelares en el propio recinto militar al cual pertenecen, en tanto que el imputado civil de 20 a\u00f1os, fue trasladado hasta el Centro de Detenci\u00f3n Preventiva de Puerto Ays\u00e9n por personal de Gendarmer\u00eda.<\/p>\n<p style=\"font-weight: 400; text-align: justify;\">El Juzgado de Garant\u00eda decret\u00f3 un plazo de investigaci\u00f3n de 75 d\u00edas para esta causa.<\/p>\n<p style=\"font-weight: 400; text-align: justify;\"><strong>DECOMISOS\u00a0<\/strong><\/p>\n<p style=\"font-weight: 400; text-align: justify;\">Este procedimiento se suma a otros realizados durante este a\u00f1o en la Regi\u00f3n de Ays\u00e9n. En el primer semestre del a\u00f1o 2025 se decomisaron m\u00e1s de 81 kilos de distintas sustancias il\u00edcitas, m\u00e1s del doble de lo incautado durante todo el a\u00f1o 2024, periodo en el que salieron de circulaci\u00f3n 40 kilos de droga.<\/p>\n<p style=\"font-weight: 400; text-align: justify;\">Si se suma este decomiso, se superar\u00eda -hasta el momento- los 92 kilos de estupefacientes que ten\u00edan a la Regi\u00f3n de Ays\u00e9n como mercado de destino.<\/p>\n<\/div><\/section><\/div><div  style='height:50px' class='hr hr-invisible   avia-builder-el-6  el_after_av_one_full  el_before_av_social_share '><span class='hr-inner ' ><span class='hr-inner-style'><\/span><\/span><\/div><\/p>\n<div  class='av-social-sharing-box  avia-builder-el-7  el_after_av_hr  el_before_av_hr  '><div class='av-share-box'><h5 class='av-share-link-description av-no-toc '>Compartir esta noticia<\/h5><ul class='av-share-box-list noLightbox'><li class='av-share-link av-social-link-facebook' ><a target=\"_blank\" aria-label=\"Compartir en Facebook\" href='https:\/\/www.facebook.com\/sharer.php?u=https:\/\/radiorevelacionfm.cl\/?p=57912&#038;t=Fiscal%C3%ADa%20formaliza%20investigaci%C3%B3n%20por%20tr%C3%A1fico%20de%20m%C3%A1s%20de%2011%20kilos%20de%20cannabis%20hacia%20Puerto%20Ays%C3%A9n' aria-hidden='false' data-av_icon='\ue8f3' data-av_iconfont='entypo-fontello' title='' data-avia-related-tooltip='Compartir en Facebook' rel=\"noopener\"><span class='avia_hidden_link_text'>Compartir en Facebook<\/span><\/a><\/li><li class='av-share-link av-social-link-twitter' ><a target=\"_blank\" aria-label=\"Compartir en Twitter\" href='https:\/\/twitter.com\/share?text=Fiscal%C3%ADa%20formaliza%20investigaci%C3%B3n%20por%20tr%C3%A1fico%20de%20m%C3%A1s%20de%2011%20kilos%20de%20cannabis%20hacia%20Puerto%20Ays%C3%A9n&#038;url=https:\/\/radiorevelacionfm.cl\/?p=57912' aria-hidden='false' data-av_icon='\ue8f1' data-av_iconfont='entypo-fontello' title='' data-avia-related-tooltip='Compartir en Twitter' rel=\"noopener\"><span class='avia_hidden_link_text'>Compartir en Twitter<\/span><\/a><\/li><li class='av-share-link av-social-link-whatsapp' ><a target=\"_blank\" aria-label=\"Compartir en Whatsapp\" href='https:\/\/api.whatsapp.com\/send?text=https:\/\/radiorevelacionfm.cl\/?p=57912' aria-hidden='false' data-av_icon='\uf232' data-av_iconfont='entypo-fontello' title='' data-avia-related-tooltip='Compartir en Whatsapp' rel=\"noopener\"><span class='avia_hidden_link_text'>Compartir en Whatsapp<\/span><\/a><\/li><li class='av-share-link av-social-link-linkedin' ><a target=\"_blank\" aria-label=\"Compartir en LinkedIn\" href='https:\/\/linkedin.com\/shareArticle?mini=true&#038;title=Fiscal%C3%ADa%20formaliza%20investigaci%C3%B3n%20por%20tr%C3%A1fico%20de%20m%C3%A1s%20de%2011%20kilos%20de%20cannabis%20hacia%20Puerto%20Ays%C3%A9n&#038;url=https:\/\/radiorevelacionfm.cl\/?p=57912' aria-hidden='false' data-av_icon='\ue8fc' data-av_iconfont='entypo-fontello' title='' data-avia-related-tooltip='Compartir en LinkedIn' rel=\"noopener\"><span class='avia_hidden_link_text'>Compartir en LinkedIn<\/span><\/a><\/li><li class='av-share-link av-social-link-mail' ><a  aria-label=\"Compartir por correo\" href='mailto:?subject=Fiscal%C3%ADa%20formaliza%20investigaci%C3%B3n%20por%20tr%C3%A1fico%20de%20m%C3%A1s%20de%2011%20kilos%20de%20cannabis%20hacia%20Puerto%20Ays%C3%A9n&#038;body=https:\/\/radiorevelacionfm.cl\/?p=57912' aria-hidden='false' data-av_icon='\ue805' data-av_iconfont='entypo-fontello' title='' data-avia-related-tooltip='Compartir por correo'><span class='avia_hidden_link_text'>Compartir por correo<\/span><\/a><\/li><\/ul><\/div><\/div>\n<div  style='height:50px' class='hr hr-invisible   avia-builder-el-8  el_after_av_social_share  el_before_av_comments_list '><span class='hr-inner ' ><span class='hr-inner-style'><\/span><\/span><\/div>\n<div  class='av-buildercomment  av-blog-meta-html-info-disabled av-blog-meta-tag-disabled  '><\/div>\n","protected":false},"excerpt":{"rendered":"","protected":false},"author":1,"featured_media":57913,"comment_status":"closed","ping_status":"closed","sticky":false,"template":"","format":"standard","meta":{"footnotes":""},"categories":[36],"tags":[],"class_list":["post-57912","post","type-post","status-publish","format-standard","has-post-thumbnail","hentry","category-policial"],"jetpack_featured_media_url":"https:\/\/radiorevelacionfm.cl\/wp-content\/uploads\/2025\/08\/whatsapp-image-2025-08-16-at-9_optimized.49.34-pm-2-1-1.jpeg","_links":{"self":[{"href":"https:\/\/radiorevelacionfm.cl\/index.php?rest_route=\/wp\/v2\/posts\/57912","targetHints":{"allow":["GET"]}}],"collection":[{"href":"https:\/\/radiorevelacionfm.cl\/index.php?rest_route=\/wp\/v2\/posts"}],"about":[{"href":"https:\/\/radiorevelacionfm.cl\/index.php?rest_route=\/wp\/v2\/types\/post"}],"author":[{"embeddable":true,"href":"https:\/\/radiorevelacionfm.cl\/index.php?rest_route=\/wp\/v2\/users\/1"}],"replies":[{"embeddable":true,"href":"https:\/\/radiorevelacionfm.cl\/index.php?rest_route=%2Fwp%2Fv2%2Fcomments&post=57912"}],"version-history":[{"count":2,"href":"https:\/\/radiorevelacionfm.cl\/index.php?rest_route=\/wp\/v2\/posts\/57912\/revisions"}],"predecessor-version":[{"id":57915,"href":"https:\/\/radiorevelacionfm.cl\/index.php?rest_route=\/wp\/v2\/posts\/57912\/revisions\/57915"}],"wp:featuredmedia":[{"embeddable":true,"href":"https:\/\/radiorevelacionfm.cl\/index.php?rest_route=\/wp\/v2\/media\/57913"}],"wp:attachment":[{"href":"https:\/\/radiorevelacionfm.cl\/index.php?rest_route=%2Fwp%2Fv2%2Fmedia&parent=57912"}],"wp:term":[{"taxonomy":"category","embeddable":true,"href":"https:\/\/radiorevelacionfm.cl\/index.php?rest_route=%2Fwp%2Fv2%2Fcategories&post=57912"},{"taxonomy":"post_tag","embeddable":true,"href":"https:\/\/radiorevelacionfm.cl\/index.php?rest_route=%2Fwp%2Fv2%2Ftags&post=57912"}],"curies":[{"name":"wp","href":"https:\/\/api.w.org\/{rel}","templated":true}]}}