{"id":57907,"date":"2025-08-17T12:32:19","date_gmt":"2025-08-17T15:32:19","guid":{"rendered":"https:\/\/radiorevelacionfm.cl\/?p=57907"},"modified":"2025-08-17T12:32:19","modified_gmt":"2025-08-17T15:32:19","slug":"invitan-a-empleadores-y-contadores-a-capacitacion-en-el-marco-de-la-reforma-de-pensiones-y-nuevos-tramites-y-servicios-de-la-direccion-del-trabajo","status":"publish","type":"post","link":"https:\/\/radiorevelacionfm.cl\/?p=57907","title":{"rendered":"Invitan a empleadores y contadores a capacitaci\u00f3n en el marco de la Reforma de Pensiones y nuevos tr\u00e1mites y servicios de la Direcci\u00f3n del Trabajo"},"content":{"rendered":"<div class=\"flex_column av_one_full  flex_column_div av-zero-column-padding first  avia-builder-el-0  el_before_av_one_full  avia-builder-el-first  \" style='border-radius:0px; '><div  class='avia-image-container  av-styling-    avia-builder-el-1  avia-builder-el-no-sibling  avia-align-center '  itemprop=\"image\" itemscope=\"itemscope\" itemtype=\"https:\/\/schema.org\/ImageObject\"  ><div class='avia-image-container-inner'><div class='avia-image-overlay-wrap'><img decoding=\"async\" class='wp-image-57908 avia-img-lazy-loading-not-57908 avia_image' src=\"https:\/\/radiorevelacionfm.cl\/wp-content\/uploads\/2025\/08\/webinar-reformapensionesytramitesdt_-1-1_optimized-1.jpg\" alt='' title='webinar-reformapensionesytramitesdt_-(1)-(1)_optimized (1)' height=\"1130\" width=\"799\"  itemprop=\"thumbnailUrl\" srcset=\"https:\/\/radiorevelacionfm.cl\/wp-content\/uploads\/2025\/08\/webinar-reformapensionesytramitesdt_-1-1_optimized-1.jpg 799w, https:\/\/radiorevelacionfm.cl\/wp-content\/uploads\/2025\/08\/webinar-reformapensionesytramitesdt_-1-1_optimized-1-212x300.jpg 212w, https:\/\/radiorevelacionfm.cl\/wp-content\/uploads\/2025\/08\/webinar-reformapensionesytramitesdt_-1-1_optimized-1-728x1030.jpg 728w, https:\/\/radiorevelacionfm.cl\/wp-content\/uploads\/2025\/08\/webinar-reformapensionesytramitesdt_-1-1_optimized-1-768x1086.jpg 768w, https:\/\/radiorevelacionfm.cl\/wp-content\/uploads\/2025\/08\/webinar-reformapensionesytramitesdt_-1-1_optimized-1-498x705.jpg 498w, https:\/\/radiorevelacionfm.cl\/wp-content\/uploads\/2025\/08\/webinar-reformapensionesytramitesdt_-1-1_optimized-1-450x636.jpg 450w, https:\/\/radiorevelacionfm.cl\/wp-content\/uploads\/2025\/08\/webinar-reformapensionesytramitesdt_-1-1_optimized-1-600x849.jpg 600w\" sizes=\"(max-width: 799px) 100vw, 799px\" \/><\/div><\/div><\/div><\/div><div class=\"flex_column av_one_full  flex_column_div av-zero-column-padding first  avia-builder-el-2  el_after_av_one_full  el_before_av_one_full  column-top-margin\" style='border-radius:0px; '><section class=\"av_textblock_section \"  itemscope=\"itemscope\" itemtype=\"https:\/\/schema.org\/BlogPosting\" itemprop=\"blogPost\" ><div class='avia_textblock  '   itemprop=\"text\" ><p style=\"text-align: center;\"><span style=\"font-size: 18pt;\"><b>Invitan a empleadores y contadores a capacitaci\u00f3n en el marco de la Reforma de Pensiones y nuevos tr\u00e1mites y servicios de la Direcci\u00f3n del Trabajo<\/b><\/span><\/p>\n<div id=\"gtx-trans\" style=\"position: absolute; left: -50px; top: 4.31534px;\">\n<div class=\"gtx-trans-icon\"><\/div>\n<\/div>\n<\/div><\/section><\/div><div class=\"flex_column av_one_full  flex_column_div av-zero-column-padding first  avia-builder-el-4  el_after_av_one_full  el_before_av_hr  column-top-margin\" style='border-radius:0px; '><section class=\"av_textblock_section \"  itemscope=\"itemscope\" itemtype=\"https:\/\/schema.org\/BlogPosting\" itemprop=\"blogPost\" ><div class='avia_textblock  '   itemprop=\"text\" ><ul style=\"font-weight: 400;\">\n<li style=\"text-align: justify;\"><em>Este martes se realizar\u00e1 el webinar \u201cInf\u00f3rmate: Reforma de Pensiones &#8211; Tr\u00e1mites y Servicios Direcci\u00f3n del Trabajo conducentes al trabajo decente\u00bb organizado por Seremi Trabajo y Previsi\u00f3n Social Ays\u00e9n, Direcci\u00f3n del Trabajo, Instituto de Previsi\u00f3n Social ChileAtiende, C\u00e1mara de Comercio, Servicios, Industrias y Turismo Coyhaique.<\/em><\/li>\n<\/ul>\n<p style=\"font-weight: 400; text-align: justify;\">Con el prop\u00f3sito de informar y capacitar tanto a los empleadores\/as como a los contadores\/as sobre el nuevo pago de 1% de las cotizaciones por parte de ellos por cada persona que trabaja, parte de la implementaci\u00f3n de la Reforma de Pensiones y adem\u00e1s, algunos tr\u00e1mites y servicios de la Direcci\u00f3n del Trabajo, se realizar\u00e1 este martes 19 de agosto, a las 9:30 horas, el webinar denominado \u00abInf\u00f3rmate: Reforma de Pensiones &#8211; Tr\u00e1mites y Servicios Direcci\u00f3n del Trabajo conducentes al trabajo decente\u00bb.<\/p>\n<p style=\"font-weight: 400; text-align: justify;\">El Seremi del Trabajo y Previsi\u00f3n Social y director del Trabajo, Christian Aros invit\u00f3 a participar de la instancia,\u00a0\u201cLos y las queremos invitar para este martes 19 de agosto a partir de las 9:30 a un webinar que estamos organizando con la serem\u00eda de Trabajo y Previsi\u00f3n Social, la Direcci\u00f3n del Trabajo, el Instituto de Previsi\u00f3n Social IPS y la C\u00e1mara de Comercio de Coyhaique. Vamos a conversar sobre el nuevo 1% que tendr\u00e1n que comenzar a pagar los empleadores en el mes de agosto y hasta el 13 de septiembre, c\u00f3mo hay que hacer la declaraci\u00f3n en Previred y adem\u00e1s desde la Direcci\u00f3n del Trabajo les vamos a contar sobre nuestros tr\u00e1mites y el nuevo sistema de gesti\u00f3n inspectiva que comienza a regir este fin de a\u00f1o\u201d.<\/p>\n<p style=\"font-weight: 400; text-align: justify;\">A su vez, la presidenta de la C\u00e1mara de Comercio de Coyhaique, Daissy Mondelo coment\u00f3 sobre la importancia de capacitarse en estos temas,\u00a0\u201cComo C\u00e1mara de Comercio, Servicios, Industrias y Turismo de Coyhaique estamos preocupados que nuestros socios est\u00e9n siempre informados y al tanto de los cambios de las normativas legales. Por eso los invitamos a participar de este webinar, pensado especialmente para los empleadores y los contadores, para que nos capacitemos y podamos resolver las dudas que tenemos sobre la nueva cotizaci\u00f3n de la Reforma de Pensiones y los tr\u00e1mites de la Direcci\u00f3n del Trabajo, que est\u00e1 impulsando varios cambios, entre ellos, en la manera de fiscalizar\u201d.<\/p>\n<p style=\"font-weight: 400; text-align: justify;\">As\u00ed como se mencion\u00f3, entre los temas estar\u00e1n la implementaci\u00f3n de la ley\u00a0Ley N\u00b0 21.735,\u00a0conocida como\u00a0Reforma de Pensiones, el rol del IPS ChileAtiende, la forma de declarar y pagar las cotizaciones\u00a0a trav\u00e9s de Previred, los tr\u00e1mites y servicios de la Direcci\u00f3n del Trabajo (DT) conducentes al trabajo decente, tales como el nuevo sistema de gesti\u00f3n Inspectiva de la DT, la p\u00e1gina web DT, sueldo m\u00ednimo, entre otros.<\/p>\n<p style=\"font-weight: 400; text-align: justify;\">El formulario de inscripci\u00f3n al webinar es\u00a0<a href=\"https:\/\/forms.gle\/BZQBCk7V9HBis9Ji9\" data-saferedirecturl=\"https:\/\/www.google.com\/url?q=https:\/\/forms.gle\/BZQBCk7V9HBis9Ji9&amp;source=gmail&amp;ust=1755529221644000&amp;usg=AOvVaw2WUpxM0E5v1jMu51nhZv_p\">https:\/\/forms.gle\/BZQBCk7V9HBis9Ji9<\/a>. Luego de la inscripci\u00f3n, se enviar\u00e1 a su correo electr\u00f3nico el link de conexi\u00f3n de zoom para participar en la capacitaci\u00f3n.<\/p>\n<\/div><\/section><\/div><div  style='height:50px' class='hr hr-invisible   avia-builder-el-6  el_after_av_one_full  el_before_av_social_share '><span class='hr-inner ' ><span class='hr-inner-style'><\/span><\/span><\/div><\/p>\n<div  class='av-social-sharing-box  avia-builder-el-7  el_after_av_hr  el_before_av_hr  '><div class='av-share-box'><h5 class='av-share-link-description av-no-toc '>Compartir esta noticia<\/h5><ul class='av-share-box-list noLightbox'><li class='av-share-link av-social-link-facebook' ><a target=\"_blank\" aria-label=\"Compartir en Facebook\" href='https:\/\/www.facebook.com\/sharer.php?u=https:\/\/radiorevelacionfm.cl\/?p=57907&#038;t=Invitan%20a%20empleadores%20y%20contadores%20a%20capacitaci%C3%B3n%20en%20el%20marco%20de%20la%20Reforma%20de%20Pensiones%20y%20nuevos%20tr%C3%A1mites%20y%20servicios%20de%20la%20Direcci%C3%B3n%20del%20Trabajo' aria-hidden='false' data-av_icon='\ue8f3' data-av_iconfont='entypo-fontello' title='' data-avia-related-tooltip='Compartir en Facebook' rel=\"noopener\"><span class='avia_hidden_link_text'>Compartir en Facebook<\/span><\/a><\/li><li class='av-share-link av-social-link-twitter' ><a target=\"_blank\" aria-label=\"Compartir en Twitter\" href='https:\/\/twitter.com\/share?text=Invitan%20a%20empleadores%20y%20contadores%20a%20capacitaci%C3%B3n%20en%20el%20marco%20de%20la%20Reforma%20de%20Pensiones%20y%20nuevos%20tr%C3%A1mites%20y%20servicios%20de%20la%20Direcci%C3%B3n%20del%20Trabajo&#038;url=https:\/\/radiorevelacionfm.cl\/?p=57907' aria-hidden='false' data-av_icon='\ue8f1' data-av_iconfont='entypo-fontello' title='' data-avia-related-tooltip='Compartir en Twitter' rel=\"noopener\"><span class='avia_hidden_link_text'>Compartir en Twitter<\/span><\/a><\/li><li class='av-share-link av-social-link-whatsapp' ><a target=\"_blank\" aria-label=\"Compartir en Whatsapp\" href='https:\/\/api.whatsapp.com\/send?text=https:\/\/radiorevelacionfm.cl\/?p=57907' aria-hidden='false' data-av_icon='\uf232' data-av_iconfont='entypo-fontello' title='' data-avia-related-tooltip='Compartir en Whatsapp' rel=\"noopener\"><span class='avia_hidden_link_text'>Compartir en Whatsapp<\/span><\/a><\/li><li class='av-share-link av-social-link-linkedin' ><a target=\"_blank\" aria-label=\"Compartir en LinkedIn\" href='https:\/\/linkedin.com\/shareArticle?mini=true&#038;title=Invitan%20a%20empleadores%20y%20contadores%20a%20capacitaci%C3%B3n%20en%20el%20marco%20de%20la%20Reforma%20de%20Pensiones%20y%20nuevos%20tr%C3%A1mites%20y%20servicios%20de%20la%20Direcci%C3%B3n%20del%20Trabajo&#038;url=https:\/\/radiorevelacionfm.cl\/?p=57907' aria-hidden='false' data-av_icon='\ue8fc' data-av_iconfont='entypo-fontello' title='' data-avia-related-tooltip='Compartir en LinkedIn' rel=\"noopener\"><span class='avia_hidden_link_text'>Compartir en LinkedIn<\/span><\/a><\/li><li class='av-share-link av-social-link-mail' ><a  aria-label=\"Compartir por correo\" href='mailto:?subject=Invitan%20a%20empleadores%20y%20contadores%20a%20capacitaci%C3%B3n%20en%20el%20marco%20de%20la%20Reforma%20de%20Pensiones%20y%20nuevos%20tr%C3%A1mites%20y%20servicios%20de%20la%20Direcci%C3%B3n%20del%20Trabajo&#038;body=https:\/\/radiorevelacionfm.cl\/?p=57907' aria-hidden='false' data-av_icon='\ue805' data-av_iconfont='entypo-fontello' title='' data-avia-related-tooltip='Compartir por correo'><span class='avia_hidden_link_text'>Compartir por correo<\/span><\/a><\/li><\/ul><\/div><\/div>\n<div  style='height:50px' class='hr hr-invisible   avia-builder-el-8  el_after_av_social_share  el_before_av_comments_list '><span class='hr-inner ' ><span class='hr-inner-style'><\/span><\/span><\/div>\n<div  class='av-buildercomment  av-blog-meta-html-info-disabled av-blog-meta-tag-disabled  '><\/div>\n","protected":false},"excerpt":{"rendered":"","protected":false},"author":1,"featured_media":57908,"comment_status":"closed","ping_status":"closed","sticky":false,"template":"","format":"standard","meta":{"footnotes":""},"categories":[56],"tags":[],"class_list":["post-57907","post","type-post","status-publish","format-standard","has-post-thumbnail","hentry","category-trabajo"],"jetpack_featured_media_url":"https:\/\/radiorevelacionfm.cl\/wp-content\/uploads\/2025\/08\/webinar-reformapensionesytramitesdt_-1-1_optimized-1.jpg","_links":{"self":[{"href":"https:\/\/radiorevelacionfm.cl\/index.php?rest_route=\/wp\/v2\/posts\/57907","targetHints":{"allow":["GET"]}}],"collection":[{"href":"https:\/\/radiorevelacionfm.cl\/index.php?rest_route=\/wp\/v2\/posts"}],"about":[{"href":"https:\/\/radiorevelacionfm.cl\/index.php?rest_route=\/wp\/v2\/types\/post"}],"author":[{"embeddable":true,"href":"https:\/\/radiorevelacionfm.cl\/index.php?rest_route=\/wp\/v2\/users\/1"}],"replies":[{"embeddable":true,"href":"https:\/\/radiorevelacionfm.cl\/index.php?rest_route=%2Fwp%2Fv2%2Fcomments&post=57907"}],"version-history":[{"count":2,"href":"https:\/\/radiorevelacionfm.cl\/index.php?rest_route=\/wp\/v2\/posts\/57907\/revisions"}],"predecessor-version":[{"id":57911,"href":"https:\/\/radiorevelacionfm.cl\/index.php?rest_route=\/wp\/v2\/posts\/57907\/revisions\/57911"}],"wp:featuredmedia":[{"embeddable":true,"href":"https:\/\/radiorevelacionfm.cl\/index.php?rest_route=\/wp\/v2\/media\/57908"}],"wp:attachment":[{"href":"https:\/\/radiorevelacionfm.cl\/index.php?rest_route=%2Fwp%2Fv2%2Fmedia&parent=57907"}],"wp:term":[{"taxonomy":"category","embeddable":true,"href":"https:\/\/radiorevelacionfm.cl\/index.php?rest_route=%2Fwp%2Fv2%2Fcategories&post=57907"},{"taxonomy":"post_tag","embeddable":true,"href":"https:\/\/radiorevelacionfm.cl\/index.php?rest_route=%2Fwp%2Fv2%2Ftags&post=57907"}],"curies":[{"name":"wp","href":"https:\/\/api.w.org\/{rel}","templated":true}]}}