{"id":57892,"date":"2025-08-17T12:24:01","date_gmt":"2025-08-17T15:24:01","guid":{"rendered":"https:\/\/radiorevelacionfm.cl\/?p=57892"},"modified":"2025-08-17T12:24:01","modified_gmt":"2025-08-17T15:24:01","slug":"comision-verdad-y-ninez-llama-a-ninos-ninas-y-adolescentes-victimas-bajo-tutela-del-estado-a-entregar-sus-testimonios","status":"publish","type":"post","link":"https:\/\/radiorevelacionfm.cl\/?p=57892","title":{"rendered":"Comisi\u00f3n Verdad y Ni\u00f1ez llama a ni\u00f1os, ni\u00f1as y adolescentes v\u00edctimas bajo tutela del Estado a entregar sus testimonios"},"content":{"rendered":"<div class=\"flex_column av_one_full  flex_column_div av-zero-column-padding first  avia-builder-el-0  el_before_av_one_full  avia-builder-el-first  \" style='border-radius:0px; '><div  class='avia-image-container  av-styling-    avia-builder-el-1  avia-builder-el-no-sibling  avia-align-center '  itemprop=\"image\" itemscope=\"itemscope\" itemtype=\"https:\/\/schema.org\/ImageObject\"  ><div class='avia-image-container-inner'><div class='avia-image-overlay-wrap'><img decoding=\"async\" class='wp-image-57893 avia-img-lazy-loading-not-57893 avia_image' src=\"https:\/\/radiorevelacionfm.cl\/wp-content\/uploads\/2025\/08\/verdad-y-ninez-1-1.jpg\" alt='' title='verdad y ni\u00f1ez (1) (1)' height=\"600\" width=\"1065\"  itemprop=\"thumbnailUrl\" srcset=\"https:\/\/radiorevelacionfm.cl\/wp-content\/uploads\/2025\/08\/verdad-y-ninez-1-1.jpg 1065w, https:\/\/radiorevelacionfm.cl\/wp-content\/uploads\/2025\/08\/verdad-y-ninez-1-1-300x169.jpg 300w, https:\/\/radiorevelacionfm.cl\/wp-content\/uploads\/2025\/08\/verdad-y-ninez-1-1-1030x580.jpg 1030w, https:\/\/radiorevelacionfm.cl\/wp-content\/uploads\/2025\/08\/verdad-y-ninez-1-1-768x433.jpg 768w, https:\/\/radiorevelacionfm.cl\/wp-content\/uploads\/2025\/08\/verdad-y-ninez-1-1-705x397.jpg 705w, https:\/\/radiorevelacionfm.cl\/wp-content\/uploads\/2025\/08\/verdad-y-ninez-1-1-450x254.jpg 450w, https:\/\/radiorevelacionfm.cl\/wp-content\/uploads\/2025\/08\/verdad-y-ninez-1-1-600x338.jpg 600w\" sizes=\"(max-width: 1065px) 100vw, 1065px\" \/><\/div><\/div><\/div><\/div><div class=\"flex_column av_one_full  flex_column_div av-zero-column-padding first  avia-builder-el-2  el_after_av_one_full  el_before_av_one_full  column-top-margin\" style='border-radius:0px; '><section class=\"av_textblock_section \"  itemscope=\"itemscope\" itemtype=\"https:\/\/schema.org\/BlogPosting\" itemprop=\"blogPost\" ><div class='avia_textblock  '   itemprop=\"text\" ><p style=\"text-align: center;\"><span style=\"font-size: 18pt;\"><strong>Comisi\u00f3n Verdad y Ni\u00f1ez llama a ni\u00f1os, ni\u00f1as y adolescentes v\u00edctimas bajo tutela del Estado a entregar sus testimonios <\/strong><\/span><\/p>\n<div id=\"gtx-trans\" style=\"position: absolute; left: -50px; top: 4.31534px;\">\n<div class=\"gtx-trans-icon\"><\/div>\n<\/div>\n<\/div><\/section><\/div><div class=\"flex_column av_one_full  flex_column_div av-zero-column-padding first  avia-builder-el-4  el_after_av_one_full  el_before_av_hr  column-top-margin\" style='border-radius:0px; '><section class=\"av_textblock_section \"  itemscope=\"itemscope\" itemtype=\"https:\/\/schema.org\/BlogPosting\" itemprop=\"blogPost\" ><div class='avia_textblock  '   itemprop=\"text\" ><p style=\"text-align: justify;\"><em>Esta comisi\u00f3n constituye una iniciativa in\u00e9dita en Chile y Latinoam\u00e9rica para escuchar, reconocer y generar recomendaciones de reparaci\u00f3n integral y no repetici\u00f3n. <\/em><\/p>\n<p style=\"text-align: justify;\">Este lunes se inicia en nuestra regi\u00f3n el proceso de agendamiento para la recolecci\u00f3n de testimonios de ni\u00f1os, ni\u00f1as y adolescentes, que hayan sido v\u00edctimas de abusos en centros del Sename, justicia juvenil o residencias privadas bajo su supervisi\u00f3n entre 1979 y 2021, esto en el marco del trabajo iniciado por la Comisi\u00f3n de Verdad y Ni\u00f1ez, tras su creaci\u00f3n mandatada por el Presidente Gabriel Boric en diciembre de 2024.<\/p>\n<p style=\"text-align: justify;\">Cabe mencionar que la semana reci\u00e9n pasada, el Ministro de Justicia y Derechos Humanos, Jaime Gajardo Falc\u00f3n, junto a la presidenta de la comisi\u00f3n Soledad Larra\u00edn, dieron a conocer el trabajo que desarrolla esta iniciativa hist\u00f3rica, cuyo objetivo es el esclarecimiento de la verdad y el reconocimiento de las v\u00edctimas para as\u00ed contribuir a la justicia, y proponer al Presidente medidas reparatorias y garant\u00edas de no repetici\u00f3n.<\/p>\n<p style=\"text-align: justify;\">Respecto a esta iniciativa, el seremi de Justicia y Derechos Humanos Samuel Navarro Castro explic\u00f3 que \u201cen diciembre de 2024, el Presidente de la Rep\u00fablica Gabriel Boric Font estableci\u00f3 la Comisi\u00f3n de Verdad y Ni\u00f1ez que tiene por objetivo recopilar todos los antecedentes de vulneraciones, violaciones a los derechos humanos que puedan haber sufrido ni\u00f1os, ni\u00f1as y adolescentes bajo custodia de Sename, en residencias o en centros de justicia en el periodo que comprende desde 1979 a 2021, este proceso de recopilaci\u00f3n de testimonios o de antecedentes lo van a efectuar profesionales en distintos puntos del pa\u00eds, en particular en la regi\u00f3n de Ays\u00e9n comenzar\u00e1 el proceso de escucha a partir de hoy 18 de agosto y para este efecto los ni\u00f1os, ni\u00f1as y adolescentes que pudiesen haber sido v\u00edctimas tienen que efectuar su agendamiento en la p\u00e1gina\u00a0<a href=\"http:\/\/www.xn--comisinverdadyniez-20b3a.gob.cl\/\">www.comisi\u00f3nverdadyni\u00f1ez.gob.cl<\/a>\u00a0para los efectos que los contacte el profesional y los pueda invitar a escuchar su testimonio\u201d.<\/p>\n<p style=\"text-align: justify;\">Ahora se\u00f1alar que los testimonios podr\u00e1n ser entregados de manera presencial o por escrito, y en ambos casos se contar\u00e1 con el acompa\u00f1amiento de profesionales capacitados en escucha respetuosa, confidencial y con enfoque reparatorio.<\/p>\n<p style=\"text-align: justify;\">La autoridad regional hizo un llamado a entregar sus testimonios se\u00f1alando que \u201cextendemos la invitaci\u00f3n a todos quienes hayan sido v\u00edctimas en este periodo de alguna vulneraci\u00f3n de derechos bajo custodia del Sename entre el a\u00f1o 1979 y 2021 a ingresar a la p\u00e1gina y ver de qu\u00e9 se trata esta invitaci\u00f3n y a agendar la hora para hacer el proceso de testimonio, de escucha ante \u00e9l o la profesional que est\u00e1 designado para este efecto\u201d.<\/p>\n<p style=\"text-align: justify;\">Finalmente, indicar que se estima que entre 1979 y 2021 pasaron por el sistema cerca de 700 mil ni\u00f1os, ni\u00f1as y adolescentes, tanto en centros de protecci\u00f3n como de justicia juvenil, aunque no todos fueron v\u00edctimas de vulneraciones. La comisi\u00f3n proyecta que un n\u00famero significativo de personas podr\u00eda aportar sus relatos para la construcci\u00f3n de una verdad hist\u00f3rica con sentido colectivo y garant\u00edas de no repetici\u00f3n.<\/p>\n<\/div><\/section><\/div><div  style='height:50px' class='hr hr-invisible   avia-builder-el-6  el_after_av_one_full  el_before_av_social_share '><span class='hr-inner ' ><span class='hr-inner-style'><\/span><\/span><\/div><\/p>\n<div  class='av-social-sharing-box  avia-builder-el-7  el_after_av_hr  el_before_av_hr  '><div class='av-share-box'><h5 class='av-share-link-description av-no-toc '>Compartir esta noticia<\/h5><ul class='av-share-box-list noLightbox'><li class='av-share-link av-social-link-facebook' ><a target=\"_blank\" aria-label=\"Compartir en Facebook\" href='https:\/\/www.facebook.com\/sharer.php?u=https:\/\/radiorevelacionfm.cl\/?p=57892&#038;t=Comisi%C3%B3n%20Verdad%20y%20Ni%C3%B1ez%20llama%20a%20ni%C3%B1os%2C%20ni%C3%B1as%20y%20adolescentes%20v%C3%ADctimas%20bajo%20tutela%20del%20Estado%20a%20entregar%20sus%20testimonios' aria-hidden='false' data-av_icon='\ue8f3' data-av_iconfont='entypo-fontello' title='' data-avia-related-tooltip='Compartir en Facebook' rel=\"noopener\"><span class='avia_hidden_link_text'>Compartir en Facebook<\/span><\/a><\/li><li class='av-share-link av-social-link-twitter' ><a target=\"_blank\" aria-label=\"Compartir en Twitter\" href='https:\/\/twitter.com\/share?text=Comisi%C3%B3n%20Verdad%20y%20Ni%C3%B1ez%20llama%20a%20ni%C3%B1os%2C%20ni%C3%B1as%20y%20adolescentes%20v%C3%ADctimas%20bajo%20tutela%20del%20Estado%20a%20entregar%20sus%20testimonios&#038;url=https:\/\/radiorevelacionfm.cl\/?p=57892' aria-hidden='false' data-av_icon='\ue8f1' data-av_iconfont='entypo-fontello' title='' data-avia-related-tooltip='Compartir en Twitter' rel=\"noopener\"><span class='avia_hidden_link_text'>Compartir en Twitter<\/span><\/a><\/li><li class='av-share-link av-social-link-whatsapp' ><a target=\"_blank\" aria-label=\"Compartir en Whatsapp\" href='https:\/\/api.whatsapp.com\/send?text=https:\/\/radiorevelacionfm.cl\/?p=57892' aria-hidden='false' data-av_icon='\uf232' data-av_iconfont='entypo-fontello' title='' data-avia-related-tooltip='Compartir en Whatsapp' rel=\"noopener\"><span class='avia_hidden_link_text'>Compartir en Whatsapp<\/span><\/a><\/li><li class='av-share-link av-social-link-linkedin' ><a target=\"_blank\" aria-label=\"Compartir en LinkedIn\" href='https:\/\/linkedin.com\/shareArticle?mini=true&#038;title=Comisi%C3%B3n%20Verdad%20y%20Ni%C3%B1ez%20llama%20a%20ni%C3%B1os%2C%20ni%C3%B1as%20y%20adolescentes%20v%C3%ADctimas%20bajo%20tutela%20del%20Estado%20a%20entregar%20sus%20testimonios&#038;url=https:\/\/radiorevelacionfm.cl\/?p=57892' aria-hidden='false' data-av_icon='\ue8fc' data-av_iconfont='entypo-fontello' title='' data-avia-related-tooltip='Compartir en LinkedIn' rel=\"noopener\"><span class='avia_hidden_link_text'>Compartir en LinkedIn<\/span><\/a><\/li><li class='av-share-link av-social-link-mail' ><a  aria-label=\"Compartir por correo\" href='mailto:?subject=Comisi%C3%B3n%20Verdad%20y%20Ni%C3%B1ez%20llama%20a%20ni%C3%B1os%2C%20ni%C3%B1as%20y%20adolescentes%20v%C3%ADctimas%20bajo%20tutela%20del%20Estado%20a%20entregar%20sus%20testimonios&#038;body=https:\/\/radiorevelacionfm.cl\/?p=57892' aria-hidden='false' data-av_icon='\ue805' data-av_iconfont='entypo-fontello' title='' data-avia-related-tooltip='Compartir por correo'><span class='avia_hidden_link_text'>Compartir por correo<\/span><\/a><\/li><\/ul><\/div><\/div>\n<div  style='height:50px' class='hr hr-invisible   avia-builder-el-8  el_after_av_social_share  el_before_av_comments_list '><span class='hr-inner ' ><span class='hr-inner-style'><\/span><\/span><\/div>\n<div  class='av-buildercomment  av-blog-meta-html-info-disabled av-blog-meta-tag-disabled  '><\/div>\n","protected":false},"excerpt":{"rendered":"","protected":false},"author":1,"featured_media":57893,"comment_status":"closed","ping_status":"closed","sticky":false,"template":"","format":"standard","meta":{"footnotes":""},"categories":[55],"tags":[],"class_list":["post-57892","post","type-post","status-publish","format-standard","has-post-thumbnail","hentry","category-justicia"],"jetpack_featured_media_url":"https:\/\/radiorevelacionfm.cl\/wp-content\/uploads\/2025\/08\/verdad-y-ninez-1-1.jpg","_links":{"self":[{"href":"https:\/\/radiorevelacionfm.cl\/index.php?rest_route=\/wp\/v2\/posts\/57892","targetHints":{"allow":["GET"]}}],"collection":[{"href":"https:\/\/radiorevelacionfm.cl\/index.php?rest_route=\/wp\/v2\/posts"}],"about":[{"href":"https:\/\/radiorevelacionfm.cl\/index.php?rest_route=\/wp\/v2\/types\/post"}],"author":[{"embeddable":true,"href":"https:\/\/radiorevelacionfm.cl\/index.php?rest_route=\/wp\/v2\/users\/1"}],"replies":[{"embeddable":true,"href":"https:\/\/radiorevelacionfm.cl\/index.php?rest_route=%2Fwp%2Fv2%2Fcomments&post=57892"}],"version-history":[{"count":2,"href":"https:\/\/radiorevelacionfm.cl\/index.php?rest_route=\/wp\/v2\/posts\/57892\/revisions"}],"predecessor-version":[{"id":57906,"href":"https:\/\/radiorevelacionfm.cl\/index.php?rest_route=\/wp\/v2\/posts\/57892\/revisions\/57906"}],"wp:featuredmedia":[{"embeddable":true,"href":"https:\/\/radiorevelacionfm.cl\/index.php?rest_route=\/wp\/v2\/media\/57893"}],"wp:attachment":[{"href":"https:\/\/radiorevelacionfm.cl\/index.php?rest_route=%2Fwp%2Fv2%2Fmedia&parent=57892"}],"wp:term":[{"taxonomy":"category","embeddable":true,"href":"https:\/\/radiorevelacionfm.cl\/index.php?rest_route=%2Fwp%2Fv2%2Fcategories&post=57892"},{"taxonomy":"post_tag","embeddable":true,"href":"https:\/\/radiorevelacionfm.cl\/index.php?rest_route=%2Fwp%2Fv2%2Ftags&post=57892"}],"curies":[{"name":"wp","href":"https:\/\/api.w.org\/{rel}","templated":true}]}}