{"id":5789,"date":"2021-07-01T10:31:22","date_gmt":"2021-07-01T13:31:22","guid":{"rendered":"https:\/\/radiorevelacionfm.cl\/?p=5789"},"modified":"2021-07-01T11:05:04","modified_gmt":"2021-07-01T14:05:04","slug":"autoridades-regionales-destacan-proyecto-de-ley-que-tipifica-el-delito-de-explotacion-sexual-comercial-en-contra-de-nna","status":"publish","type":"post","link":"https:\/\/radiorevelacionfm.cl\/?p=5789","title":{"rendered":"Autoridades regionales destacan proyecto de ley que tipifica el delito de Explotaci\u00f3n Sexual Comercial en contra de ni\u00f1os, ni\u00f1as y adolescentes"},"content":{"rendered":"<div class=\"flex_column av_one_full  flex_column_div av-zero-column-padding first  avia-builder-el-0  el_before_av_one_full  avia-builder-el-first  \" style='border-radius:0px; '><div  class='avia-image-container  av-styling-    avia-builder-el-1  avia-builder-el-no-sibling  avia-align-center '  itemprop=\"image\" itemscope=\"itemscope\" itemtype=\"https:\/\/schema.org\/ImageObject\"  ><div class='avia-image-container-inner'><div class='avia-image-overlay-wrap'><img decoding=\"async\" class='wp-image-0 avia-img-lazy-loading-not-0 avia_image' src=\"https:\/\/radiorevelacionfm.cl\/wp-content\/uploads\/2021\/06\/seremis-proyecto1_optimized.jpg\" alt='' title=''   itemprop=\"thumbnailUrl\"  \/><\/div><\/div><\/div><\/div>\n<div class=\"flex_column av_one_full  flex_column_div av-zero-column-padding first  avia-builder-el-2  el_after_av_one_full  el_before_av_one_full  column-top-margin\" style='border-radius:0px; '><section class=\"av_textblock_section \"  itemscope=\"itemscope\" itemtype=\"https:\/\/schema.org\/BlogPosting\" itemprop=\"blogPost\" ><div class='avia_textblock  '   itemprop=\"text\" ><p style=\"text-align: center;\"><span style=\"font-size: 18pt;\"><strong>Autoridades regionales destacan proyecto de ley que tipifica el delito de Explotaci\u00f3n Sexual Comercial en contra de ni\u00f1os, ni\u00f1as y adolescentes<\/strong><\/span><\/p>\n<div id=\"gtx-trans\" style=\"position: absolute; left: -50px; top: 4.31534px;\">\n<div class=\"gtx-trans-icon\"><\/div>\n<\/div>\n<\/div><\/section><\/div><div class=\"flex_column av_one_full  flex_column_div av-zero-column-padding first  avia-builder-el-4  el_after_av_one_full  el_before_av_hr  column-top-margin\" style='border-radius:0px; '><section class=\"av_textblock_section \"  itemscope=\"itemscope\" itemtype=\"https:\/\/schema.org\/BlogPosting\" itemprop=\"blogPost\" ><div class='avia_textblock  '   itemprop=\"text\" ><p style=\"text-align: justify;\">Modificar el C\u00f3digo Penal y tipificar de mejor manera los delitos asociados a la Explotaci\u00f3n Sexual Comercial en contra de Ni\u00f1os, Ni\u00f1as y Adolescentes (ESCNNA), es lo que busca el proyecto de ley presentado recientemente por la ministra de Desarrollo Social y Familiar Karla Rubilar y el ministro de Justicia y Derechos Humanos, Hern\u00e1n Larra\u00edn.<\/p>\n<p style=\"text-align: justify;\">La ESCNAA comprende diferentes hechos donde los derechos de los ni\u00f1os, ni\u00f1as y adolescentes son vulnerados, a trav\u00e9s de la prostituci\u00f3n infantil; de la trata con fines de explotaci\u00f3n sexual; del turismo sexual infantil; de la producci\u00f3n, promoci\u00f3n y distribuci\u00f3n de pornograf\u00eda de menores de edad, entre otros.<\/p>\n<p style=\"text-align: justify;\">Debido a la estructura actual del C\u00f3digo Penal, la ESCNNA no se encuentra debidamente tipificada, dado que regula principalmente bajo los delitos de \u201cprostituci\u00f3n infantil\u201d y de \u201cobtenci\u00f3n de servicios sexuales de menores de edad\u201d, sin una mayor especificaci\u00f3n, es por ello que con este proyecto de ley, se introduce un nuevo p\u00e1rrafo al C\u00f3digo Penal, relativo al \u201cproxenetismo, explotaci\u00f3n sexual comercial, y pornograf\u00eda de ni\u00f1os, ni\u00f1as y adolescentes\u201d, que permitir\u00e1 darle un tratamiento correspondiente al fen\u00f3meno.<\/p>\n<p style=\"text-align: justify;\">Respecto a la importancia de esta iniciativa, el Seremi de Desarrollo Social y Familia, Marcelo Jelvez indic\u00f3 que \u201cesta iniciativa busca que los ni\u00f1os tengan el acceso a la Justicia que como sujetos de derecho les corresponda, como cualquiera otro ciudadano, y en ese camino estamos avanzando desde Desarrollo Social y Familia, junto a la Subsecretar\u00eda de la Ni\u00f1ez y la implementaci\u00f3n, en curso, del nuevo servicio de Protecci\u00f3n Especializada de la Ni\u00f1ez y Adolescencia, que reemplaza al SENAME\u201d.<\/p>\n<p style=\"text-align: justify;\">Asimismo, se crear\u00e1 un nuevo art\u00edculo que regular\u00e1 la producci\u00f3n, comercializaci\u00f3n, importaci\u00f3n, exportaci\u00f3n, distribuci\u00f3n, difusi\u00f3n y exhibici\u00f3n de material pornogr\u00e1fico infantil, sancionando a quienes a lo elaboren, adquieran y posean.<\/p>\n<p style=\"text-align: justify;\">En tanto, el Seremi de Justicia y DD.HH Luis Prieto indic\u00f3 que \u201csin duda es necesario actualizar nuestra legislaci\u00f3n y modificar el C\u00f3digo Penal, para que los delitos que se asocian a estas pr\u00e1cticas est\u00e9n debidamente tipificados y sean sancionados de la forma m\u00e1s dura posible, por lo que esperamos una expedita tramitaci\u00f3n legislativa\u201d.<\/p>\n<p style=\"text-align: justify;\">Finalmente, cabe mencionar que la presentaci\u00f3n de este proyecto de ley se contextualiza en el \u201cIV Marco para la Acci\u00f3n Contra la Explotaci\u00f3n Sexual Comercial de ni\u00f1os, ni\u00f1as y adolescentes\u201d, cuya coordinaci\u00f3n pas\u00f3 desde el Ministerio de Justicia y Derechos Humanos, al Ministerio de Desarrollo Social y Familia.<\/p>\n<\/div><\/section><\/div><\/p>\n<div  style='height:50px' class='hr hr-invisible   avia-builder-el-6  el_after_av_one_full  el_before_av_social_share '><span class='hr-inner ' ><span class='hr-inner-style'><\/span><\/span><\/div>\n<div  class='av-social-sharing-box  avia-builder-el-7  el_after_av_hr  el_before_av_hr  '><div class='av-share-box'><h5 class='av-share-link-description av-no-toc '>Compartir esta noticia<\/h5><ul class='av-share-box-list noLightbox'><li class='av-share-link av-social-link-facebook' ><a target=\"_blank\" aria-label=\"Compartir en Facebook\" href='https:\/\/www.facebook.com\/sharer.php?u=https:\/\/radiorevelacionfm.cl\/?p=5789&#038;t=Autoridades%20regionales%20destacan%20proyecto%20de%20ley%20que%20tipifica%20el%20delito%20de%20Explotaci%C3%B3n%20Sexual%20Comercial%20en%20contra%20de%20ni%C3%B1os%2C%20ni%C3%B1as%20y%20adolescentes' aria-hidden='false' data-av_icon='\ue8f3' data-av_iconfont='entypo-fontello' title='' data-avia-related-tooltip='Compartir en Facebook' rel=\"noopener\"><span class='avia_hidden_link_text'>Compartir en Facebook<\/span><\/a><\/li><li class='av-share-link av-social-link-twitter' ><a target=\"_blank\" aria-label=\"Compartir en Twitter\" href='https:\/\/twitter.com\/share?text=Autoridades%20regionales%20destacan%20proyecto%20de%20ley%20que%20tipifica%20el%20delito%20de%20Explotaci%C3%B3n%20Sexual%20Comercial%20en%20contra%20de%20ni%C3%B1os%2C%20ni%C3%B1as%20y%20adolescentes&#038;url=https:\/\/radiorevelacionfm.cl\/?p=5789' aria-hidden='false' data-av_icon='\ue8f1' data-av_iconfont='entypo-fontello' title='' data-avia-related-tooltip='Compartir en Twitter' rel=\"noopener\"><span class='avia_hidden_link_text'>Compartir en Twitter<\/span><\/a><\/li><li class='av-share-link av-social-link-whatsapp' ><a target=\"_blank\" aria-label=\"Compartir en Whatsapp\" href='https:\/\/api.whatsapp.com\/send?text=https:\/\/radiorevelacionfm.cl\/?p=5789' aria-hidden='false' data-av_icon='\uf232' data-av_iconfont='entypo-fontello' title='' data-avia-related-tooltip='Compartir en Whatsapp' rel=\"noopener\"><span class='avia_hidden_link_text'>Compartir en Whatsapp<\/span><\/a><\/li><li class='av-share-link av-social-link-linkedin' ><a target=\"_blank\" aria-label=\"Compartir en LinkedIn\" href='https:\/\/linkedin.com\/shareArticle?mini=true&#038;title=Autoridades%20regionales%20destacan%20proyecto%20de%20ley%20que%20tipifica%20el%20delito%20de%20Explotaci%C3%B3n%20Sexual%20Comercial%20en%20contra%20de%20ni%C3%B1os%2C%20ni%C3%B1as%20y%20adolescentes&#038;url=https:\/\/radiorevelacionfm.cl\/?p=5789' aria-hidden='false' data-av_icon='\ue8fc' data-av_iconfont='entypo-fontello' title='' data-avia-related-tooltip='Compartir en LinkedIn' rel=\"noopener\"><span class='avia_hidden_link_text'>Compartir en LinkedIn<\/span><\/a><\/li><li class='av-share-link av-social-link-mail' ><a  aria-label=\"Compartir por correo\" href='mailto:?subject=Autoridades%20regionales%20destacan%20proyecto%20de%20ley%20que%20tipifica%20el%20delito%20de%20Explotaci%C3%B3n%20Sexual%20Comercial%20en%20contra%20de%20ni%C3%B1os%2C%20ni%C3%B1as%20y%20adolescentes&#038;body=https:\/\/radiorevelacionfm.cl\/?p=5789' aria-hidden='false' data-av_icon='\ue805' data-av_iconfont='entypo-fontello' title='' data-avia-related-tooltip='Compartir por correo'><span class='avia_hidden_link_text'>Compartir por correo<\/span><\/a><\/li><\/ul><\/div><\/div>\n<div  style='height:50px' class='hr hr-invisible   avia-builder-el-8  el_after_av_social_share  el_before_av_comments_list '><span class='hr-inner ' ><span class='hr-inner-style'><\/span><\/span><\/div>\n<div  class='av-buildercomment  av-blog-meta-html-info-disabled av-blog-meta-tag-disabled  '><\/div>\n","protected":false},"excerpt":{"rendered":"","protected":false},"author":1,"featured_media":0,"comment_status":"open","ping_status":"open","sticky":false,"template":"","format":"standard","meta":{"footnotes":""},"categories":[55],"tags":[],"class_list":["post-5789","post","type-post","status-publish","format-standard","hentry","category-justicia"],"jetpack_featured_media_url":"","_links":{"self":[{"href":"https:\/\/radiorevelacionfm.cl\/index.php?rest_route=\/wp\/v2\/posts\/5789","targetHints":{"allow":["GET"]}}],"collection":[{"href":"https:\/\/radiorevelacionfm.cl\/index.php?rest_route=\/wp\/v2\/posts"}],"about":[{"href":"https:\/\/radiorevelacionfm.cl\/index.php?rest_route=\/wp\/v2\/types\/post"}],"author":[{"embeddable":true,"href":"https:\/\/radiorevelacionfm.cl\/index.php?rest_route=\/wp\/v2\/users\/1"}],"replies":[{"embeddable":true,"href":"https:\/\/radiorevelacionfm.cl\/index.php?rest_route=%2Fwp%2Fv2%2Fcomments&post=5789"}],"version-history":[{"count":3,"href":"https:\/\/radiorevelacionfm.cl\/index.php?rest_route=\/wp\/v2\/posts\/5789\/revisions"}],"predecessor-version":[{"id":5815,"href":"https:\/\/radiorevelacionfm.cl\/index.php?rest_route=\/wp\/v2\/posts\/5789\/revisions\/5815"}],"wp:attachment":[{"href":"https:\/\/radiorevelacionfm.cl\/index.php?rest_route=%2Fwp%2Fv2%2Fmedia&parent=5789"}],"wp:term":[{"taxonomy":"category","embeddable":true,"href":"https:\/\/radiorevelacionfm.cl\/index.php?rest_route=%2Fwp%2Fv2%2Fcategories&post=5789"},{"taxonomy":"post_tag","embeddable":true,"href":"https:\/\/radiorevelacionfm.cl\/index.php?rest_route=%2Fwp%2Fv2%2Ftags&post=5789"}],"curies":[{"name":"wp","href":"https:\/\/api.w.org\/{rel}","templated":true}]}}