{"id":57883,"date":"2025-08-16T17:49:08","date_gmt":"2025-08-16T20:49:08","guid":{"rendered":"https:\/\/radiorevelacionfm.cl\/?p=57883"},"modified":"2025-08-16T17:49:08","modified_gmt":"2025-08-16T20:49:08","slug":"vida-en-el-mar-austral-todo-apunta-a-que-industria-del-salmon-esta-afectando-gravemente-conservacion-de-ballenas","status":"publish","type":"post","link":"https:\/\/radiorevelacionfm.cl\/?p=57883","title":{"rendered":"Vida en el mar austral: Todo apunta a que industria del salm\u00f3n est\u00e1 afectando gravemente conservaci\u00f3n de ballenas"},"content":{"rendered":"<div class=\"flex_column av_one_full  flex_column_div av-zero-column-padding first  avia-builder-el-0  el_before_av_one_full  avia-builder-el-first  \" style='border-radius:0px; '><div  class='avia-image-container  av-styling-    avia-builder-el-1  avia-builder-el-no-sibling  avia-align-center '  itemprop=\"image\" itemscope=\"itemscope\" itemtype=\"https:\/\/schema.org\/ImageObject\"  ><div class='avia-image-container-inner'><div class='avia-image-overlay-wrap'><img decoding=\"async\" class='wp-image-57884 avia-img-lazy-loading-not-57884 avia_image' src=\"https:\/\/radiorevelacionfm.cl\/wp-content\/uploads\/2025\/08\/ballena1-1_optimized.jpg\" alt='' title='ballena1-(1)_optimized' height=\"600\" width=\"949\"  itemprop=\"thumbnailUrl\" srcset=\"https:\/\/radiorevelacionfm.cl\/wp-content\/uploads\/2025\/08\/ballena1-1_optimized.jpg 949w, https:\/\/radiorevelacionfm.cl\/wp-content\/uploads\/2025\/08\/ballena1-1_optimized-300x190.jpg 300w, https:\/\/radiorevelacionfm.cl\/wp-content\/uploads\/2025\/08\/ballena1-1_optimized-768x486.jpg 768w, https:\/\/radiorevelacionfm.cl\/wp-content\/uploads\/2025\/08\/ballena1-1_optimized-705x446.jpg 705w, https:\/\/radiorevelacionfm.cl\/wp-content\/uploads\/2025\/08\/ballena1-1_optimized-450x285.jpg 450w, https:\/\/radiorevelacionfm.cl\/wp-content\/uploads\/2025\/08\/ballena1-1_optimized-600x379.jpg 600w\" sizes=\"(max-width: 949px) 100vw, 949px\" \/><\/div><\/div><\/div><\/div><div class=\"flex_column av_one_full  flex_column_div av-zero-column-padding first  avia-builder-el-2  el_after_av_one_full  el_before_av_one_full  column-top-margin\" style='border-radius:0px; '><section class=\"av_textblock_section \"  itemscope=\"itemscope\" itemtype=\"https:\/\/schema.org\/BlogPosting\" itemprop=\"blogPost\" ><div class='avia_textblock  '   itemprop=\"text\" ><p style=\"text-align: center;\"><strong><span style=\"font-size: 18pt;\">Vida en el mar austral: Todo apunta a que industria del salm\u00f3n est\u00e1 afectando gravemente conservaci\u00f3n de ballenas<\/span><\/strong><\/p>\n<div id=\"gtx-trans\" style=\"position: absolute; left: -50px; top: 4.31534px;\">\n<div class=\"gtx-trans-icon\"><\/div>\n<\/div>\n<\/div><\/section><\/div><div class=\"flex_column av_one_full  flex_column_div av-zero-column-padding first  avia-builder-el-4  el_after_av_one_full  el_before_av_hr  column-top-margin\" style='border-radius:0px; '><section class=\"av_textblock_section \"  itemscope=\"itemscope\" itemtype=\"https:\/\/schema.org\/BlogPosting\" itemprop=\"blogPost\" ><div class='avia_textblock  '   itemprop=\"text\" ><ul>\n<li style=\"text-align: justify;\"><em>Aunque Chile se ha comprometido a \u00abproteger espacios claves para el desarrollo de sus ciclos de vida, implementando medidas adicionales de protecci\u00f3n en los lugares de cr\u00eda, apareamiento, cuidado parental, alimentaci\u00f3n y rutas migratorias\u00bb, la realidad es otra.<\/em><\/li>\n<li style=\"text-align: justify;\"><em>Investigaciones cient\u00edficas y penales dan cuenta de m\u00faltiples casos de muerte de ballenas asociados a la operaci\u00f3n de centros salmoneros.<\/em><\/li>\n<\/ul>\n<p>Sin gloria pero s\u00ed con pena, el 23 de julio se conmemor\u00f3 el D\u00eda Mundial de las Ballenas y Delfines. Cet\u00e1ceos que abundan en los mares de Chile, en especial del sur austral y que en los \u00faltimos a\u00f1os han sido frecuentes protagonistas de cr\u00f3nica roja.<\/p>\n<p style=\"text-align: justify;\">\u00ab<a href=\"https:\/\/fma9d.r.sp1-brevo.net\/mk\/cl\/f\/sh\/6rqJfgq8dINmOPqcBFsVki0o1kW\/KPvBfkBZb608\">Sernapesca oficia a la Fiscal\u00eda para investigar muerte de ballena jorobada en un centro de cultivo de Australis Mar<\/a>\u00bb (2024); \u00ab<a href=\"https:\/\/fma9d.r.sp1-brevo.net\/mk\/cl\/f\/sh\/6rqJfgq8dIPRQs8lfZI3gJ8jf3Y\/Nv8vEhT2yA5t\">Encuentran ballena jorobada muerta en las cercan\u00edas de centro salmonero al interior de Parque Nacional Laguna San Rafael<\/a>\u00bb (2024); \u00ab<a href=\"https:\/\/fma9d.r.sp1-brevo.net\/mk\/cl\/f\/sh\/6rqJfgq8dIR6TKQv9shbbuGfIMa\/RWvNUnit53Qw\">Las ballenas jorobadas muertas en la Patagonia de Chile llegaron a las pantallas de los edificios de Nueva York<\/a>\u00bb (2024)\u00bb; \u00ab<a href=\"https:\/\/fma9d.r.sp1-brevo.net\/mk\/cl\/f\/sh\/6rqJfgq8dISlVmj4eC79XVOavfc\/taiBxCYlTld6\">Revelan impactante video de la muerte de una ballena sei que enmall\u00f3 en una jaula salmonera en 2020<\/a>\u00bb (2023): \u00ab<a href=\"https:\/\/fma9d.r.sp1-brevo.net\/mk\/cl\/f\/sh\/6rqJfgq8dIUQYF1E8VWhT6WWYye\/6qRYVeexkrs7\">Tragedia silenciosa: Chile encabeza las cifras de muertes de ballenas debido a colisiones con barcos<\/a>\u00bb (2025).<\/p>\n<p style=\"text-align: justify;\">Con tales titulares, el 23 de julio no hab\u00eda mucho que conmemorar. En realidad.<\/p>\n<p style=\"text-align: justify;\">Son m\u00faltiples los tipos de ballenas que usan el mar patag\u00f3nico como corredor biol\u00f3gico.\u00a0O \u00ab<a href=\"https:\/\/fma9d.r.sp1-brevo.net\/mk\/cl\/f\/sh\/6rqJfgq8dIW5ahJNcowFOheSCHg\/njqx60P5gTMQ\">corredores azules<\/a>\u00ab, como se llama tambi\u00e9n a sus rutas migratorias. Las ballenas franca austral, azul y jorobada entre las m\u00e1s conocidas.\u00a0De los delfines, las toninas en sus m\u00faltiples variantes, una de ellas el chileno, adem\u00e1s del austral.\u00a0E incluso la orca.<\/p>\n<p style=\"text-align: justify;\">Con tanta her\u00e1ldica presencia, se podr\u00eda pensar que somos un pa\u00eds preocupado por protegerles.\u00a0Al menos, as\u00ed se entiende con la normativa\u00a0proteger espacios claves para el desarrollo de sus ciclos de vida, implementando medidas adicionales de protecci\u00f3n en los lugares de cr\u00eda, apareamiento, cuidado parental, alimentaci\u00f3n y rutas migratorias\u00bb.<\/p>\n<p style=\"text-align: justify;\">Algo que, en la pr\u00e1ctica, no est\u00e1 ocurriendo.<\/p>\n<p style=\"text-align: justify;\">As\u00ed lo constata la experta en clima y ecosistemas de Greenpeace, Silvana Espinosa.\u00a0En una\u00a0<a href=\"https:\/\/fma9d.r.sp1-brevo.net\/mk\/cl\/f\/sh\/6rqJfgq8dIXkd9bX78LnKImNpai\/8fZ6BbSvk8hx\">reciente entrevista<\/a>\u00a0en La Prensa Austral, constat\u00f3 que uno de los principales riesgos para estos mam\u00edferos marinos es la industria que saca aplausos entre autoridades y ciertos sectores pol\u00edticos.<\/p>\n<p style=\"text-align: justify;\">\u00abLa salmonicultura impacta gravemente los ecosistemas marinos debido a la contaminaci\u00f3n generada por residuos, productos qu\u00edmicos y escapes de salmones, lo que altera el equilibrio y la salud de las aguas de las que dependen ballenas, delfines y numerosas especies\u00bb se\u00f1al\u00f3 hace pocos d\u00edas la ge\u00f3grafa.<\/p>\n<p style=\"text-align: justify;\">Investigaciones han constatado que \u00abesta industria no s\u00f3lo amenaza la vida de estas especies, sino que tambi\u00e9n fragmenta y degrada sus h\u00e1bitats, afectando a cientos de organismos marinos que comparten estos ecosistemas\u00bb.<\/p>\n<p style=\"text-align: justify;\">A esto se agregan \u00ablas colisiones con embarcaciones son uno de los riesgos m\u00e1s cr\u00edticos, debido al creciente tr\u00e1fico mar\u00edtimo asociado, principalmente, a las operaciones de la industria salmonera. Este incremento no s\u00f3lo genera un peligro f\u00edsico directo, sino que tambi\u00e9n intensifica la contaminaci\u00f3n ac\u00fastica producida por motores y actividades industriales, interfiriendo con la comunicaci\u00f3n y orientaci\u00f3n de estos cet\u00e1ceos\u00bb explica.<\/p>\n<p style=\"text-align: justify;\"><strong>Informaci\u00f3n cient\u00edfica confirma<\/strong><\/p>\n<p style=\"text-align: justify;\">La opini\u00f3n de Espinosa no es aislada.<\/p>\n<p style=\"text-align: justify;\">As\u00ed lo constata un\u00a0<a href=\"https:\/\/fma9d.r.sp1-brevo.net\/mk\/cl\/f\/sh\/6rqJfgq8dIZPfbtgbRlLFtuJStk\/83C6Pm_EtslA\">informe<\/a>\u00a0del a\u00f1o 2023 del Programa Austral Patagonia, suscrito por Francisco Viddi, Luis Bedri\u00f1ana-Romano y Rodrigo Hucke-Gaete, investigadores del Laboratorio de Ecolog\u00eda de Mam\u00edferos Marinos del Instituto de Ciencias Marinas y Limnol\u00f3gicas (UACh) y el Centro Ballena Azul.<\/p>\n<p style=\"text-align: justify;\">Entre sus conclusiones, establecen que \u00ablos efectos adversos de la acuicultura para los mam\u00edferos marinos pueden incluir enmallamientos fatales y no fatales, lesiones, p\u00e9rdida o alteraci\u00f3n del h\u00e1bitat, alteraciones en la distribuci\u00f3n y dieta. Algunos mam\u00edferos marinos pueden ser atra\u00eddos a las jaulas debido a la gran cantidad de peces circundantes que, a su vez, llegan hasta all\u00e1 atra\u00eddos por el exceso de alimento (pellets) o plancton acumulado cerca de las jaulas. Este es el caso observado para los tursiones en el mar Mediterr\u00e1neo\u00bb.<\/p>\n<p style=\"text-align: justify;\">Esto es en sinton\u00eda con un\u00a0<a href=\"https:\/\/fma9d.r.sp1-brevo.net\/mk\/cl\/f\/sh\/6rqJfgq8dIb4i4Bq5lAtBV2F6Cm\/O62fc9ViQmYm\">pre informe<\/a>\u00a0de una necropsia realizada a una ballena jorobada muerta en las inmediaciones de un centro de cultivo de Cooke Aquaculture, en las inmediaciones del Parque Nacional Laguna San Rafael.<\/p>\n<p style=\"text-align: justify;\">Dentro de las conclusiones, se consign\u00f3 que \u00abla ballena jorobada fue avistada nadando cerca de granjas salmoneras antes de su muerte, lo que aumenta la probabilidad de interacci\u00f3n antropog\u00e9nica\u00bb. Entre ellas, con redes de pesca o l\u00edneas de fondeo, ya que \u00ablas lesiones lineales en diferentes partes del cuerpo podr\u00edan ser consistentes con el contacto con cuerdas, cables o redes asociadas a la infraestructura de las granjas de salmones o alg\u00fan arte de pesca\u00bb.\u00a0Adem\u00e1s, se consigna \u00abtrauma mec\u00e1nico\u00bb dado que \u00ablos hematomas en la regi\u00f3n del ped\u00fanculo y la zona axilar izquierda podr\u00edan sugerir un traumatismo f\u00edsico, posiblemente por colisi\u00f3n con embarcaciones menores asociadas a las actividades de las salmoneras, aunque en este caso, est\u00e9 asociado a laceraci\u00f3n de tejido y la presencia de grandes cavidades con hemorragias\u00bb.<\/p>\n<\/div><\/section><\/div><div  style='height:50px' class='hr hr-invisible   avia-builder-el-6  el_after_av_one_full  el_before_av_social_share '><span class='hr-inner ' ><span class='hr-inner-style'><\/span><\/span><\/div><\/p>\n<div  class='av-social-sharing-box  avia-builder-el-7  el_after_av_hr  el_before_av_hr  '><div class='av-share-box'><h5 class='av-share-link-description av-no-toc '>Compartir esta noticia<\/h5><ul class='av-share-box-list noLightbox'><li class='av-share-link av-social-link-facebook' ><a target=\"_blank\" aria-label=\"Compartir en Facebook\" href='https:\/\/www.facebook.com\/sharer.php?u=https:\/\/radiorevelacionfm.cl\/?p=57883&#038;t=Vida%20en%20el%20mar%20austral%3A%20Todo%20apunta%20a%20que%20industria%20del%20salm%C3%B3n%20est%C3%A1%20afectando%20gravemente%20conservaci%C3%B3n%20de%20ballenas' aria-hidden='false' data-av_icon='\ue8f3' data-av_iconfont='entypo-fontello' title='' data-avia-related-tooltip='Compartir en Facebook' rel=\"noopener\"><span class='avia_hidden_link_text'>Compartir en Facebook<\/span><\/a><\/li><li class='av-share-link av-social-link-twitter' ><a target=\"_blank\" aria-label=\"Compartir en Twitter\" href='https:\/\/twitter.com\/share?text=Vida%20en%20el%20mar%20austral%3A%20Todo%20apunta%20a%20que%20industria%20del%20salm%C3%B3n%20est%C3%A1%20afectando%20gravemente%20conservaci%C3%B3n%20de%20ballenas&#038;url=https:\/\/radiorevelacionfm.cl\/?p=57883' aria-hidden='false' data-av_icon='\ue8f1' data-av_iconfont='entypo-fontello' title='' data-avia-related-tooltip='Compartir en Twitter' rel=\"noopener\"><span class='avia_hidden_link_text'>Compartir en Twitter<\/span><\/a><\/li><li class='av-share-link av-social-link-whatsapp' ><a target=\"_blank\" aria-label=\"Compartir en Whatsapp\" href='https:\/\/api.whatsapp.com\/send?text=https:\/\/radiorevelacionfm.cl\/?p=57883' aria-hidden='false' data-av_icon='\uf232' data-av_iconfont='entypo-fontello' title='' data-avia-related-tooltip='Compartir en Whatsapp' rel=\"noopener\"><span class='avia_hidden_link_text'>Compartir en Whatsapp<\/span><\/a><\/li><li class='av-share-link av-social-link-linkedin' ><a target=\"_blank\" aria-label=\"Compartir en LinkedIn\" href='https:\/\/linkedin.com\/shareArticle?mini=true&#038;title=Vida%20en%20el%20mar%20austral%3A%20Todo%20apunta%20a%20que%20industria%20del%20salm%C3%B3n%20est%C3%A1%20afectando%20gravemente%20conservaci%C3%B3n%20de%20ballenas&#038;url=https:\/\/radiorevelacionfm.cl\/?p=57883' aria-hidden='false' data-av_icon='\ue8fc' data-av_iconfont='entypo-fontello' title='' data-avia-related-tooltip='Compartir en LinkedIn' rel=\"noopener\"><span class='avia_hidden_link_text'>Compartir en LinkedIn<\/span><\/a><\/li><li class='av-share-link av-social-link-mail' ><a  aria-label=\"Compartir por correo\" href='mailto:?subject=Vida%20en%20el%20mar%20austral%3A%20Todo%20apunta%20a%20que%20industria%20del%20salm%C3%B3n%20est%C3%A1%20afectando%20gravemente%20conservaci%C3%B3n%20de%20ballenas&#038;body=https:\/\/radiorevelacionfm.cl\/?p=57883' aria-hidden='false' data-av_icon='\ue805' data-av_iconfont='entypo-fontello' title='' data-avia-related-tooltip='Compartir por correo'><span class='avia_hidden_link_text'>Compartir por correo<\/span><\/a><\/li><\/ul><\/div><\/div>\n<div  style='height:50px' class='hr hr-invisible   avia-builder-el-8  el_after_av_social_share  el_before_av_comments_list '><span class='hr-inner ' ><span class='hr-inner-style'><\/span><\/span><\/div>\n<div  class='av-buildercomment  av-blog-meta-html-info-disabled av-blog-meta-tag-disabled  '><\/div>\n","protected":false},"excerpt":{"rendered":"","protected":false},"author":1,"featured_media":57884,"comment_status":"closed","ping_status":"closed","sticky":false,"template":"","format":"standard","meta":{"footnotes":""},"categories":[39],"tags":[],"class_list":["post-57883","post","type-post","status-publish","format-standard","has-post-thumbnail","hentry","category-medio-ambiente"],"jetpack_featured_media_url":"https:\/\/radiorevelacionfm.cl\/wp-content\/uploads\/2025\/08\/ballena1-1_optimized.jpg","_links":{"self":[{"href":"https:\/\/radiorevelacionfm.cl\/index.php?rest_route=\/wp\/v2\/posts\/57883","targetHints":{"allow":["GET"]}}],"collection":[{"href":"https:\/\/radiorevelacionfm.cl\/index.php?rest_route=\/wp\/v2\/posts"}],"about":[{"href":"https:\/\/radiorevelacionfm.cl\/index.php?rest_route=\/wp\/v2\/types\/post"}],"author":[{"embeddable":true,"href":"https:\/\/radiorevelacionfm.cl\/index.php?rest_route=\/wp\/v2\/users\/1"}],"replies":[{"embeddable":true,"href":"https:\/\/radiorevelacionfm.cl\/index.php?rest_route=%2Fwp%2Fv2%2Fcomments&post=57883"}],"version-history":[{"count":2,"href":"https:\/\/radiorevelacionfm.cl\/index.php?rest_route=\/wp\/v2\/posts\/57883\/revisions"}],"predecessor-version":[{"id":57886,"href":"https:\/\/radiorevelacionfm.cl\/index.php?rest_route=\/wp\/v2\/posts\/57883\/revisions\/57886"}],"wp:featuredmedia":[{"embeddable":true,"href":"https:\/\/radiorevelacionfm.cl\/index.php?rest_route=\/wp\/v2\/media\/57884"}],"wp:attachment":[{"href":"https:\/\/radiorevelacionfm.cl\/index.php?rest_route=%2Fwp%2Fv2%2Fmedia&parent=57883"}],"wp:term":[{"taxonomy":"category","embeddable":true,"href":"https:\/\/radiorevelacionfm.cl\/index.php?rest_route=%2Fwp%2Fv2%2Fcategories&post=57883"},{"taxonomy":"post_tag","embeddable":true,"href":"https:\/\/radiorevelacionfm.cl\/index.php?rest_route=%2Fwp%2Fv2%2Ftags&post=57883"}],"curies":[{"name":"wp","href":"https:\/\/api.w.org\/{rel}","templated":true}]}}