{"id":57879,"date":"2025-08-16T17:12:46","date_gmt":"2025-08-16T20:12:46","guid":{"rendered":"https:\/\/radiorevelacionfm.cl\/?p=57879"},"modified":"2025-08-16T17:12:46","modified_gmt":"2025-08-16T20:12:46","slug":"chile-envejece-rapido-la-urgencia-de-adaptar-las-viviendas-para-una-vejez-segura-autonoma-y-digna","status":"publish","type":"post","link":"https:\/\/radiorevelacionfm.cl\/?p=57879","title":{"rendered":"Chile envejece r\u00e1pido: la urgencia de adaptar las viviendas para una vejez segura, aut\u00f3noma y digna"},"content":{"rendered":"<div class=\"flex_column av_one_full  flex_column_div av-zero-column-padding first  avia-builder-el-0  el_before_av_one_full  avia-builder-el-first  \" style='border-radius:0px; '><div  class='avia-image-container  av-styling-    avia-builder-el-1  avia-builder-el-no-sibling  avia-align-center '  itemprop=\"image\" itemscope=\"itemscope\" itemtype=\"https:\/\/schema.org\/ImageObject\"  ><div class='avia-image-container-inner'><div class='avia-image-overlay-wrap'><img decoding=\"async\" class='wp-image-57880 avia-img-lazy-loading-not-57880 avia_image' src=\"https:\/\/radiorevelacionfm.cl\/wp-content\/uploads\/2025\/08\/adaptar-la-casa-a-los-adultos-mayores-3-1_optimized.jpeg\" alt='' title='adaptar-la-casa-a-los-adultos-mayores-3-(1)_optimized' height=\"600\" width=\"899\"  itemprop=\"thumbnailUrl\" srcset=\"https:\/\/radiorevelacionfm.cl\/wp-content\/uploads\/2025\/08\/adaptar-la-casa-a-los-adultos-mayores-3-1_optimized.jpeg 899w, https:\/\/radiorevelacionfm.cl\/wp-content\/uploads\/2025\/08\/adaptar-la-casa-a-los-adultos-mayores-3-1_optimized-300x200.jpeg 300w, https:\/\/radiorevelacionfm.cl\/wp-content\/uploads\/2025\/08\/adaptar-la-casa-a-los-adultos-mayores-3-1_optimized-768x513.jpeg 768w, https:\/\/radiorevelacionfm.cl\/wp-content\/uploads\/2025\/08\/adaptar-la-casa-a-los-adultos-mayores-3-1_optimized-705x471.jpeg 705w, https:\/\/radiorevelacionfm.cl\/wp-content\/uploads\/2025\/08\/adaptar-la-casa-a-los-adultos-mayores-3-1_optimized-450x300.jpeg 450w, https:\/\/radiorevelacionfm.cl\/wp-content\/uploads\/2025\/08\/adaptar-la-casa-a-los-adultos-mayores-3-1_optimized-600x400.jpeg 600w\" sizes=\"(max-width: 899px) 100vw, 899px\" \/><\/div><\/div><\/div><\/div><div class=\"flex_column av_one_full  flex_column_div av-zero-column-padding first  avia-builder-el-2  el_after_av_one_full  el_before_av_one_full  column-top-margin\" style='border-radius:0px; '><section class=\"av_textblock_section \"  itemscope=\"itemscope\" itemtype=\"https:\/\/schema.org\/BlogPosting\" itemprop=\"blogPost\" ><div class='avia_textblock  '   itemprop=\"text\" ><p style=\"text-align: center;\"><strong><span style=\"font-size: 18pt;\">Chile envejece r\u00e1pido: la urgencia de adaptar las viviendas para una vejez segura, aut\u00f3noma y digna<\/span><\/strong><\/p>\n<div id=\"gtx-trans\" style=\"position: absolute; left: -50px; top: 4.31534px;\">\n<div class=\"gtx-trans-icon\"><\/div>\n<\/div>\n<\/div><\/section><\/div><div class=\"flex_column av_one_full  flex_column_div av-zero-column-padding first  avia-builder-el-4  el_after_av_one_full  el_before_av_hr  column-top-margin\" style='border-radius:0px; '><section class=\"av_textblock_section \"  itemscope=\"itemscope\" itemtype=\"https:\/\/schema.org\/BlogPosting\" itemprop=\"blogPost\" ><div class='avia_textblock  '   itemprop=\"text\" ><p style=\"text-align: justify;\">Seg\u00fan el Censo 2024, m\u00e1s del 20% de la poblaci\u00f3n chilena tiene 60 a\u00f1os o m\u00e1s, y la tendencia seguir\u00e1 en aumento en las pr\u00f3ximas d\u00e9cadas. En este contexto, el acad\u00e9mico de Arquitectura del Campus Creativo de la Universidad Andr\u00e9s Bello, <strong>Pablo Hormaz\u00e1bal<\/strong>, y la psic\u00f3loga y directora <em>del Centro de Atenci\u00f3n Psicol\u00f3gica UNAB,<strong> Carolina Carrera,<\/strong> plantean<\/em> la necesidad urgente de repensar nuestras viviendas para una vida m\u00e1s larga y aut\u00f3noma.<\/p>\n<p style=\"text-align: justify;\">El envejecimiento de la poblaci\u00f3n chilena ya no es una proyecci\u00f3n: es una realidad instalada. Seg\u00fan el Censo 2024, el 20,1% de las personas censadas tiene 60 a\u00f1os o m\u00e1s, lo que equivale a m\u00e1s de 3,7 millones de adultos mayores. El Instituto Nacional de Estad\u00edsticas (INE) confirma que este grupo es el de mayor crecimiento relativo y que la tendencia seguir\u00e1 en aumento durante las pr\u00f3ximas d\u00e9cadas, con una expectativa de vida que ya bordea los 90 a\u00f1os en las mujeres y supera los 85 en los hombres.<\/p>\n<p style=\"text-align: justify;\">Este cambio demogr\u00e1fico plantea un desaf\u00edo profundo: \u00bfest\u00e1n nuestras casas preparadas para una vida m\u00e1s larga? La evidencia muestra que, en la mayor\u00eda de los casos, no. Un estudio de la Organizaci\u00f3n Mundial de la Salud (OMS) advierte que la falta de adaptaciones en el hogar es uno de los principales factores de riesgo de ca\u00eddas, un accidente que para un adulto mayor puede significar meses de recuperaci\u00f3n, p\u00e9rdida de autonom\u00eda y deterioro en su calidad de vida.<\/p>\n<p style=\"text-align: justify;\">El acad\u00e9mico de Arquitectura del Campus Creativo de la Universidad Andr\u00e9s Bello, <strong>Pablo Hormaz\u00e1bal<\/strong>, lo plantea con claridad:<\/p>\n<p style=\"text-align: justify;\"><em>\u00abSi asumimos que una casa debe adaptarse para la vejez, es porque no lo est\u00e1. Una vivienda est\u00e1 pensada para durar m\u00e1s que nosotros, pero en la vejez el cuerpo se vuelve m\u00e1s fr\u00e1gil, y el mayor riesgo es una ca\u00edda\u00bb<\/em>, se\u00f1ala.<\/p>\n<p style=\"text-align: justify;\">Hormaz\u00e1bal explica que el punto de inflexi\u00f3n en la vejez no es solo la edad, sino la <strong>fragilidad del cuerpo envejecido<\/strong>, y que cualquier intervenci\u00f3n arquitect\u00f3nica debe priorizar la reducci\u00f3n de riesgos.<\/p>\n<p style=\"text-align: justify;\"><em>\u00abEvitar una ca\u00edda no es un detalle: para una persona mayor, un accidente as\u00ed puede significar una larga inmovilizaci\u00f3n y la aparici\u00f3n de otros riesgos asociados a la vejez\u00bb<\/em>.<\/p>\n<h3 style=\"text-align: justify;\"><span style=\"font-size: 12pt;\"><strong>Adaptaciones simples, impacto enorme<\/strong><\/span><\/h3>\n<p style=\"text-align: justify;\">Contrario a lo que muchos creen, no siempre se requiere una remodelaci\u00f3n completa para lograr un hogar m\u00e1s seguro. Hormaz\u00e1bal destaca intervenciones de bajo costo y r\u00e1pida ejecuci\u00f3n:<\/p>\n<ul style=\"text-align: justify;\">\n<li><strong>Instalaci\u00f3n de pasamanos<\/strong> en recorridos interiores y exteriores, as\u00ed como en dormitorios y ba\u00f1os.<\/li>\n<li><strong>Mejoras en la iluminaci\u00f3n<\/strong>, tanto natural como artificial, para evitar sombras y deslumbramientos.<\/li>\n<li><strong>Eliminaci\u00f3n de desniveles y escalones<\/strong> que dificulten el desplazamiento.<\/li>\n<li><strong>Reordenamiento del mobiliario<\/strong> para facilitar la circulaci\u00f3n y reducir obst\u00e1culos.<\/li>\n<\/ul>\n<p style=\"text-align: justify;\"><em>\u00abSon medidas que, igual que cuando adaptamos una casa para un ni\u00f1o que aprende a caminar, buscan promover la autonom\u00eda y reducir riesgos. La diferencia es que en la vejez, mantener la independencia es tambi\u00e9n preservar la dignidad\u00bb<\/em>, enfatiza.<\/p>\n<h3 style=\"text-align: justify;\"><span style=\"font-size: 12pt;\"><strong>El valor psicol\u00f3gico de la autonom\u00eda<\/strong><\/span><\/h3>\n<p style=\"text-align: justify;\">Desde una mirada complementaria, <strong>Carolina Carrera Ferrer<\/strong>, directora del Centro de Atenci\u00f3n Psicol\u00f3gica (CAPSI) de la UNAB, subraya que la adaptaci\u00f3n del hogar no solo es un tema f\u00edsico, sino emocional:<\/p>\n<p style=\"text-align: justify;\"><em>\u00abLa autonom\u00eda en el caso de las personas mayores es muy importante, tanto en relaci\u00f3n a la movilidad y uso del espacio f\u00edsico, como para la toma de decisiones\u00bb<\/em>, afirma.<\/p>\n<p style=\"text-align: justify;\">Carrera explica que la vejez es una etapa de logros y reencuentros, pero tambi\u00e9n de p\u00e9rdidas y ajustes. En lo f\u00edsico, habilitar el espacio a las necesidades reales permite mantener h\u00e1bitos y rutinas sin depender de otros.<\/p>\n<p style=\"text-align: justify;\"><em>\u00abSi en el hogar hay tina, es importante cambiarla por ducha para mantener la higiene sin ayuda de otra persona. Tambi\u00e9n se debe asegurar espacio para moverse sin riesgo de ca\u00eddas, ya que un accidente a esa edad impacta fuertemente en la salud mental\u00bb<\/em>.<\/p>\n<p style=\"text-align: justify;\">En lo emocional, advierte sobre un riesgo frecuente:<\/p>\n<p style=\"text-align: justify;\"><em>\u00abMuchas veces los hijos o familiares tienden a infantilizar al adulto mayor, tomando decisiones por \u00e9l. Esto lo hace sentir incapacitado y puede derivar en depresi\u00f3n\u00bb<\/em>.<\/p>\n<p style=\"text-align: justify;\">Por eso, recomienda <strong>respetar las decisiones<\/strong> de las personas mayores y fomentar que pidan ayuda cuando la necesiten.<\/p>\n<h3 style=\"text-align: justify;\"><span style=\"font-size: 12pt;\"><strong>M\u00e1s que una decisi\u00f3n personal: un desaf\u00edo social<\/strong><\/span><\/h3>\n<p style=\"text-align: justify;\">Para Hormaz\u00e1bal, estas adaptaciones recuerdan que somos interdependientes y que la autonom\u00eda prolongada en la vejez evita la institucionalizaci\u00f3n, que muchas veces significa \u00abrenunciar en vida a tu vida\u00bb. Desde una perspectiva econ\u00f3mica, insiste en que <strong>es m\u00e1s eficiente adaptar viviendas existentes<\/strong> que destinar recursos a construir y mantener residencias con alta demanda de gesti\u00f3n hospitalaria.<\/p>\n<p style=\"text-align: justify;\">Ambos especialistas coinciden en que la respuesta debe ser <strong>interdisciplinaria<\/strong>, integrando arquitectura, psicolog\u00eda, trabajo social, medicina y pol\u00edticas p\u00fablicas, y que la discusi\u00f3n sobre vivienda y vejez debe instalarse en la agenda nacional.<\/p>\n<p style=\"text-align: justify;\">Hormaz\u00e1bal lo resume as\u00ed:<\/p>\n<p style=\"text-align: justify;\"><em>\u00abDise\u00f1ar para la vejez no es un favor ni un gasto, es una inversi\u00f3n en calidad de vida y en cohesi\u00f3n social\u00bb<\/em>.<\/p>\n<p style=\"text-align: justify;\">Carrera complementa:<\/p>\n<p style=\"text-align: justify;\"><em>\u00abRespetar la autonom\u00eda es tambi\u00e9n cuidar la salud mental y el sentido de vida en esta etapa\u00bb<\/em>.<\/p>\n<p style=\"text-align: justify;\">Con una poblaci\u00f3n que envejece m\u00e1s r\u00e1pido de lo que cambian las pol\u00edticas p\u00fablicas, el tiempo para actuar es ahora. La pregunta es si lo haremos antes de que los obst\u00e1culos del hogar se conviertan en barreras para la vida.<\/p>\n<\/div><\/section><\/div><div  style='height:50px' class='hr hr-invisible   avia-builder-el-6  el_after_av_one_full  el_before_av_social_share '><span class='hr-inner ' ><span class='hr-inner-style'><\/span><\/span><\/div><\/p>\n<div  class='av-social-sharing-box  avia-builder-el-7  el_after_av_hr  el_before_av_hr  '><div class='av-share-box'><h5 class='av-share-link-description av-no-toc '>Compartir esta noticia<\/h5><ul class='av-share-box-list noLightbox'><li class='av-share-link av-social-link-facebook' ><a target=\"_blank\" aria-label=\"Compartir en Facebook\" href='https:\/\/www.facebook.com\/sharer.php?u=https:\/\/radiorevelacionfm.cl\/?p=57879&#038;t=Chile%20envejece%20r%C3%A1pido%3A%20la%20urgencia%20de%20adaptar%20las%20viviendas%20para%20una%20vejez%20segura%2C%20aut%C3%B3noma%20y%20digna' aria-hidden='false' data-av_icon='\ue8f3' data-av_iconfont='entypo-fontello' title='' data-avia-related-tooltip='Compartir en Facebook' rel=\"noopener\"><span class='avia_hidden_link_text'>Compartir en Facebook<\/span><\/a><\/li><li class='av-share-link av-social-link-twitter' ><a target=\"_blank\" aria-label=\"Compartir en Twitter\" href='https:\/\/twitter.com\/share?text=Chile%20envejece%20r%C3%A1pido%3A%20la%20urgencia%20de%20adaptar%20las%20viviendas%20para%20una%20vejez%20segura%2C%20aut%C3%B3noma%20y%20digna&#038;url=https:\/\/radiorevelacionfm.cl\/?p=57879' aria-hidden='false' data-av_icon='\ue8f1' data-av_iconfont='entypo-fontello' title='' data-avia-related-tooltip='Compartir en Twitter' rel=\"noopener\"><span class='avia_hidden_link_text'>Compartir en Twitter<\/span><\/a><\/li><li class='av-share-link av-social-link-whatsapp' ><a target=\"_blank\" aria-label=\"Compartir en Whatsapp\" href='https:\/\/api.whatsapp.com\/send?text=https:\/\/radiorevelacionfm.cl\/?p=57879' aria-hidden='false' data-av_icon='\uf232' data-av_iconfont='entypo-fontello' title='' data-avia-related-tooltip='Compartir en Whatsapp' rel=\"noopener\"><span class='avia_hidden_link_text'>Compartir en Whatsapp<\/span><\/a><\/li><li class='av-share-link av-social-link-linkedin' ><a target=\"_blank\" aria-label=\"Compartir en LinkedIn\" href='https:\/\/linkedin.com\/shareArticle?mini=true&#038;title=Chile%20envejece%20r%C3%A1pido%3A%20la%20urgencia%20de%20adaptar%20las%20viviendas%20para%20una%20vejez%20segura%2C%20aut%C3%B3noma%20y%20digna&#038;url=https:\/\/radiorevelacionfm.cl\/?p=57879' aria-hidden='false' data-av_icon='\ue8fc' data-av_iconfont='entypo-fontello' title='' data-avia-related-tooltip='Compartir en LinkedIn' rel=\"noopener\"><span class='avia_hidden_link_text'>Compartir en LinkedIn<\/span><\/a><\/li><li class='av-share-link av-social-link-mail' ><a  aria-label=\"Compartir por correo\" href='mailto:?subject=Chile%20envejece%20r%C3%A1pido%3A%20la%20urgencia%20de%20adaptar%20las%20viviendas%20para%20una%20vejez%20segura%2C%20aut%C3%B3noma%20y%20digna&#038;body=https:\/\/radiorevelacionfm.cl\/?p=57879' aria-hidden='false' data-av_icon='\ue805' data-av_iconfont='entypo-fontello' title='' data-avia-related-tooltip='Compartir por correo'><span class='avia_hidden_link_text'>Compartir por correo<\/span><\/a><\/li><\/ul><\/div><\/div>\n<div  style='height:50px' class='hr hr-invisible   avia-builder-el-8  el_after_av_social_share  el_before_av_comments_list '><span class='hr-inner ' ><span class='hr-inner-style'><\/span><\/span><\/div>\n<div  class='av-buildercomment  av-blog-meta-html-info-disabled av-blog-meta-tag-disabled  '><\/div>\n","protected":false},"excerpt":{"rendered":"","protected":false},"author":1,"featured_media":57880,"comment_status":"closed","ping_status":"closed","sticky":false,"template":"","format":"standard","meta":{"footnotes":""},"categories":[61],"tags":[],"class_list":["post-57879","post","type-post","status-publish","format-standard","has-post-thumbnail","hentry","category-nacional"],"jetpack_featured_media_url":"https:\/\/radiorevelacionfm.cl\/wp-content\/uploads\/2025\/08\/adaptar-la-casa-a-los-adultos-mayores-3-1_optimized.jpeg","_links":{"self":[{"href":"https:\/\/radiorevelacionfm.cl\/index.php?rest_route=\/wp\/v2\/posts\/57879","targetHints":{"allow":["GET"]}}],"collection":[{"href":"https:\/\/radiorevelacionfm.cl\/index.php?rest_route=\/wp\/v2\/posts"}],"about":[{"href":"https:\/\/radiorevelacionfm.cl\/index.php?rest_route=\/wp\/v2\/types\/post"}],"author":[{"embeddable":true,"href":"https:\/\/radiorevelacionfm.cl\/index.php?rest_route=\/wp\/v2\/users\/1"}],"replies":[{"embeddable":true,"href":"https:\/\/radiorevelacionfm.cl\/index.php?rest_route=%2Fwp%2Fv2%2Fcomments&post=57879"}],"version-history":[{"count":2,"href":"https:\/\/radiorevelacionfm.cl\/index.php?rest_route=\/wp\/v2\/posts\/57879\/revisions"}],"predecessor-version":[{"id":57882,"href":"https:\/\/radiorevelacionfm.cl\/index.php?rest_route=\/wp\/v2\/posts\/57879\/revisions\/57882"}],"wp:featuredmedia":[{"embeddable":true,"href":"https:\/\/radiorevelacionfm.cl\/index.php?rest_route=\/wp\/v2\/media\/57880"}],"wp:attachment":[{"href":"https:\/\/radiorevelacionfm.cl\/index.php?rest_route=%2Fwp%2Fv2%2Fmedia&parent=57879"}],"wp:term":[{"taxonomy":"category","embeddable":true,"href":"https:\/\/radiorevelacionfm.cl\/index.php?rest_route=%2Fwp%2Fv2%2Fcategories&post=57879"},{"taxonomy":"post_tag","embeddable":true,"href":"https:\/\/radiorevelacionfm.cl\/index.php?rest_route=%2Fwp%2Fv2%2Ftags&post=57879"}],"curies":[{"name":"wp","href":"https:\/\/api.w.org\/{rel}","templated":true}]}}