{"id":57876,"date":"2025-08-16T15:06:57","date_gmt":"2025-08-16T18:06:57","guid":{"rendered":"https:\/\/radiorevelacionfm.cl\/?p=57876"},"modified":"2025-08-16T15:06:57","modified_gmt":"2025-08-16T18:06:57","slug":"calisto-logra-en-menos-de-24-horas-las-firmas-para-postular-como-independiente-al-senado","status":"publish","type":"post","link":"https:\/\/radiorevelacionfm.cl\/?p=57876","title":{"rendered":"Calisto logra en menos de 24 horas las firmas para postular como independiente al Senado"},"content":{"rendered":"<div class=\"flex_column av_one_full  flex_column_div av-zero-column-padding first  avia-builder-el-0  el_before_av_one_full  avia-builder-el-first  \" style='border-radius:0px; '><div  class='avia-image-container  av-styling-    avia-builder-el-1  avia-builder-el-no-sibling  avia-align-center '  itemprop=\"image\" itemscope=\"itemscope\" itemtype=\"https:\/\/schema.org\/ImageObject\"  ><div class='avia-image-container-inner'><div class='avia-image-overlay-wrap'><img decoding=\"async\" class='wp-image-49942 avia-img-lazy-loading-not-49942 avia_image' src=\"https:\/\/radiorevelacionfm.cl\/wp-content\/uploads\/2025\/01\/FOTO-CALISTO-COMISION-1-1.jpeg\" alt='' title='FOTO CALISTO COMISI\u00d3N (1) (1)' height=\"600\" width=\"900\"  itemprop=\"thumbnailUrl\" srcset=\"https:\/\/radiorevelacionfm.cl\/wp-content\/uploads\/2025\/01\/FOTO-CALISTO-COMISION-1-1.jpeg 900w, https:\/\/radiorevelacionfm.cl\/wp-content\/uploads\/2025\/01\/FOTO-CALISTO-COMISION-1-1-300x200.jpeg 300w, https:\/\/radiorevelacionfm.cl\/wp-content\/uploads\/2025\/01\/FOTO-CALISTO-COMISION-1-1-768x512.jpeg 768w, https:\/\/radiorevelacionfm.cl\/wp-content\/uploads\/2025\/01\/FOTO-CALISTO-COMISION-1-1-705x470.jpeg 705w, https:\/\/radiorevelacionfm.cl\/wp-content\/uploads\/2025\/01\/FOTO-CALISTO-COMISION-1-1-450x300.jpeg 450w, https:\/\/radiorevelacionfm.cl\/wp-content\/uploads\/2025\/01\/FOTO-CALISTO-COMISION-1-1-600x400.jpeg 600w\" sizes=\"(max-width: 900px) 100vw, 900px\" \/><\/div><\/div><\/div><\/div><div class=\"flex_column av_one_full  flex_column_div av-zero-column-padding first  avia-builder-el-2  el_after_av_one_full  el_before_av_one_full  column-top-margin\" style='border-radius:0px; '><section class=\"av_textblock_section \"  itemscope=\"itemscope\" itemtype=\"https:\/\/schema.org\/BlogPosting\" itemprop=\"blogPost\" ><div class='avia_textblock  '   itemprop=\"text\" ><p style=\"text-align: center;\"><span style=\"font-size: 18pt;\"><strong><span lang=\"ES-CL\">Calisto logra en menos de 24 horas las firmas para postular como independiente al Senado<\/span><\/strong><\/span><\/p>\n<div id=\"gtx-trans\" style=\"position: absolute; left: -50px; top: 4.31534px;\">\n<div class=\"gtx-trans-icon\"><\/div>\n<\/div>\n<\/div><\/section><\/div><div class=\"flex_column av_one_full  flex_column_div av-zero-column-padding first  avia-builder-el-4  el_after_av_one_full  el_before_av_hr  column-top-margin\" style='border-radius:0px; '><section class=\"av_textblock_section \"  itemscope=\"itemscope\" itemtype=\"https:\/\/schema.org\/BlogPosting\" itemprop=\"blogPost\" ><div class='avia_textblock  '   itemprop=\"text\" ><p style=\"font-weight: 400; text-align: justify;\">El\u00a0diputado Miguel \u00c1ngel Calisto ha anunciado que en tan solo 22 horas, ha superado con \u00e9xito el m\u00ednimo de firmas requeridas para formalizar su candidatura independiente al Senado. Con 204 firmas validadas hasta el momento, Calisto se asegura un lugar en la papeleta, demostrando un amplio respaldo ciudadano a su postulaci\u00f3n.<\/p>\n<p style=\"font-weight: 400; text-align: justify;\">\u00abEstoy profundamente agradecido por el apoyo masivo de la gente. Este logro en menos de un d\u00eda es una se\u00f1al inequ\u00edvoca de que las personas quieren alternativas, quieren candidatos que los representen de verdad y que est\u00e9n comprometidos con sus necesidades \u00ab, declar\u00f3 el diputado Calisto.<\/p>\n<p style=\"font-weight: 400; text-align: justify;\">En el contexto de este hito, el diputado nuevamente desliz\u00f3 cr\u00edticas a Chile Vamos. \u00abHemos recibido un veto por parte de la clase pol\u00edtica nacional, del mundo pol\u00edtico central, de Santiago. Pero nosotros desde la Patagonia decimos con mucha fuerza que estamos convencidos de nuestra candidatura, de nuestro proceso, y que vamos a llegar hasta el final para transparentar tambi\u00e9n la situaci\u00f3n que estamos viviendo en materia judicial\u00bb.<\/p>\n<p style=\"font-weight: 400; text-align: justify;\">Finalmente, el diputado afirm\u00f3 que, a pesar de haber superado el m\u00ednimo, continuar\u00e1 el proceso de recolecci\u00f3n de firmas hasta el final del plazo, que vence el pr\u00f3ximo lunes al finalizar el d\u00eda. \u00abNo nos detendremos. Seguiremos sumando apoyos, porque cada firma adicional representa una voz m\u00e1s que se une a este movimiento por un Chile m\u00e1s justo y equitativo. La ciudadan\u00eda es la verdadera fuerza detr\u00e1s de esta campa\u00f1a y lo seguiremos demostrando\u00bb, concluy\u00f3.<\/p>\n<\/div><\/section><\/div><div  style='height:50px' class='hr hr-invisible   avia-builder-el-6  el_after_av_one_full  el_before_av_social_share '><span class='hr-inner ' ><span class='hr-inner-style'><\/span><\/span><\/div><\/p>\n<div  class='av-social-sharing-box  avia-builder-el-7  el_after_av_hr  el_before_av_hr  '><div class='av-share-box'><h5 class='av-share-link-description av-no-toc '>Compartir esta noticia<\/h5><ul class='av-share-box-list noLightbox'><li class='av-share-link av-social-link-facebook' ><a target=\"_blank\" aria-label=\"Compartir en Facebook\" href='https:\/\/www.facebook.com\/sharer.php?u=https:\/\/radiorevelacionfm.cl\/?p=57876&#038;t=Calisto%20logra%20en%20menos%20de%2024%20horas%20las%20firmas%20para%20postular%20como%20independiente%20al%20Senado' aria-hidden='false' data-av_icon='\ue8f3' data-av_iconfont='entypo-fontello' title='' data-avia-related-tooltip='Compartir en Facebook' rel=\"noopener\"><span class='avia_hidden_link_text'>Compartir en Facebook<\/span><\/a><\/li><li class='av-share-link av-social-link-twitter' ><a target=\"_blank\" aria-label=\"Compartir en Twitter\" href='https:\/\/twitter.com\/share?text=Calisto%20logra%20en%20menos%20de%2024%20horas%20las%20firmas%20para%20postular%20como%20independiente%20al%20Senado&#038;url=https:\/\/radiorevelacionfm.cl\/?p=57876' aria-hidden='false' data-av_icon='\ue8f1' data-av_iconfont='entypo-fontello' title='' data-avia-related-tooltip='Compartir en Twitter' rel=\"noopener\"><span class='avia_hidden_link_text'>Compartir en Twitter<\/span><\/a><\/li><li class='av-share-link av-social-link-whatsapp' ><a target=\"_blank\" aria-label=\"Compartir en Whatsapp\" href='https:\/\/api.whatsapp.com\/send?text=https:\/\/radiorevelacionfm.cl\/?p=57876' aria-hidden='false' data-av_icon='\uf232' data-av_iconfont='entypo-fontello' title='' data-avia-related-tooltip='Compartir en Whatsapp' rel=\"noopener\"><span class='avia_hidden_link_text'>Compartir en Whatsapp<\/span><\/a><\/li><li class='av-share-link av-social-link-linkedin' ><a target=\"_blank\" aria-label=\"Compartir en LinkedIn\" href='https:\/\/linkedin.com\/shareArticle?mini=true&#038;title=Calisto%20logra%20en%20menos%20de%2024%20horas%20las%20firmas%20para%20postular%20como%20independiente%20al%20Senado&#038;url=https:\/\/radiorevelacionfm.cl\/?p=57876' aria-hidden='false' data-av_icon='\ue8fc' data-av_iconfont='entypo-fontello' title='' data-avia-related-tooltip='Compartir en LinkedIn' rel=\"noopener\"><span class='avia_hidden_link_text'>Compartir en LinkedIn<\/span><\/a><\/li><li class='av-share-link av-social-link-mail' ><a  aria-label=\"Compartir por correo\" href='mailto:?subject=Calisto%20logra%20en%20menos%20de%2024%20horas%20las%20firmas%20para%20postular%20como%20independiente%20al%20Senado&#038;body=https:\/\/radiorevelacionfm.cl\/?p=57876' aria-hidden='false' data-av_icon='\ue805' data-av_iconfont='entypo-fontello' title='' data-avia-related-tooltip='Compartir por correo'><span class='avia_hidden_link_text'>Compartir por correo<\/span><\/a><\/li><\/ul><\/div><\/div>\n<div  style='height:50px' class='hr hr-invisible   avia-builder-el-8  el_after_av_social_share  el_before_av_comments_list '><span class='hr-inner ' ><span class='hr-inner-style'><\/span><\/span><\/div>\n<div  class='av-buildercomment  av-blog-meta-html-info-disabled av-blog-meta-tag-disabled  '><\/div>\n","protected":false},"excerpt":{"rendered":"","protected":false},"author":1,"featured_media":49942,"comment_status":"closed","ping_status":"closed","sticky":false,"template":"","format":"standard","meta":{"footnotes":""},"categories":[35],"tags":[],"class_list":["post-57876","post","type-post","status-publish","format-standard","has-post-thumbnail","hentry","category-politica"],"jetpack_featured_media_url":"https:\/\/radiorevelacionfm.cl\/wp-content\/uploads\/2025\/01\/FOTO-CALISTO-COMISION-1-1.jpeg","_links":{"self":[{"href":"https:\/\/radiorevelacionfm.cl\/index.php?rest_route=\/wp\/v2\/posts\/57876","targetHints":{"allow":["GET"]}}],"collection":[{"href":"https:\/\/radiorevelacionfm.cl\/index.php?rest_route=\/wp\/v2\/posts"}],"about":[{"href":"https:\/\/radiorevelacionfm.cl\/index.php?rest_route=\/wp\/v2\/types\/post"}],"author":[{"embeddable":true,"href":"https:\/\/radiorevelacionfm.cl\/index.php?rest_route=\/wp\/v2\/users\/1"}],"replies":[{"embeddable":true,"href":"https:\/\/radiorevelacionfm.cl\/index.php?rest_route=%2Fwp%2Fv2%2Fcomments&post=57876"}],"version-history":[{"count":2,"href":"https:\/\/radiorevelacionfm.cl\/index.php?rest_route=\/wp\/v2\/posts\/57876\/revisions"}],"predecessor-version":[{"id":57878,"href":"https:\/\/radiorevelacionfm.cl\/index.php?rest_route=\/wp\/v2\/posts\/57876\/revisions\/57878"}],"wp:featuredmedia":[{"embeddable":true,"href":"https:\/\/radiorevelacionfm.cl\/index.php?rest_route=\/wp\/v2\/media\/49942"}],"wp:attachment":[{"href":"https:\/\/radiorevelacionfm.cl\/index.php?rest_route=%2Fwp%2Fv2%2Fmedia&parent=57876"}],"wp:term":[{"taxonomy":"category","embeddable":true,"href":"https:\/\/radiorevelacionfm.cl\/index.php?rest_route=%2Fwp%2Fv2%2Fcategories&post=57876"},{"taxonomy":"post_tag","embeddable":true,"href":"https:\/\/radiorevelacionfm.cl\/index.php?rest_route=%2Fwp%2Fv2%2Ftags&post=57876"}],"curies":[{"name":"wp","href":"https:\/\/api.w.org\/{rel}","templated":true}]}}