{"id":57867,"date":"2025-08-16T12:31:16","date_gmt":"2025-08-16T15:31:16","guid":{"rendered":"https:\/\/radiorevelacionfm.cl\/?p=57867"},"modified":"2025-08-16T12:31:16","modified_gmt":"2025-08-16T15:31:16","slug":"integrante-de-la-orquesta-sinfonica-juvenil-regional-aysen-cuenta-su-experiencia-es-disciplina-y-pasion","status":"publish","type":"post","link":"https:\/\/radiorevelacionfm.cl\/?p=57867","title":{"rendered":"Integrante de la Orquesta Sinf\u00f3nica Juvenil Regional Ays\u00e9n cuenta su experiencia: \u00abEs disciplina y pasi\u00f3n\u00bb"},"content":{"rendered":"<div class=\"flex_column av_one_full  flex_column_div av-zero-column-padding first  avia-builder-el-0  el_before_av_one_full  avia-builder-el-first  \" style='border-radius:0px; '><div  class='avia-image-container  av-styling-    avia-builder-el-1  avia-builder-el-no-sibling  avia-align-center '  itemprop=\"image\" itemscope=\"itemscope\" itemtype=\"https:\/\/schema.org\/ImageObject\"  ><div class='avia-image-container-inner'><div class='avia-image-overlay-wrap'><img decoding=\"async\" class='wp-image-57868 avia-img-lazy-loading-not-57868 avia_image' src=\"https:\/\/radiorevelacionfm.cl\/wp-content\/uploads\/2025\/08\/monse-3-1-1.jpeg\" alt='' title='monse 3 (1) (1)' height=\"600\" width=\"800\"  itemprop=\"thumbnailUrl\" srcset=\"https:\/\/radiorevelacionfm.cl\/wp-content\/uploads\/2025\/08\/monse-3-1-1.jpeg 800w, https:\/\/radiorevelacionfm.cl\/wp-content\/uploads\/2025\/08\/monse-3-1-1-300x225.jpeg 300w, https:\/\/radiorevelacionfm.cl\/wp-content\/uploads\/2025\/08\/monse-3-1-1-768x576.jpeg 768w, https:\/\/radiorevelacionfm.cl\/wp-content\/uploads\/2025\/08\/monse-3-1-1-705x529.jpeg 705w, https:\/\/radiorevelacionfm.cl\/wp-content\/uploads\/2025\/08\/monse-3-1-1-450x338.jpeg 450w, https:\/\/radiorevelacionfm.cl\/wp-content\/uploads\/2025\/08\/monse-3-1-1-600x450.jpeg 600w\" sizes=\"(max-width: 800px) 100vw, 800px\" \/><\/div><\/div><\/div><\/div><div class=\"flex_column av_one_full  flex_column_div av-zero-column-padding first  avia-builder-el-2  el_after_av_one_full  el_before_av_one_full  column-top-margin\" style='border-radius:0px; '><section class=\"av_textblock_section \"  itemscope=\"itemscope\" itemtype=\"https:\/\/schema.org\/BlogPosting\" itemprop=\"blogPost\" ><div class='avia_textblock  '   itemprop=\"text\" ><p style=\"text-align: center;\"><strong><span style=\"font-size: 18pt;\">Integrante de la Orquesta Sinf\u00f3nica Juvenil Regional Ays\u00e9n cuenta su experiencia: \u00abEs disciplina y pasi\u00f3n\u00bb<\/span><\/strong><\/p>\n<div id=\"gtx-trans\" style=\"position: absolute; left: -50px; top: 4.31534px;\">\n<div class=\"gtx-trans-icon\"><\/div>\n<\/div>\n<\/div><\/section><\/div><div class=\"flex_column av_one_full  flex_column_div av-zero-column-padding first  avia-builder-el-4  el_after_av_one_full  el_before_av_hr  column-top-margin\" style='border-radius:0px; '><section class=\"av_textblock_section \"  itemscope=\"itemscope\" itemtype=\"https:\/\/schema.org\/BlogPosting\" itemprop=\"blogPost\" ><div class='avia_textblock  '   itemprop=\"text\" ><p dir=\"ltr\" style=\"text-align: justify;\">Este es el \u00faltimo a\u00f1o en la Fundaci\u00f3n de Orquesta Juveniles e Infantiles de Chile (FOJI) para Monserrat Dur\u00e1n y el campamento musical vivido en julio estrech\u00f3 a\u00fan m\u00e1s los lazos con sus compa\u00f1eros y profesores, pero sobre todo con lo que la inspira a diario: el Violonchelo.<\/p>\n<p dir=\"ltr\" style=\"text-align: justify;\">Hace dos a\u00f1os que Monserrat Dur\u00e1n es integrante de la Orquesta Sinf\u00f3nica Juvenil Regional Infantil de Ays\u00e9n, OSJR Ays\u00e9n, dependiente de FOJI. Sin embargo, su vida musical se inici\u00f3 a muy temprana edad. Parti\u00f3 tocando el viol\u00edn de muy peque\u00f1a y luego a los 10 a\u00f1os se puso el desaf\u00edo de conocer otro instrumento que la apasionara.<\/p>\n<p dir=\"ltr\" style=\"text-align: justify;\">\u201cPens\u00e9 que me iba a gustar, estuve un a\u00f1o y no, no me gust\u00f3. Sucedi\u00f3 que despu\u00e9s de eso dej\u00e9 de tocar\u201d, as\u00ed recuerda Monserrat sus inicios con el violonchelo. Y es que el enfrentarse al rigor y la disciplina de la pr\u00e1ctica m\u00fasical muchas veces puede ser agotador, es por ello que FOJI cuenta con un equipo multidisciplinario que apoya precisamente en estas materias y que para esta joven m\u00fasica ha sido fundamental\u00a0\u201cyo debo agradecerle al equipo, porque todos ellos hacen que yo me sienta incluida ya que llegu\u00e9 reci\u00e9n el a\u00f1o pasado. Ellos me invitan a superarme y eso es fundamental\u201d.<\/p>\n<p dir=\"ltr\" style=\"text-align: justify;\">Su ingreso a la OSJR no estuvo exenta de an\u00e9cdotas\u00a0\u201caudicion\u00e9 y qued\u00e9 en lista de espera, eso para m\u00ed fue como un ah ok debo seguir esforz\u00e1ndome, pas\u00f3 el tiempo y me llamaron, me puse feliz, pero tambi\u00e9n muy nerviosa, porque esta orquesta es mucho m\u00e1s grande, incluso tiene m\u00fasicos de otras comunas, para m\u00ed todo era muy nuevo y me sent\u00ed al principio muy peque\u00f1a. Al inicio me cost\u00f3 adaptarme y fue muy importante el apoyo de los profesores, as\u00ed que ahora ya me siento s\u00faper bien y me gusta mucho mi orquesta\u201d\u00a0relata.<\/p>\n<p dir=\"ltr\" style=\"text-align: justify;\">LA EXPERIENCIA DEL CAMPAMENTO MUSICAL<\/p>\n<p dir=\"ltr\" style=\"text-align: justify;\">Este 2025 se implement\u00f3 de parte de FOJI el modelo educativo de campamento musical con el objetivo de tener una preparaci\u00f3n intensiva durante una semana. Mientras la mayor\u00eda de los j\u00f3venes disfrutaban de sus vacaciones invernales, los 39 integrantes de la OSJR perfeccionaban sus conocimientos musicales en donde tambi\u00e9n hubo espacio importante para desarrollar talleres psicosociales.<\/p>\n<p dir=\"ltr\" style=\"text-align: justify;\">\u201cCuando me dijeron que en las vacaciones estar\u00edamos ensayando todo el d\u00eda, la verdad no me gust\u00f3 mucho la idea, pero mi mam\u00e1 me hizo ver lo importante que es cumplir los compromisos y yo cuando ingres\u00e9 a la orquesta asum\u00ed esa responsabilidad, as\u00ed que fui y la verdad es que ha sido una tremenda experiencia, muy muy valiosa\u201d\u00a0comenta la joven chelista.<\/p>\n<p dir=\"ltr\" style=\"text-align: justify;\">Seg\u00fan el parecer de Monserrat, la idea de campamento musical aport\u00f3 mucho no solo en lo t\u00e9cnico, sino tambi\u00e9n en fortalecer los lazos entre sus pares\u00a0\u201cHa sido muy bonito, yo lo he pasado muy bien y me ha ayudado mucho a mejorar en lo musical, tambi\u00e9n he conversado harto con mis compa\u00f1eros, nos re\u00edmos, hay espacio para todo y los profes son muy buena onda\u201d.<\/p>\n<p dir=\"ltr\" style=\"text-align: justify;\">Este ser\u00e1 el \u00faltimo a\u00f1o de la joven m\u00fasica en la OSJR, ya cursa cuarto medio con 17 a\u00f1os y el pr\u00f3ximo a\u00f1o espera estudiar Kinesiolog\u00eda \u201cLa m\u00fasica en mi vida es todo, mi familia ha estado siempre apoy\u00e1ndome, mi mam\u00e1 me traslada para todos lados es mi pilar, tambi\u00e9n lo ha sido mi profesora Vale que me incentiv\u00f3 ella ha sido esencial desde el inicio y, a mi actual profe Marcos de la OSJR que siempre me est\u00e1 motivando, la profe Yeca, Roxy, Paula todos son un 7\u201d.<\/p>\n<p dir=\"ltr\" style=\"text-align: justify;\">La reflexi\u00f3n final de Monserrat, pr\u00f3xima a cerrar un ciclo en la FOJI es que\u00a0\u201cLa m\u00fasica no es solo tocar partituras, a m\u00ed me ha ayudado a formarme como persona, estar en una orquesta no se trata solo de ti, sino tambi\u00e9n de escuchar a la persona que est\u00e1 al lado o atr\u00e1s, aprendes mucho del resto, se crean lazos, yo tengo personas muy importantes en mi vida gracias a la m\u00fasica y bueno, en la etapa que comience siempre me ir\u00e9 con mi chelo y seguir\u00e9 tocando a donde me vaya\u201d.<\/p>\n<p dir=\"ltr\" style=\"text-align: justify;\">Sobre FOJI<\/p>\n<p dir=\"ltr\" style=\"text-align: justify;\">La Fundaci\u00f3n Nacional de Orquestas Juveniles e Infantiles de Chile, FOJI, que\u00a0cuenta con financiamiento del Ministerio de las Culturas, las Artes y el Patrimonio,\u00a0se dedicada a promover el desarrollo social, cultural y educacional del pa\u00eds, brindando oportunidades para que los ni\u00f1os, ni\u00f1as y j\u00f3venes de todo Chile accedan a una mejor calidad de vida a trav\u00e9s de la pr\u00e1ctica musical de sus elencos; acercando la m\u00fasica de concierto a todas las personas, sin distinci\u00f3n.<\/p>\n<p dir=\"ltr\" style=\"text-align: justify;\">Desde su modelo formativo, FOJI busca contribuir al desarrollo integral de los becados\/as mediante el fomento de la pr\u00e1ctica musical de sus elencos y ense\u00f1anza dentro de un marco de respeto y compromiso social, entregando una experiencia formativa caracterizada por ser activa y colaborativa, con acceso social y territorial, que procura las condiciones \u00f3ptimas para el logro de los objetivos formativos.<\/p>\n<p dir=\"ltr\" style=\"text-align: justify;\">M\u00e1s informaci\u00f3n en<a href=\"http:\/\/www.foji.cl\/\" target=\"_blank\" rel=\"noopener\" data-saferedirecturl=\"https:\/\/www.google.com\/url?q=http:\/\/www.foji.cl\/&amp;source=gmail&amp;ust=1755391702787000&amp;usg=AOvVaw1BzkCwJVHe7CVAVSHutZjJ\">\u00a0<\/a><a href=\"http:\/\/www.foji.cl\/\" target=\"_blank\" rel=\"noopener\" data-saferedirecturl=\"https:\/\/www.google.com\/url?q=http:\/\/www.foji.cl&amp;source=gmail&amp;ust=1755391702787000&amp;usg=AOvVaw02XMb7k-dO_rX_miyz-W1c\">www.foji.cl<\/a><\/p>\n<\/div><\/section><\/div><div  style='height:50px' class='hr hr-invisible   avia-builder-el-6  el_after_av_one_full  el_before_av_social_share '><span class='hr-inner ' ><span class='hr-inner-style'><\/span><\/span><\/div><\/p>\n<div  class='av-social-sharing-box  avia-builder-el-7  el_after_av_hr  el_before_av_hr  '><div class='av-share-box'><h5 class='av-share-link-description av-no-toc '>Compartir esta noticia<\/h5><ul class='av-share-box-list noLightbox'><li class='av-share-link av-social-link-facebook' ><a target=\"_blank\" aria-label=\"Compartir en Facebook\" href='https:\/\/www.facebook.com\/sharer.php?u=https:\/\/radiorevelacionfm.cl\/?p=57867&#038;t=Integrante%20de%20la%20Orquesta%20Sinf%C3%B3nica%20Juvenil%20Regional%20Ays%C3%A9n%20cuenta%20su%20experiencia%3A%20%C2%ABEs%20disciplina%20y%20pasi%C3%B3n%C2%BB' aria-hidden='false' data-av_icon='\ue8f3' data-av_iconfont='entypo-fontello' title='' data-avia-related-tooltip='Compartir en Facebook' rel=\"noopener\"><span class='avia_hidden_link_text'>Compartir en Facebook<\/span><\/a><\/li><li class='av-share-link av-social-link-twitter' ><a target=\"_blank\" aria-label=\"Compartir en Twitter\" href='https:\/\/twitter.com\/share?text=Integrante%20de%20la%20Orquesta%20Sinf%C3%B3nica%20Juvenil%20Regional%20Ays%C3%A9n%20cuenta%20su%20experiencia%3A%20%C2%ABEs%20disciplina%20y%20pasi%C3%B3n%C2%BB&#038;url=https:\/\/radiorevelacionfm.cl\/?p=57867' aria-hidden='false' data-av_icon='\ue8f1' data-av_iconfont='entypo-fontello' title='' data-avia-related-tooltip='Compartir en Twitter' rel=\"noopener\"><span class='avia_hidden_link_text'>Compartir en Twitter<\/span><\/a><\/li><li class='av-share-link av-social-link-whatsapp' ><a target=\"_blank\" aria-label=\"Compartir en Whatsapp\" href='https:\/\/api.whatsapp.com\/send?text=https:\/\/radiorevelacionfm.cl\/?p=57867' aria-hidden='false' data-av_icon='\uf232' data-av_iconfont='entypo-fontello' title='' data-avia-related-tooltip='Compartir en Whatsapp' rel=\"noopener\"><span class='avia_hidden_link_text'>Compartir en Whatsapp<\/span><\/a><\/li><li class='av-share-link av-social-link-linkedin' ><a target=\"_blank\" aria-label=\"Compartir en LinkedIn\" href='https:\/\/linkedin.com\/shareArticle?mini=true&#038;title=Integrante%20de%20la%20Orquesta%20Sinf%C3%B3nica%20Juvenil%20Regional%20Ays%C3%A9n%20cuenta%20su%20experiencia%3A%20%C2%ABEs%20disciplina%20y%20pasi%C3%B3n%C2%BB&#038;url=https:\/\/radiorevelacionfm.cl\/?p=57867' aria-hidden='false' data-av_icon='\ue8fc' data-av_iconfont='entypo-fontello' title='' data-avia-related-tooltip='Compartir en LinkedIn' rel=\"noopener\"><span class='avia_hidden_link_text'>Compartir en LinkedIn<\/span><\/a><\/li><li class='av-share-link av-social-link-mail' ><a  aria-label=\"Compartir por correo\" href='mailto:?subject=Integrante%20de%20la%20Orquesta%20Sinf%C3%B3nica%20Juvenil%20Regional%20Ays%C3%A9n%20cuenta%20su%20experiencia%3A%20%C2%ABEs%20disciplina%20y%20pasi%C3%B3n%C2%BB&#038;body=https:\/\/radiorevelacionfm.cl\/?p=57867' aria-hidden='false' data-av_icon='\ue805' data-av_iconfont='entypo-fontello' title='' data-avia-related-tooltip='Compartir por correo'><span class='avia_hidden_link_text'>Compartir por correo<\/span><\/a><\/li><\/ul><\/div><\/div>\n<div  style='height:50px' class='hr hr-invisible   avia-builder-el-8  el_after_av_social_share  el_before_av_comments_list '><span class='hr-inner ' ><span class='hr-inner-style'><\/span><\/span><\/div>\n<div  class='av-buildercomment  av-blog-meta-html-info-disabled av-blog-meta-tag-disabled  '><\/div>\n","protected":false},"excerpt":{"rendered":"","protected":false},"author":1,"featured_media":57868,"comment_status":"closed","ping_status":"closed","sticky":false,"template":"","format":"standard","meta":{"footnotes":""},"categories":[43],"tags":[],"class_list":["post-57867","post","type-post","status-publish","format-standard","has-post-thumbnail","hentry","category-musica"],"jetpack_featured_media_url":"https:\/\/radiorevelacionfm.cl\/wp-content\/uploads\/2025\/08\/monse-3-1-1.jpeg","_links":{"self":[{"href":"https:\/\/radiorevelacionfm.cl\/index.php?rest_route=\/wp\/v2\/posts\/57867","targetHints":{"allow":["GET"]}}],"collection":[{"href":"https:\/\/radiorevelacionfm.cl\/index.php?rest_route=\/wp\/v2\/posts"}],"about":[{"href":"https:\/\/radiorevelacionfm.cl\/index.php?rest_route=\/wp\/v2\/types\/post"}],"author":[{"embeddable":true,"href":"https:\/\/radiorevelacionfm.cl\/index.php?rest_route=\/wp\/v2\/users\/1"}],"replies":[{"embeddable":true,"href":"https:\/\/radiorevelacionfm.cl\/index.php?rest_route=%2Fwp%2Fv2%2Fcomments&post=57867"}],"version-history":[{"count":2,"href":"https:\/\/radiorevelacionfm.cl\/index.php?rest_route=\/wp\/v2\/posts\/57867\/revisions"}],"predecessor-version":[{"id":57870,"href":"https:\/\/radiorevelacionfm.cl\/index.php?rest_route=\/wp\/v2\/posts\/57867\/revisions\/57870"}],"wp:featuredmedia":[{"embeddable":true,"href":"https:\/\/radiorevelacionfm.cl\/index.php?rest_route=\/wp\/v2\/media\/57868"}],"wp:attachment":[{"href":"https:\/\/radiorevelacionfm.cl\/index.php?rest_route=%2Fwp%2Fv2%2Fmedia&parent=57867"}],"wp:term":[{"taxonomy":"category","embeddable":true,"href":"https:\/\/radiorevelacionfm.cl\/index.php?rest_route=%2Fwp%2Fv2%2Fcategories&post=57867"},{"taxonomy":"post_tag","embeddable":true,"href":"https:\/\/radiorevelacionfm.cl\/index.php?rest_route=%2Fwp%2Fv2%2Ftags&post=57867"}],"curies":[{"name":"wp","href":"https:\/\/api.w.org\/{rel}","templated":true}]}}