{"id":57864,"date":"2025-08-16T13:00:49","date_gmt":"2025-08-16T16:00:49","guid":{"rendered":"https:\/\/radiorevelacionfm.cl\/?p=57864"},"modified":"2025-08-16T13:05:53","modified_gmt":"2025-08-16T16:05:53","slug":"edelaysen-expuso-en-la-delegacion-presidencial-su-plan-de-inversiones-2025-2030-para-fortalecer-el-servicio-electrico-en-aysen","status":"publish","type":"post","link":"https:\/\/radiorevelacionfm.cl\/?p=57864","title":{"rendered":"Edelaysen expuso en la Delegaci\u00f3n Presidencial su plan de inversiones 2025-2030 para fortalecer el servicio el\u00e9ctrico en Ays\u00e9n"},"content":{"rendered":"<div class=\"flex_column av_one_full  flex_column_div av-zero-column-padding first  avia-builder-el-0  el_before_av_one_full  avia-builder-el-first  \" style='border-radius:0px; '><div  class='avia-image-container  av-styling-    avia-builder-el-1  avia-builder-el-no-sibling  avia-align-center '  itemprop=\"image\" itemscope=\"itemscope\" itemtype=\"https:\/\/schema.org\/ImageObject\"  ><div class='avia-image-container-inner'><div class='avia-image-overlay-wrap'><img decoding=\"async\" class='wp-image-57874 avia-img-lazy-loading-not-57874 avia_image' src=\"https:\/\/radiorevelacionfm.cl\/wp-content\/uploads\/2025\/08\/14_optimized.08.2025-reunion-dpr-y-gz-2-1.jpeg\" alt='' title='14_optimized.08.2025-reuni\u00f3n-dpr-y-gz-(2)-(1)' height=\"600\" width=\"939\"  itemprop=\"thumbnailUrl\" srcset=\"https:\/\/radiorevelacionfm.cl\/wp-content\/uploads\/2025\/08\/14_optimized.08.2025-reunion-dpr-y-gz-2-1.jpeg 939w, https:\/\/radiorevelacionfm.cl\/wp-content\/uploads\/2025\/08\/14_optimized.08.2025-reunion-dpr-y-gz-2-1-300x192.jpeg 300w, https:\/\/radiorevelacionfm.cl\/wp-content\/uploads\/2025\/08\/14_optimized.08.2025-reunion-dpr-y-gz-2-1-768x491.jpeg 768w, https:\/\/radiorevelacionfm.cl\/wp-content\/uploads\/2025\/08\/14_optimized.08.2025-reunion-dpr-y-gz-2-1-705x450.jpeg 705w, https:\/\/radiorevelacionfm.cl\/wp-content\/uploads\/2025\/08\/14_optimized.08.2025-reunion-dpr-y-gz-2-1-450x288.jpeg 450w, https:\/\/radiorevelacionfm.cl\/wp-content\/uploads\/2025\/08\/14_optimized.08.2025-reunion-dpr-y-gz-2-1-600x383.jpeg 600w\" sizes=\"(max-width: 939px) 100vw, 939px\" \/><\/div><\/div><\/div><\/div><div class=\"flex_column av_one_full  flex_column_div av-zero-column-padding first  avia-builder-el-2  el_after_av_one_full  el_before_av_one_full  column-top-margin\" style='border-radius:0px; '><section class=\"av_textblock_section \"  itemscope=\"itemscope\" itemtype=\"https:\/\/schema.org\/BlogPosting\" itemprop=\"blogPost\" ><div class='avia_textblock  '   itemprop=\"text\" ><p style=\"text-align: center;\"><strong><span style=\"font-size: 18pt;\">Edelaysen expuso en la Delegaci\u00f3n Presidencial su plan de inversiones 2025-2030 para fortalecer el servicio el\u00e9ctrico en Ays\u00e9n<\/span><\/strong><\/p>\n<div id=\"gtx-trans\" style=\"position: absolute; left: -50px; top: 4.31534px;\">\n<div class=\"gtx-trans-icon\"><\/div>\n<\/div>\n<\/div><\/section><\/div><\/p>\n<div class=\"flex_column av_one_full  flex_column_div av-zero-column-padding first  avia-builder-el-4  el_after_av_one_full  el_before_av_hr  column-top-margin\" style='border-radius:0px; '><section class=\"av_textblock_section \"  itemscope=\"itemscope\" itemtype=\"https:\/\/schema.org\/BlogPosting\" itemprop=\"blogPost\" ><div class='avia_textblock  '   itemprop=\"text\" ><ul>\n<li style=\"text-align: justify;\"><em>El equipo de la empresa el\u00e9ctrica present\u00f3 las inversiones proyectadas para el periodo 2025 \u2013 2030, orientadas a modernizar la infraestructura el\u00e9ctrica y asegurar un suministro m\u00e1s seguro para la regi\u00f3n.<\/em><\/li>\n<\/ul>\n<p style=\"text-align: justify;\">En dependencias de la Delegaci\u00f3n Presidencial Regional, el gerente de Edelaysen Leonardo Mor\u00e1n present\u00f3 el plan de inversiones 2025 \u2013 2030, que contempla proyectos para reforzar y modernizar el sistema el\u00e9ctrico de la regi\u00f3n de Ays\u00e9n. La instancia permiti\u00f3 abordar las iniciativas destinadas a mejorar la calidad, seguridad y continuidad del servicio, as\u00ed como su impacto en las comunidades de la regi\u00f3n.<\/p>\n<p style=\"text-align: justify;\">Durante el encuentro se analiz\u00f3 tambi\u00e9n el avance del proyecto de ley que busca regular los sistemas medianos, normativa que reviste especial importancia para el desarrollo energ\u00e9tico de la regi\u00f3n y que podr\u00eda abrir nuevas oportunidades de inversi\u00f3n en generaci\u00f3n y almacenamiento.<\/p>\n<p style=\"text-align: justify;\">El delegado Presidencial Regional, Jorge D\u00edaz Guzm\u00e1n, indic\u00f3 que: \u201cEn la reuni\u00f3n conocimos los proyectos de expansi\u00f3n que tiene la empresa y c\u00f3mo han ido generando mejores condiciones para el suministro de energ\u00eda el\u00e9ctrica en la regi\u00f3n. Analizamos el proyecto de ley que va a regular sistemas medianos como el nuestro, c\u00f3mo eso va a favorecer nuevas inversiones, c\u00f3mo los costos de la energ\u00eda pueden ser m\u00e1s competitivos, favorecer a la ciudadan\u00eda y que esa energ\u00eda incluso pueda ser utilizada para el sistema de calefacci\u00f3n en las principales ciudades de Coyhaique y Puerto Ays\u00e9n\u201d.<\/p>\n<p style=\"text-align: justify;\">Sobre el mismo agreg\u00f3: \u201cConversamos tambi\u00e9n con el ministro de Hacienda respecto de este proyecto. Vamos a pelear la indicaci\u00f3n sobre la definici\u00f3n de sistemas medianos, para que localidades como Tortel, Las Guaitecas u otras localidades m\u00e1s peque\u00f1as puedan ser consideradas. Son cosas que se abren con la posibilidad de que esta ley sea aprobada tambi\u00e9n en el Senado, hay voluntad del Ejecutivo y del Gobierno para que esta ley salga en este proceso legislativo y tener una ley que regule los sistemas medianos el\u00e9ctricos y, con ello, mayores posibilidades de desarrollo energ\u00e9tico en regi\u00f3n de Ays\u00e9n\u201d.<\/p>\n<p style=\"text-align: justify;\">Por su parte, el gerente de Edelaysen, Leonardo Mor\u00e1n, se\u00f1al\u00f3: \u201cEstas inversiones son una muestra concreta del compromiso del Grupo Saesa con la regi\u00f3n. Queremos que Ays\u00e9n cuente con un sistema el\u00e9ctrico m\u00e1s robusto, estable y resiliente, que no solo responda a las necesidades actuales, sino que est\u00e9 preparado para el crecimiento futuro. Por eso estamos trabajando para integrar m\u00e1s energ\u00edas limpias, pero tambi\u00e9n para que esa nueva infraestructura pueda responder a una operaci\u00f3n segura y continua, incluso ante condiciones clim\u00e1ticas extremas, que cada vez son m\u00e1s recurrentes por efecto del cambio clim\u00e1tico\u201d.<\/p>\n<p style=\"text-align: justify;\">Con este plan, Edelaysen reafirma su compromiso con el desarrollo regional, proyectando un sistema el\u00e9ctrico m\u00e1s moderno, seguro, resiliente y sustentable, y fortaleciendo el trabajo conjunto con las autoridades para que Ays\u00e9n avance hacia una matriz energ\u00e9tica m\u00e1s diversificada y competitiva.<\/p>\n<\/div><\/section><\/div>\n<div  style='height:50px' class='hr hr-invisible   avia-builder-el-6  el_after_av_one_full  el_before_av_social_share '><span class='hr-inner ' ><span class='hr-inner-style'><\/span><\/span><\/div>\n<div  class='av-social-sharing-box  avia-builder-el-7  el_after_av_hr  el_before_av_hr  '><div class='av-share-box'><h5 class='av-share-link-description av-no-toc '>Compartir esta noticia<\/h5><ul class='av-share-box-list noLightbox'><li class='av-share-link av-social-link-facebook' ><a target=\"_blank\" aria-label=\"Compartir en Facebook\" href='https:\/\/www.facebook.com\/sharer.php?u=https:\/\/radiorevelacionfm.cl\/?p=57864&#038;t=Edelaysen%20expuso%20en%20la%20Delegaci%C3%B3n%20Presidencial%20su%20plan%20de%20inversiones%202025-2030%20para%20fortalecer%20el%20servicio%20el%C3%A9ctrico%20en%20Ays%C3%A9n' aria-hidden='false' data-av_icon='\ue8f3' data-av_iconfont='entypo-fontello' title='' data-avia-related-tooltip='Compartir en Facebook' rel=\"noopener\"><span class='avia_hidden_link_text'>Compartir en Facebook<\/span><\/a><\/li><li class='av-share-link av-social-link-twitter' ><a target=\"_blank\" aria-label=\"Compartir en Twitter\" href='https:\/\/twitter.com\/share?text=Edelaysen%20expuso%20en%20la%20Delegaci%C3%B3n%20Presidencial%20su%20plan%20de%20inversiones%202025-2030%20para%20fortalecer%20el%20servicio%20el%C3%A9ctrico%20en%20Ays%C3%A9n&#038;url=https:\/\/radiorevelacionfm.cl\/?p=57864' aria-hidden='false' data-av_icon='\ue8f1' data-av_iconfont='entypo-fontello' title='' data-avia-related-tooltip='Compartir en Twitter' rel=\"noopener\"><span class='avia_hidden_link_text'>Compartir en Twitter<\/span><\/a><\/li><li class='av-share-link av-social-link-whatsapp' ><a target=\"_blank\" aria-label=\"Compartir en Whatsapp\" href='https:\/\/api.whatsapp.com\/send?text=https:\/\/radiorevelacionfm.cl\/?p=57864' aria-hidden='false' data-av_icon='\uf232' data-av_iconfont='entypo-fontello' title='' data-avia-related-tooltip='Compartir en Whatsapp' rel=\"noopener\"><span class='avia_hidden_link_text'>Compartir en Whatsapp<\/span><\/a><\/li><li class='av-share-link av-social-link-linkedin' ><a target=\"_blank\" aria-label=\"Compartir en LinkedIn\" href='https:\/\/linkedin.com\/shareArticle?mini=true&#038;title=Edelaysen%20expuso%20en%20la%20Delegaci%C3%B3n%20Presidencial%20su%20plan%20de%20inversiones%202025-2030%20para%20fortalecer%20el%20servicio%20el%C3%A9ctrico%20en%20Ays%C3%A9n&#038;url=https:\/\/radiorevelacionfm.cl\/?p=57864' aria-hidden='false' data-av_icon='\ue8fc' data-av_iconfont='entypo-fontello' title='' data-avia-related-tooltip='Compartir en LinkedIn' rel=\"noopener\"><span class='avia_hidden_link_text'>Compartir en LinkedIn<\/span><\/a><\/li><li class='av-share-link av-social-link-mail' ><a  aria-label=\"Compartir por correo\" href='mailto:?subject=Edelaysen%20expuso%20en%20la%20Delegaci%C3%B3n%20Presidencial%20su%20plan%20de%20inversiones%202025-2030%20para%20fortalecer%20el%20servicio%20el%C3%A9ctrico%20en%20Ays%C3%A9n&#038;body=https:\/\/radiorevelacionfm.cl\/?p=57864' aria-hidden='false' data-av_icon='\ue805' data-av_iconfont='entypo-fontello' title='' data-avia-related-tooltip='Compartir por correo'><span class='avia_hidden_link_text'>Compartir por correo<\/span><\/a><\/li><\/ul><\/div><\/div>\n<div  style='height:50px' class='hr hr-invisible   avia-builder-el-8  el_after_av_social_share  el_before_av_comments_list '><span class='hr-inner ' ><span class='hr-inner-style'><\/span><\/span><\/div>\n<div  class='av-buildercomment  av-blog-meta-html-info-disabled av-blog-meta-tag-disabled  '><\/div>\n","protected":false},"excerpt":{"rendered":"","protected":false},"author":1,"featured_media":57874,"comment_status":"closed","ping_status":"closed","sticky":false,"template":"","format":"standard","meta":{"footnotes":""},"categories":[38],"tags":[],"class_list":["post-57864","post","type-post","status-publish","format-standard","has-post-thumbnail","hentry","category-regional"],"jetpack_featured_media_url":"https:\/\/radiorevelacionfm.cl\/wp-content\/uploads\/2025\/08\/14_optimized.08.2025-reunion-dpr-y-gz-2-1.jpeg","_links":{"self":[{"href":"https:\/\/radiorevelacionfm.cl\/index.php?rest_route=\/wp\/v2\/posts\/57864","targetHints":{"allow":["GET"]}}],"collection":[{"href":"https:\/\/radiorevelacionfm.cl\/index.php?rest_route=\/wp\/v2\/posts"}],"about":[{"href":"https:\/\/radiorevelacionfm.cl\/index.php?rest_route=\/wp\/v2\/types\/post"}],"author":[{"embeddable":true,"href":"https:\/\/radiorevelacionfm.cl\/index.php?rest_route=\/wp\/v2\/users\/1"}],"replies":[{"embeddable":true,"href":"https:\/\/radiorevelacionfm.cl\/index.php?rest_route=%2Fwp%2Fv2%2Fcomments&post=57864"}],"version-history":[{"count":3,"href":"https:\/\/radiorevelacionfm.cl\/index.php?rest_route=\/wp\/v2\/posts\/57864\/revisions"}],"predecessor-version":[{"id":57873,"href":"https:\/\/radiorevelacionfm.cl\/index.php?rest_route=\/wp\/v2\/posts\/57864\/revisions\/57873"}],"wp:featuredmedia":[{"embeddable":true,"href":"https:\/\/radiorevelacionfm.cl\/index.php?rest_route=\/wp\/v2\/media\/57874"}],"wp:attachment":[{"href":"https:\/\/radiorevelacionfm.cl\/index.php?rest_route=%2Fwp%2Fv2%2Fmedia&parent=57864"}],"wp:term":[{"taxonomy":"category","embeddable":true,"href":"https:\/\/radiorevelacionfm.cl\/index.php?rest_route=%2Fwp%2Fv2%2Fcategories&post=57864"},{"taxonomy":"post_tag","embeddable":true,"href":"https:\/\/radiorevelacionfm.cl\/index.php?rest_route=%2Fwp%2Fv2%2Ftags&post=57864"}],"curies":[{"name":"wp","href":"https:\/\/api.w.org\/{rel}","templated":true}]}}