{"id":57861,"date":"2025-08-16T12:38:20","date_gmt":"2025-08-16T15:38:20","guid":{"rendered":"https:\/\/radiorevelacionfm.cl\/?p=57861"},"modified":"2025-08-16T12:38:20","modified_gmt":"2025-08-16T15:38:20","slug":"mineduc-convoca-a-jornada-nacional-presentes-contra-la-violencia-en-todos-los-establecimientos-educacionales","status":"publish","type":"post","link":"https:\/\/radiorevelacionfm.cl\/?p=57861","title":{"rendered":"Mineduc convoca a Jornada Nacional \u201cPresentes contra la violencia\u201d en todos los establecimientos educacionales"},"content":{"rendered":"<div class=\"flex_column av_one_full  flex_column_div av-zero-column-padding first  avia-builder-el-0  el_before_av_one_full  avia-builder-el-first  \" style='border-radius:0px; '><div  class='avia-image-container  av-styling-    avia-builder-el-1  avia-builder-el-no-sibling  avia-align-center '  itemprop=\"image\" itemscope=\"itemscope\" itemtype=\"https:\/\/schema.org\/ImageObject\"  ><div class='avia-image-container-inner'><div class='avia-image-overlay-wrap'><img decoding=\"async\" class='wp-image-57862 avia-img-lazy-loading-not-57862 avia_image' src=\"https:\/\/radiorevelacionfm.cl\/wp-content\/uploads\/2025\/08\/jornada-nacional-presentes-contra-la-violencia-1_optimized-1.jpg\" alt='' title='jornada-nacional-presentes-contra-la-violencia-(1)_optimized (1)' height=\"600\" width=\"1000\"  itemprop=\"thumbnailUrl\" srcset=\"https:\/\/radiorevelacionfm.cl\/wp-content\/uploads\/2025\/08\/jornada-nacional-presentes-contra-la-violencia-1_optimized-1.jpg 1000w, https:\/\/radiorevelacionfm.cl\/wp-content\/uploads\/2025\/08\/jornada-nacional-presentes-contra-la-violencia-1_optimized-1-300x180.jpg 300w, https:\/\/radiorevelacionfm.cl\/wp-content\/uploads\/2025\/08\/jornada-nacional-presentes-contra-la-violencia-1_optimized-1-768x461.jpg 768w, https:\/\/radiorevelacionfm.cl\/wp-content\/uploads\/2025\/08\/jornada-nacional-presentes-contra-la-violencia-1_optimized-1-705x423.jpg 705w, https:\/\/radiorevelacionfm.cl\/wp-content\/uploads\/2025\/08\/jornada-nacional-presentes-contra-la-violencia-1_optimized-1-450x270.jpg 450w, https:\/\/radiorevelacionfm.cl\/wp-content\/uploads\/2025\/08\/jornada-nacional-presentes-contra-la-violencia-1_optimized-1-600x360.jpg 600w\" sizes=\"(max-width: 1000px) 100vw, 1000px\" \/><\/div><\/div><\/div><\/div><div class=\"flex_column av_one_full  flex_column_div av-zero-column-padding first  avia-builder-el-2  el_after_av_one_full  el_before_av_one_full  column-top-margin\" style='border-radius:0px; '><section class=\"av_textblock_section \"  itemscope=\"itemscope\" itemtype=\"https:\/\/schema.org\/BlogPosting\" itemprop=\"blogPost\" ><div class='avia_textblock  '   itemprop=\"text\" ><p style=\"text-align: center;\"><strong><span style=\"font-size: 18pt;\">Mineduc convoca a Jornada Nacional \u201cPresentes contra la violencia\u201d en todos los establecimientos educacionales<\/span><\/strong><\/p>\n<div id=\"gtx-trans\" style=\"position: absolute; left: -50px; top: 4.31534px;\">\n<div class=\"gtx-trans-icon\"><\/div>\n<\/div>\n<\/div><\/section><\/div><div class=\"flex_column av_one_full  flex_column_div av-zero-column-padding first  avia-builder-el-4  el_after_av_one_full  el_before_av_hr  column-top-margin\" style='border-radius:0px; '><section class=\"av_textblock_section \"  itemscope=\"itemscope\" itemtype=\"https:\/\/schema.org\/BlogPosting\" itemprop=\"blogPost\" ><div class='avia_textblock  '   itemprop=\"text\" ><p style=\"font-weight: 400; text-align: justify;\"><em>Esta se realizar\u00e1 el jueves 21 de agosto en jardines infantiles, escuelas y liceos de todo el pa\u00eds.<\/em><\/p>\n<p style=\"font-weight: 400; text-align: justify;\">Atendiendo a lamentables episodios ocurridos durante el a\u00f1o en algunos establecimientos educacionales y sus entornos, el Ministerio de Educaci\u00f3n convoca a la\u00a0Jornada Nacional \u201cPresentes contra la violencia\u201d, que\u00a0se realizar\u00e1 el jueves 21 de agosto en jardines infantiles, escuelas y liceos de todo el pa\u00eds.<\/p>\n<p style=\"font-weight: 400; text-align: justify;\">La jornada originalmente estuvo programada para el 30 de julio, pero debido a la alerta de tsunami muchos establecimientos debieron suspenderla. Por ello, el Mineduc convoca nuevamente a esta instancia, en la que se espera que las comunidades educativas reflexionen y se comprometan con la construcci\u00f3n de espacios educativos de cuidado y bienestar.<\/p>\n<p style=\"font-weight: 400; text-align: justify;\">La convocatoria\u00a0es voluntaria para todos los establecimientos, sin distinci\u00f3n de dependencia (municipales, SLEP, particulares subvencionados, particulares pagados),\u00a0y\u00a0contar\u00e1 con actividades diferenciadas, seg\u00fan la edad de las y los estudiantes, desde p\u00e1rvulos de jardines infantiles (nivel medio mayor) hasta estudiantes de 4\u00b0 medio.<\/p>\n<p style=\"font-weight: 400; text-align: justify;\">Para ello el Mineduc habilit\u00f3 el sitio\u00a0<a href=\"https:\/\/presentescontralaviolencia.mineduc.cl\/\" data-saferedirecturl=\"https:\/\/www.google.com\/url?q=https:\/\/presentescontralaviolencia.mineduc.cl\/&amp;source=gmail&amp;ust=1755391706833000&amp;usg=AOvVaw2OgKegF_5W08661jeqRhdA\"><strong>presentescontralaviolencia.mineduc.cl<\/strong><\/a>, que contiene propuestas metodol\u00f3gicas para que las comunidades educativas realicen su jornada de acuerdo a sus necesidades y matr\u00edcula. El material est\u00e1 pensado para cuatro grupos educativos: nivel medio mayor; prek\u00ednder a 2\u00b0 b\u00e1sico; 3\u00b0 b\u00e1sico a 6\u00b0 b\u00e1sico; y 7\u00b0 b\u00e1sico a 4\u00b0 medio.<\/p>\n<p style=\"font-weight: 400; text-align: justify;\">El sitio tambi\u00e9n dispone de material para trabajar con madres, padres y apoderados, y una encuesta para que las y los directores de establecimientos eval\u00faen el alcance, desarrollo e impacto de la jornada.<\/p>\n<p style=\"font-weight: 400; text-align: justify;\">El\u00a0ministro de Educaci\u00f3n, Nicol\u00e1s Cataldo, explic\u00f3 que \u201cnuestro pa\u00eds atraviesa por un momento complejo, que tiene que ver con el deterioro de la convivencia. Necesitamos de forma urgente conversar sobre nuestras diferencias, y por eso es que convocamos a todas las comunidades educativas a reflexionar sobre el impacto de la violencia en nuestras vidas, y a buscar mecanismos que nos permitan contar con espacios educativos que promuevan el bienestar\u201d.<\/p>\n<p style=\"font-weight: 400; text-align: justify;\">\u00a0En esa misma l\u00ednea la Seremi de Educaci\u00f3n de Ays\u00e9n Katherine Miqueles manifest\u00f3 que \u201cEl desaf\u00edo de construir una sociedad respetuosa, inclusiva y que aborde de modo pac\u00edfico los conflictos nos convoca a todos y todas, a la sociedad en su conjunto; por eso, debemos abordarlo de forma integral y articulada. Como Ministerio de Educaci\u00f3n, estamos impulsando acciones que buscan fortalecer el buen trato y una convivencia participativa y colaborativa, trazando una hoja de ruta y un conjunto de acciones orientadas a construir relaciones basadas en el cuidado y el bienestar para todas y todos los integrantes de las comunidades educativas\u201d.<\/p>\n<p style=\"font-weight: 400; text-align: justify;\">En el marco de la jornada nacional \u201cPresentes contra la Violencia\u201d, Mineduc invita a las y los directivos de establecimientos educacionales a responder, de manera voluntaria, una breve encuesta en l\u00ednea que se encuentra disponible en la web\u00a0<a href=\"https:\/\/presentescontralaviolencia.mineduc.cl\/\" data-saferedirecturl=\"https:\/\/www.google.com\/url?q=https:\/\/presentescontralaviolencia.mineduc.cl\/&amp;source=gmail&amp;ust=1755391706833000&amp;usg=AOvVaw2OgKegF_5W08661jeqRhdA\">https:\/\/presentescontralaviolencia.mineduc.cl\/<\/a>. La participaci\u00f3n es fundamental para conocer c\u00f3mo se vivi\u00f3 esta jornada en los distintos establecimientos del pa\u00eds. Para aquellas comunidades educativas que ya desarrollaron esta iniciativa, la encuesta ya se encuentra disponible.<\/p>\n<p style=\"font-weight: 400; text-align: justify;\">La informaci\u00f3n que se levantar\u00e1 tiene por objetivo contribuir a la mejora continua de las pol\u00edticas educativas orientadas a fortalecer la convivencia y prevenir la violencia escolar.<\/p>\n<p style=\"font-weight: 400; text-align: justify;\"><strong>Acciones por la convivencia educativa<\/strong><\/p>\n<p style=\"font-weight: 400; text-align: justify;\">La Jornada Nacional \u201cPresentes contra la violencia\u201d se suma a distintas acciones que el Mineduc ha impulsado en esta materia. Una de ellas es el\u00a0proyecto de ley de convivencia, buen trato y bienestar de las comunidades educativas, que est\u00e1 en tramitaci\u00f3n en el Congreso y que propone un nuevo est\u00e1ndar para la gesti\u00f3n interna de la convivencia, recogiendo propuestas de otras mociones presentadas a prop\u00f3sito de los tr\u00e1gicos casos de los estudiantes Katy Winter y Jos\u00e9 Mat\u00edas, y de la profesora de Antofagasta, Katherine Yoma.<\/p>\n<p style=\"font-weight: 400; text-align: justify;\">Otra iniciativa es el\u00a0Programa Comunidades Educativas Protegidas, que se enfoca en la prevenci\u00f3n y abordaje de la violencia en contextos educativos de 66 comunas priorizadas, trabajando para fortalecer la convivencia escolar y promover el bienestar socioemocional.<\/p>\n<p style=\"font-weight: 400; text-align: justify;\">Tambi\u00e9n se est\u00e1n implementando los\u00a0Patrullajes Preventivos Inteligentes\u00a0en entornos educativos, en 44 comunas priorizadas del pa\u00eds, una innovadora soluci\u00f3n tecnol\u00f3gica que utiliza inteligencia artificial para optimizar la seguridad alrededor de establecimientos educacionales, usando una plataforma de gesti\u00f3n operativa desarrollada por la Subsecretar\u00eda de Prevenci\u00f3n del Delito.<\/p>\n<p style=\"font-weight: 400; text-align: justify;\">Adem\u00e1s, el Mineduc est\u00e1 aplicando el\u00a0Programa A Convivir se Aprende, que fortalece los equipos de gesti\u00f3n y de convivencia escolar de los establecimientos subvencionados para prevenir situaciones de violencia, que el a\u00f1o pasado trabaj\u00f3 en 149 comunas, apoyando a m\u00e1s de 1.760 comunidades educativas; y el\u00a0Programa Habilidades para la Vida, que busca promover el autocuidado, el bienestar y la convivencia dentro de las comunidades educativas, beneficiando el a\u00f1o pasado a 747.495 estudiantes desde prek\u00ednder a IV medio. Y en mayo de 2024 se actualiz\u00f3 la\u00a0Pol\u00edtica Nacional de Convivencia Educativa, instrumento que establece un nuevo marco de acci\u00f3n respecto al aprendizaje socioemocional.<\/p>\n<\/div><\/section><\/div><div  style='height:50px' class='hr hr-invisible   avia-builder-el-6  el_after_av_one_full  el_before_av_social_share '><span class='hr-inner ' ><span class='hr-inner-style'><\/span><\/span><\/div><\/p>\n<div  class='av-social-sharing-box  avia-builder-el-7  el_after_av_hr  el_before_av_hr  '><div class='av-share-box'><h5 class='av-share-link-description av-no-toc '>Compartir esta noticia<\/h5><ul class='av-share-box-list noLightbox'><li class='av-share-link av-social-link-facebook' ><a target=\"_blank\" aria-label=\"Compartir en Facebook\" href='https:\/\/www.facebook.com\/sharer.php?u=https:\/\/radiorevelacionfm.cl\/?p=57861&#038;t=Mineduc%20convoca%20a%20Jornada%20Nacional%20%E2%80%9CPresentes%20contra%20la%20violencia%E2%80%9D%20en%20todos%20los%20establecimientos%20educacionales' aria-hidden='false' data-av_icon='\ue8f3' data-av_iconfont='entypo-fontello' title='' data-avia-related-tooltip='Compartir en Facebook' rel=\"noopener\"><span class='avia_hidden_link_text'>Compartir en Facebook<\/span><\/a><\/li><li class='av-share-link av-social-link-twitter' ><a target=\"_blank\" aria-label=\"Compartir en Twitter\" href='https:\/\/twitter.com\/share?text=Mineduc%20convoca%20a%20Jornada%20Nacional%20%E2%80%9CPresentes%20contra%20la%20violencia%E2%80%9D%20en%20todos%20los%20establecimientos%20educacionales&#038;url=https:\/\/radiorevelacionfm.cl\/?p=57861' aria-hidden='false' data-av_icon='\ue8f1' data-av_iconfont='entypo-fontello' title='' data-avia-related-tooltip='Compartir en Twitter' rel=\"noopener\"><span class='avia_hidden_link_text'>Compartir en Twitter<\/span><\/a><\/li><li class='av-share-link av-social-link-whatsapp' ><a target=\"_blank\" aria-label=\"Compartir en Whatsapp\" href='https:\/\/api.whatsapp.com\/send?text=https:\/\/radiorevelacionfm.cl\/?p=57861' aria-hidden='false' data-av_icon='\uf232' data-av_iconfont='entypo-fontello' title='' data-avia-related-tooltip='Compartir en Whatsapp' rel=\"noopener\"><span class='avia_hidden_link_text'>Compartir en Whatsapp<\/span><\/a><\/li><li class='av-share-link av-social-link-linkedin' ><a target=\"_blank\" aria-label=\"Compartir en LinkedIn\" href='https:\/\/linkedin.com\/shareArticle?mini=true&#038;title=Mineduc%20convoca%20a%20Jornada%20Nacional%20%E2%80%9CPresentes%20contra%20la%20violencia%E2%80%9D%20en%20todos%20los%20establecimientos%20educacionales&#038;url=https:\/\/radiorevelacionfm.cl\/?p=57861' aria-hidden='false' data-av_icon='\ue8fc' data-av_iconfont='entypo-fontello' title='' data-avia-related-tooltip='Compartir en LinkedIn' rel=\"noopener\"><span class='avia_hidden_link_text'>Compartir en LinkedIn<\/span><\/a><\/li><li class='av-share-link av-social-link-mail' ><a  aria-label=\"Compartir por correo\" href='mailto:?subject=Mineduc%20convoca%20a%20Jornada%20Nacional%20%E2%80%9CPresentes%20contra%20la%20violencia%E2%80%9D%20en%20todos%20los%20establecimientos%20educacionales&#038;body=https:\/\/radiorevelacionfm.cl\/?p=57861' aria-hidden='false' data-av_icon='\ue805' data-av_iconfont='entypo-fontello' title='' data-avia-related-tooltip='Compartir por correo'><span class='avia_hidden_link_text'>Compartir por correo<\/span><\/a><\/li><\/ul><\/div><\/div>\n<div  style='height:50px' class='hr hr-invisible   avia-builder-el-8  el_after_av_social_share  el_before_av_comments_list '><span class='hr-inner ' ><span class='hr-inner-style'><\/span><\/span><\/div>\n<div  class='av-buildercomment  av-blog-meta-html-info-disabled av-blog-meta-tag-disabled  '><\/div>\n","protected":false},"excerpt":{"rendered":"","protected":false},"author":1,"featured_media":57862,"comment_status":"closed","ping_status":"closed","sticky":false,"template":"","format":"standard","meta":{"footnotes":""},"categories":[49],"tags":[],"class_list":["post-57861","post","type-post","status-publish","format-standard","has-post-thumbnail","hentry","category-educacion"],"jetpack_featured_media_url":"https:\/\/radiorevelacionfm.cl\/wp-content\/uploads\/2025\/08\/jornada-nacional-presentes-contra-la-violencia-1_optimized-1.jpg","_links":{"self":[{"href":"https:\/\/radiorevelacionfm.cl\/index.php?rest_route=\/wp\/v2\/posts\/57861","targetHints":{"allow":["GET"]}}],"collection":[{"href":"https:\/\/radiorevelacionfm.cl\/index.php?rest_route=\/wp\/v2\/posts"}],"about":[{"href":"https:\/\/radiorevelacionfm.cl\/index.php?rest_route=\/wp\/v2\/types\/post"}],"author":[{"embeddable":true,"href":"https:\/\/radiorevelacionfm.cl\/index.php?rest_route=\/wp\/v2\/users\/1"}],"replies":[{"embeddable":true,"href":"https:\/\/radiorevelacionfm.cl\/index.php?rest_route=%2Fwp%2Fv2%2Fcomments&post=57861"}],"version-history":[{"count":2,"href":"https:\/\/radiorevelacionfm.cl\/index.php?rest_route=\/wp\/v2\/posts\/57861\/revisions"}],"predecessor-version":[{"id":57871,"href":"https:\/\/radiorevelacionfm.cl\/index.php?rest_route=\/wp\/v2\/posts\/57861\/revisions\/57871"}],"wp:featuredmedia":[{"embeddable":true,"href":"https:\/\/radiorevelacionfm.cl\/index.php?rest_route=\/wp\/v2\/media\/57862"}],"wp:attachment":[{"href":"https:\/\/radiorevelacionfm.cl\/index.php?rest_route=%2Fwp%2Fv2%2Fmedia&parent=57861"}],"wp:term":[{"taxonomy":"category","embeddable":true,"href":"https:\/\/radiorevelacionfm.cl\/index.php?rest_route=%2Fwp%2Fv2%2Fcategories&post=57861"},{"taxonomy":"post_tag","embeddable":true,"href":"https:\/\/radiorevelacionfm.cl\/index.php?rest_route=%2Fwp%2Fv2%2Ftags&post=57861"}],"curies":[{"name":"wp","href":"https:\/\/api.w.org\/{rel}","templated":true}]}}