{"id":57853,"date":"2025-08-14T21:18:13","date_gmt":"2025-08-15T00:18:13","guid":{"rendered":"https:\/\/radiorevelacionfm.cl\/?p=57853"},"modified":"2025-08-15T21:18:36","modified_gmt":"2025-08-16T00:18:36","slug":"diputada-raphael-se-reune-con-asociacion-de-lineas-areas-para-avanzar-en-formula-que-permita-reducir-costos-de-pasajes","status":"publish","type":"post","link":"https:\/\/radiorevelacionfm.cl\/?p=57853","title":{"rendered":"Diputada Raphael se re\u00fane con Asociaci\u00f3n de L\u00edneas \u00c1reas para avanzar en f\u00f3rmula que permita reducir costos de pasajes"},"content":{"rendered":"<div class=\"flex_column av_one_full  flex_column_div av-zero-column-padding first  avia-builder-el-0  el_before_av_one_full  avia-builder-el-first  \" style='border-radius:0px; '><div  class='avia-image-container  av-styling-    avia-builder-el-1  avia-builder-el-no-sibling  avia-align-center '  itemprop=\"image\" itemscope=\"itemscope\" itemtype=\"https:\/\/schema.org\/ImageObject\"  ><div class='avia-image-container-inner'><div class='avia-image-overlay-wrap'><img decoding=\"async\" class='wp-image-57854 avia-img-lazy-loading-not-57854 avia_image' src=\"https:\/\/radiorevelacionfm.cl\/wp-content\/uploads\/2025\/08\/Reunion-con-Gte-Asoc.-Aerolineas-1-1.jpeg\" alt='' title='Reuni\u00f3n con Gte Asoc. \u00c1erolineas (1) (1)' height=\"620\" width=\"803\"  itemprop=\"thumbnailUrl\" srcset=\"https:\/\/radiorevelacionfm.cl\/wp-content\/uploads\/2025\/08\/Reunion-con-Gte-Asoc.-Aerolineas-1-1.jpeg 803w, https:\/\/radiorevelacionfm.cl\/wp-content\/uploads\/2025\/08\/Reunion-con-Gte-Asoc.-Aerolineas-1-1-300x232.jpeg 300w, https:\/\/radiorevelacionfm.cl\/wp-content\/uploads\/2025\/08\/Reunion-con-Gte-Asoc.-Aerolineas-1-1-768x593.jpeg 768w, https:\/\/radiorevelacionfm.cl\/wp-content\/uploads\/2025\/08\/Reunion-con-Gte-Asoc.-Aerolineas-1-1-705x544.jpeg 705w, https:\/\/radiorevelacionfm.cl\/wp-content\/uploads\/2025\/08\/Reunion-con-Gte-Asoc.-Aerolineas-1-1-450x347.jpeg 450w, https:\/\/radiorevelacionfm.cl\/wp-content\/uploads\/2025\/08\/Reunion-con-Gte-Asoc.-Aerolineas-1-1-600x463.jpeg 600w\" sizes=\"(max-width: 803px) 100vw, 803px\" \/><\/div><\/div><\/div><\/div><div class=\"flex_column av_one_full  flex_column_div av-zero-column-padding first  avia-builder-el-2  el_after_av_one_full  el_before_av_one_full  column-top-margin\" style='border-radius:0px; '><section class=\"av_textblock_section \"  itemscope=\"itemscope\" itemtype=\"https:\/\/schema.org\/BlogPosting\" itemprop=\"blogPost\" ><div class='avia_textblock  '   itemprop=\"text\" ><p style=\"text-align: center;\"><span style=\"font-size: 18pt;\"><b>Diputada Raphael se re\u00fane con Asociaci\u00f3n de L\u00edneas \u00c1reas para avanzar en f\u00f3rmula que permita reducir costos de pasajes<\/b><\/span><\/p>\n<div id=\"gtx-trans\" style=\"position: absolute; left: -50px; top: 4.31534px;\">\n<div class=\"gtx-trans-icon\"><\/div>\n<\/div>\n<\/div><\/section><\/div><div class=\"flex_column av_one_full  flex_column_div av-zero-column-padding first  avia-builder-el-4  el_after_av_one_full  el_before_av_hr  column-top-margin\" style='border-radius:0px; '><section class=\"av_textblock_section \"  itemscope=\"itemscope\" itemtype=\"https:\/\/schema.org\/BlogPosting\" itemprop=\"blogPost\" ><div class='avia_textblock  '   itemprop=\"text\" ><p style=\"font-weight: 400; text-align: justify;\"><em>La diputada por la Regi\u00f3n de Ays\u00e9n, Marcia Raphael anunci\u00f3 que sostendr\u00e1 otras reuniones con entidades p\u00fablicas de nivel central a fin de acordar un mecanismo que sea sostenible durante todo el a\u00f1o y haga justicia con nuestra realidad territorial.<\/em><\/p>\n<p style=\"font-weight: 400; text-align: justify;\">Con el objetivo de canalizar una soluci\u00f3n que permita reducir el alza de los costos en pasajes a\u00e9reos para los Ayseninos, la diputada, Marcia Raphael Mora se reuni\u00f3 con el gerente de la Asociaci\u00f3n de Aerol\u00edneas de Chile, Felipe Simohnson, para abordar el complejo escenario que enfrenta toda persona que desee salir de la regi\u00f3n, logrando acordar una agenda que permita sumar a otras entidades incluso del sector p\u00fablico para alcanzar un acuerdo en esta materia.<\/p>\n<p style=\"font-weight: 400; text-align: justify;\">Tras la reuni\u00f3n, la diputada, Marcia Raphael, manifest\u00f3 que \u201cel alza sostenida de los pasajes a\u00e9reos en nuestra regi\u00f3n es una situaci\u00f3n compleja y que nos tiene bastante preocupados y ocupados en b\u00fasqueda de soluciones que permitan reducir las tarifas en virtud de nuestra situaci\u00f3n territorial y econ\u00f3mica que es aislada y extrema. Es m\u00e1s, haciendo cualquier persona el ejercicio de revisar los valores entre las aerol\u00edneas que se encuentran realizando el tramo hacia nuestra regi\u00f3n, nos encontramos con que a la fecha es m\u00e1s barato viajar a Brasil que a Puerto Montt, por ejemplo. Sobre esto, hemos recibido con preocupaci\u00f3n mensajes de familias de distintas comunas que se han visto afectadas, y esto no puede continuar los pr\u00f3ximos meses\u201d.<\/p>\n<p style=\"font-weight: 400; text-align: justify;\">\u201cPor eso he sostenido esta reuni\u00f3n con Felipe Simohnson que es el Gerente de la Asociaci\u00f3n de L\u00edneas A\u00e9reas, y le hemos planteado que el actual escenario que tenemos est\u00e1 afectando los bolsillos de los Ayseninos, haciendo que trasladarnos hacia otras regiones sea un lujo, sobre todo en situaciones como viajes por motivos m\u00e9dicos, retorno de estudiantes, traslados por motivos de fuerza mayor u otra \u00edndole. Por ello, quiero agradecer su buena acogida a esta preocupaci\u00f3n y apertura a establecer una l\u00ednea de trabajo a fin de poder canalizar en conjunto acciones que nos permitan enfrentar el alto costo actual y prever que no siga ocurriendo\u201d, detall\u00f3 la diputada de Renovaci\u00f3n Nacional.<\/p>\n<p style=\"font-weight: 400; text-align: justify;\">Finalmente, enfatiz\u00f3 la diputada Marcia Raphael que \u201cvamos a seguir gestionando reuniones con otras entidades a nivel central a fin de poder generar una f\u00f3rmula entre los actores p\u00fablicos y privados, debemos sumar tambi\u00e9n al Gobierno Regional, para que logremos esta reducci\u00f3n del valor de los pasajes y hacer justicia con nuestra realidad territorial respecto del resto del pa\u00eds. En paralelo, es importante que logremos establecer con sentido de unidad que nuestra Regi\u00f3n debe contar en el m\u00e1s corto plazo con las condiciones t\u00e9cnicas que permitan aterrizajes con baja visibilidad y aumentar la frecuencia de vuelos y extensi\u00f3n horaria del aeropuerto de Balmaceda. Adem\u00e1s, que el Estado tenga la capacidad de conectar a Chile por Chile para que tengamos otra alternativa de conectividad como lo es la terrestre\u201d.<\/p>\n<\/div><\/section><\/div><div  style='height:50px' class='hr hr-invisible   avia-builder-el-6  el_after_av_one_full  el_before_av_social_share '><span class='hr-inner ' ><span class='hr-inner-style'><\/span><\/span><\/div><\/p>\n<div  class='av-social-sharing-box  avia-builder-el-7  el_after_av_hr  el_before_av_hr  '><div class='av-share-box'><h5 class='av-share-link-description av-no-toc '>Compartir esta noticia<\/h5><ul class='av-share-box-list noLightbox'><li class='av-share-link av-social-link-facebook' ><a target=\"_blank\" aria-label=\"Compartir en Facebook\" href='https:\/\/www.facebook.com\/sharer.php?u=https:\/\/radiorevelacionfm.cl\/?p=57853&#038;t=Diputada%20Raphael%20se%20re%C3%BAne%20con%20Asociaci%C3%B3n%20de%20L%C3%ADneas%20%C3%81reas%20para%20avanzar%20en%20f%C3%B3rmula%20que%20permita%20reducir%20costos%20de%20pasajes' aria-hidden='false' data-av_icon='\ue8f3' data-av_iconfont='entypo-fontello' title='' data-avia-related-tooltip='Compartir en Facebook' rel=\"noopener\"><span class='avia_hidden_link_text'>Compartir en Facebook<\/span><\/a><\/li><li class='av-share-link av-social-link-twitter' ><a target=\"_blank\" aria-label=\"Compartir en Twitter\" href='https:\/\/twitter.com\/share?text=Diputada%20Raphael%20se%20re%C3%BAne%20con%20Asociaci%C3%B3n%20de%20L%C3%ADneas%20%C3%81reas%20para%20avanzar%20en%20f%C3%B3rmula%20que%20permita%20reducir%20costos%20de%20pasajes&#038;url=https:\/\/radiorevelacionfm.cl\/?p=57853' aria-hidden='false' data-av_icon='\ue8f1' data-av_iconfont='entypo-fontello' title='' data-avia-related-tooltip='Compartir en Twitter' rel=\"noopener\"><span class='avia_hidden_link_text'>Compartir en Twitter<\/span><\/a><\/li><li class='av-share-link av-social-link-whatsapp' ><a target=\"_blank\" aria-label=\"Compartir en Whatsapp\" href='https:\/\/api.whatsapp.com\/send?text=https:\/\/radiorevelacionfm.cl\/?p=57853' aria-hidden='false' data-av_icon='\uf232' data-av_iconfont='entypo-fontello' title='' data-avia-related-tooltip='Compartir en Whatsapp' rel=\"noopener\"><span class='avia_hidden_link_text'>Compartir en Whatsapp<\/span><\/a><\/li><li class='av-share-link av-social-link-linkedin' ><a target=\"_blank\" aria-label=\"Compartir en LinkedIn\" href='https:\/\/linkedin.com\/shareArticle?mini=true&#038;title=Diputada%20Raphael%20se%20re%C3%BAne%20con%20Asociaci%C3%B3n%20de%20L%C3%ADneas%20%C3%81reas%20para%20avanzar%20en%20f%C3%B3rmula%20que%20permita%20reducir%20costos%20de%20pasajes&#038;url=https:\/\/radiorevelacionfm.cl\/?p=57853' aria-hidden='false' data-av_icon='\ue8fc' data-av_iconfont='entypo-fontello' title='' data-avia-related-tooltip='Compartir en LinkedIn' rel=\"noopener\"><span class='avia_hidden_link_text'>Compartir en LinkedIn<\/span><\/a><\/li><li class='av-share-link av-social-link-mail' ><a  aria-label=\"Compartir por correo\" href='mailto:?subject=Diputada%20Raphael%20se%20re%C3%BAne%20con%20Asociaci%C3%B3n%20de%20L%C3%ADneas%20%C3%81reas%20para%20avanzar%20en%20f%C3%B3rmula%20que%20permita%20reducir%20costos%20de%20pasajes&#038;body=https:\/\/radiorevelacionfm.cl\/?p=57853' aria-hidden='false' data-av_icon='\ue805' data-av_iconfont='entypo-fontello' title='' data-avia-related-tooltip='Compartir por correo'><span class='avia_hidden_link_text'>Compartir por correo<\/span><\/a><\/li><\/ul><\/div><\/div>\n<div  style='height:50px' class='hr hr-invisible   avia-builder-el-8  el_after_av_social_share  el_before_av_comments_list '><span class='hr-inner ' ><span class='hr-inner-style'><\/span><\/span><\/div>\n<div  class='av-buildercomment  av-blog-meta-html-info-disabled av-blog-meta-tag-disabled  '><\/div>\n","protected":false},"excerpt":{"rendered":"","protected":false},"author":1,"featured_media":57854,"comment_status":"closed","ping_status":"closed","sticky":false,"template":"","format":"standard","meta":{"footnotes":""},"categories":[35],"tags":[],"class_list":["post-57853","post","type-post","status-publish","format-standard","has-post-thumbnail","hentry","category-politica"],"jetpack_featured_media_url":"https:\/\/radiorevelacionfm.cl\/wp-content\/uploads\/2025\/08\/Reunion-con-Gte-Asoc.-Aerolineas-1-1.jpeg","_links":{"self":[{"href":"https:\/\/radiorevelacionfm.cl\/index.php?rest_route=\/wp\/v2\/posts\/57853","targetHints":{"allow":["GET"]}}],"collection":[{"href":"https:\/\/radiorevelacionfm.cl\/index.php?rest_route=\/wp\/v2\/posts"}],"about":[{"href":"https:\/\/radiorevelacionfm.cl\/index.php?rest_route=\/wp\/v2\/types\/post"}],"author":[{"embeddable":true,"href":"https:\/\/radiorevelacionfm.cl\/index.php?rest_route=\/wp\/v2\/users\/1"}],"replies":[{"embeddable":true,"href":"https:\/\/radiorevelacionfm.cl\/index.php?rest_route=%2Fwp%2Fv2%2Fcomments&post=57853"}],"version-history":[{"count":2,"href":"https:\/\/radiorevelacionfm.cl\/index.php?rest_route=\/wp\/v2\/posts\/57853\/revisions"}],"predecessor-version":[{"id":57856,"href":"https:\/\/radiorevelacionfm.cl\/index.php?rest_route=\/wp\/v2\/posts\/57853\/revisions\/57856"}],"wp:featuredmedia":[{"embeddable":true,"href":"https:\/\/radiorevelacionfm.cl\/index.php?rest_route=\/wp\/v2\/media\/57854"}],"wp:attachment":[{"href":"https:\/\/radiorevelacionfm.cl\/index.php?rest_route=%2Fwp%2Fv2%2Fmedia&parent=57853"}],"wp:term":[{"taxonomy":"category","embeddable":true,"href":"https:\/\/radiorevelacionfm.cl\/index.php?rest_route=%2Fwp%2Fv2%2Fcategories&post=57853"},{"taxonomy":"post_tag","embeddable":true,"href":"https:\/\/radiorevelacionfm.cl\/index.php?rest_route=%2Fwp%2Fv2%2Ftags&post=57853"}],"curies":[{"name":"wp","href":"https:\/\/api.w.org\/{rel}","templated":true}]}}