{"id":57849,"date":"2025-08-15T21:09:04","date_gmt":"2025-08-16T00:09:04","guid":{"rendered":"https:\/\/radiorevelacionfm.cl\/?p=57849"},"modified":"2025-08-15T21:09:04","modified_gmt":"2025-08-16T00:09:04","slug":"senador-sandoval-los-caminos-son-la-llave-fundamental-para-dar-un-salto-significativo-en-el-desarrollo-de-nuestra-region","status":"publish","type":"post","link":"https:\/\/radiorevelacionfm.cl\/?p=57849","title":{"rendered":"Senador Sandoval: \u201cLos caminos son la llave fundamental para dar un salto significativo en el desarrollo de nuestra regi\u00f3n\u201d"},"content":{"rendered":"<div class=\"flex_column av_one_full  flex_column_div av-zero-column-padding first  avia-builder-el-0  el_before_av_one_full  avia-builder-el-first  \" style='border-radius:0px; '><div  class='avia-image-container  av-styling-    avia-builder-el-1  avia-builder-el-no-sibling  avia-align-center '  itemprop=\"image\" itemscope=\"itemscope\" itemtype=\"https:\/\/schema.org\/ImageObject\"  ><div class='avia-image-container-inner'><div class='avia-image-overlay-wrap'><img decoding=\"async\" class='wp-image-57850 avia-img-lazy-loading-not-57850 avia_image' src=\"https:\/\/radiorevelacionfm.cl\/wp-content\/uploads\/2025\/08\/senador-sandoval-en-subcomision-mixta-de-presupuesto-1_optimized.jpg\" alt='' title='senador-sandoval-en-subcomisi\u00f3n-mixta-de-presupuesto-(1)_optimized' height=\"600\" width=\"900\"  itemprop=\"thumbnailUrl\" srcset=\"https:\/\/radiorevelacionfm.cl\/wp-content\/uploads\/2025\/08\/senador-sandoval-en-subcomision-mixta-de-presupuesto-1_optimized.jpg 900w, https:\/\/radiorevelacionfm.cl\/wp-content\/uploads\/2025\/08\/senador-sandoval-en-subcomision-mixta-de-presupuesto-1_optimized-300x200.jpg 300w, https:\/\/radiorevelacionfm.cl\/wp-content\/uploads\/2025\/08\/senador-sandoval-en-subcomision-mixta-de-presupuesto-1_optimized-768x512.jpg 768w, https:\/\/radiorevelacionfm.cl\/wp-content\/uploads\/2025\/08\/senador-sandoval-en-subcomision-mixta-de-presupuesto-1_optimized-705x470.jpg 705w, https:\/\/radiorevelacionfm.cl\/wp-content\/uploads\/2025\/08\/senador-sandoval-en-subcomision-mixta-de-presupuesto-1_optimized-450x300.jpg 450w, https:\/\/radiorevelacionfm.cl\/wp-content\/uploads\/2025\/08\/senador-sandoval-en-subcomision-mixta-de-presupuesto-1_optimized-600x400.jpg 600w\" sizes=\"(max-width: 900px) 100vw, 900px\" \/><\/div><\/div><\/div><\/div><div class=\"flex_column av_one_full  flex_column_div av-zero-column-padding first  avia-builder-el-2  el_after_av_one_full  el_before_av_one_full  column-top-margin\" style='border-radius:0px; '><section class=\"av_textblock_section \"  itemscope=\"itemscope\" itemtype=\"https:\/\/schema.org\/BlogPosting\" itemprop=\"blogPost\" ><div class='avia_textblock  '   itemprop=\"text\" ><p style=\"text-align: center;\"><span style=\"font-size: 18pt;\"><strong>Senador Sandoval: <\/strong><strong>\u201cLos caminos son la llave fundamental para dar un salto significativo en el desarrollo de nuestra regi\u00f3n\u201d<\/strong><\/span><\/p>\n<div id=\"gtx-trans\" style=\"position: absolute; left: -50px; top: 4.31534px;\">\n<div class=\"gtx-trans-icon\"><\/div>\n<\/div>\n<\/div><\/section><\/div><div class=\"flex_column av_one_full  flex_column_div av-zero-column-padding first  avia-builder-el-4  el_after_av_one_full  el_before_av_hr  column-top-margin\" style='border-radius:0px; '><section class=\"av_textblock_section \"  itemscope=\"itemscope\" itemtype=\"https:\/\/schema.org\/BlogPosting\" itemprop=\"blogPost\" ><div class='avia_textblock  '   itemprop=\"text\" ><p style=\"text-align: justify;\"><em>Lo se\u00f1al\u00f3 en la quinta subcomisi\u00f3n mixta de Presupuesto, donde el MOP dio cuenta de los avances de dicha cartera durante este a\u00f1o.<\/em><\/p>\n<p style=\"text-align: justify;\">\u201cLos caminos son la llave fundamental para dar un salto significativo en el desarrollo de nuestra regi\u00f3n\u201d. As\u00ed lo se\u00f1al\u00f3 el senador David Sandoval, luego de participar esta semana en la sesi\u00f3n de la quinta subcomisi\u00f3n mixta de Presupuesto, que analiz\u00f3 los avances del Ministerio de Obras P\u00fablicas durante este a\u00f1o, instancia en la que plante\u00f3 diversas inquietudes de inter\u00e9s a nivel regional.<\/p>\n<p style=\"text-align: justify;\">\u201cEl MOP es una cartera estrat\u00e9gica y fundamental para nosotros como regi\u00f3n\u201d, destacando los avances en licitaciones y\/o adjudicaciones de obras relacionadas con la pavimentaci\u00f3n de la Carretera Austral, entre ellas, el tramo Puente Chacabuco hacia sector el Manzano, de Cerro Castillo al sur, la licitaci\u00f3n de la Cuesta del Queulat y la reposici\u00f3n de los puentes Rosselot y Palena en la zona norte.<\/p>\n<p style=\"text-align: justify;\">Todo esto, valor\u00f3, unido a lo que resolvi\u00f3 el Consejo Regional en los \u00faltimos d\u00edas, al incluir en el Plan de Desarrollo de Zonas Extremas, el objetivo de pavimentar 245 km. en los pr\u00f3ximos 10 a\u00f1os. \u201cYo creo que son materias absolutamente estrat\u00e9gicas. Se lo dec\u00edamos al ministerio de Obras P\u00fablicas y a la ministra Jessica L\u00f3pez, que un camino es lo que nos va a cambiar definitivamente la v\u00eda para el desarrollo del turismo, de toda la actividad econ\u00f3mica que ven en la ausencia de conectividad un problema\u201d, subray\u00f3.<\/p>\n<p style=\"text-align: justify;\">Adem\u00e1s, Sandoval se refiri\u00f3 a proyectos vinculados a obras portuarias. \u201cTenemos el gran proyecto del nuevo terminal a\u00e9reo de Balmaceda, una obra que esperamos se constituya en un aporte para la conectividad y desarrollo de nuestra regi\u00f3n en multiplicidad de \u00e1reas. Tambi\u00e9n se abordaron los compromisos respecto a las nuevas barcazas del Lago General Carrera y del Lago O\u00b4Higgins. Son temas que a nosotros nos inquietan\u201d, enfatiz\u00f3.<\/p>\n<p style=\"text-align: justify;\">En la jornada tambi\u00e9n abord\u00f3 el avance del camino Villa La Tapera \u2013 Lago Verde y la necesidad de generar un nuevo frente de trabajo, para ir poco a poco concretando un camino fundamental para dicha comuna, destacando la labor que realiza el Cuerpo Militar del Trabajo (CMT). \u201cCreo que debemos rendirle un tremendo reconocimiento por la labor que han realizado a lo largo de todos estos a\u00f1os. En este camino, ya est\u00e1 construido el puente sobre el r\u00edo C\u00e1ceres, esperando se acoja la inquietud que manifestaba la alcaldesa de Lago Verde, Claudia Vald\u00e9s, de abrir un frente complementario desde Lago Verde hacia Tapera\u201d, puntualiz\u00f3.<\/p>\n<p style=\"text-align: justify;\">De concretarse, enfatiz\u00f3, ser\u00eda un gran salto en mejoramiento de la calidad de vida de los habitantes de la comuna, ya que moverse entre ambas localidades se reducir\u00eda de 260 km a solo 80 km. \u201cEs un tremendo impacto\u201d, destac\u00f3.<\/p>\n<p style=\"text-align: justify;\">Otra idea que plante\u00f3 en la subcomisi\u00f3n, fue el camino fronterizo Chile Chico \u2013 Laguna Jeinimeni \u2013 Valle Chacabuco. \u201cMe compromet\u00ed a remitir todos los antecedentes t\u00e9cnicos de los cuales disponemos hasta ahora\u201d, recalcando que \u201chay un parque, el parque Patagonia, que evidentemente hay que resguardar\u201d.<\/p>\n<p style=\"text-align: justify;\">En la instancia, el legislador tambi\u00e9n destac\u00f3 la disposici\u00f3n del MOP para avanzar en un Plan de Integraci\u00f3n Austral. \u201cLo hablamos con el Gobernador Regional, Marcelo Santana, de que todos los esfuerzos de integraci\u00f3n austral de Palena, Ays\u00e9n y tambi\u00e9n con Magallanes, est\u00e9n insertos dentro de un plan espec\u00edfico, un tema que el Ministerio de Obras P\u00fablicas ha acogido y que esperamos que se formalice con financiamiento y medidas espec\u00edficas\u201d, precis\u00f3.<\/p>\n<p style=\"text-align: justify;\">En s\u00edntesis, para el legislador se trat\u00f3 de una buena reuni\u00f3n, destacando que en la primera mitad del a\u00f1o, el MOP ha avanzado, en promedio, un 50% en materia de ejecuci\u00f3n presupuestaria, \u201cy esperamos que las promesas y compromisos que se han asumido, se puedan ir ejecutando en beneficio de la regi\u00f3n\u201d.<\/p>\n<p style=\"text-align: justify;\">Finalmente, uno de los \u00faltimos puntos que plante\u00f3 en el encuentro fue que se pueda repavimentar el camino a Balmaceda. \u201cHay algunos tramos que requieren este esfuerzo tambi\u00e9n\u201d, indic\u00f3.<\/p>\n<\/div><\/section><\/div><div  style='height:50px' class='hr hr-invisible   avia-builder-el-6  el_after_av_one_full  el_before_av_social_share '><span class='hr-inner ' ><span class='hr-inner-style'><\/span><\/span><\/div><\/p>\n<div  class='av-social-sharing-box  avia-builder-el-7  el_after_av_hr  el_before_av_hr  '><div class='av-share-box'><h5 class='av-share-link-description av-no-toc '>Compartir esta noticia<\/h5><ul class='av-share-box-list noLightbox'><li class='av-share-link av-social-link-facebook' ><a target=\"_blank\" aria-label=\"Compartir en Facebook\" href='https:\/\/www.facebook.com\/sharer.php?u=https:\/\/radiorevelacionfm.cl\/?p=57849&#038;t=Senador%20Sandoval%3A%20%E2%80%9CLos%20caminos%20son%20la%20llave%20fundamental%20para%20dar%20un%20salto%20significativo%20en%20el%20desarrollo%20de%20nuestra%20regi%C3%B3n%E2%80%9D' aria-hidden='false' data-av_icon='\ue8f3' data-av_iconfont='entypo-fontello' title='' data-avia-related-tooltip='Compartir en Facebook' rel=\"noopener\"><span class='avia_hidden_link_text'>Compartir en Facebook<\/span><\/a><\/li><li class='av-share-link av-social-link-twitter' ><a target=\"_blank\" aria-label=\"Compartir en Twitter\" href='https:\/\/twitter.com\/share?text=Senador%20Sandoval%3A%20%E2%80%9CLos%20caminos%20son%20la%20llave%20fundamental%20para%20dar%20un%20salto%20significativo%20en%20el%20desarrollo%20de%20nuestra%20regi%C3%B3n%E2%80%9D&#038;url=https:\/\/radiorevelacionfm.cl\/?p=57849' aria-hidden='false' data-av_icon='\ue8f1' data-av_iconfont='entypo-fontello' title='' data-avia-related-tooltip='Compartir en Twitter' rel=\"noopener\"><span class='avia_hidden_link_text'>Compartir en Twitter<\/span><\/a><\/li><li class='av-share-link av-social-link-whatsapp' ><a target=\"_blank\" aria-label=\"Compartir en Whatsapp\" href='https:\/\/api.whatsapp.com\/send?text=https:\/\/radiorevelacionfm.cl\/?p=57849' aria-hidden='false' data-av_icon='\uf232' data-av_iconfont='entypo-fontello' title='' data-avia-related-tooltip='Compartir en Whatsapp' rel=\"noopener\"><span class='avia_hidden_link_text'>Compartir en Whatsapp<\/span><\/a><\/li><li class='av-share-link av-social-link-linkedin' ><a target=\"_blank\" aria-label=\"Compartir en LinkedIn\" href='https:\/\/linkedin.com\/shareArticle?mini=true&#038;title=Senador%20Sandoval%3A%20%E2%80%9CLos%20caminos%20son%20la%20llave%20fundamental%20para%20dar%20un%20salto%20significativo%20en%20el%20desarrollo%20de%20nuestra%20regi%C3%B3n%E2%80%9D&#038;url=https:\/\/radiorevelacionfm.cl\/?p=57849' aria-hidden='false' data-av_icon='\ue8fc' data-av_iconfont='entypo-fontello' title='' data-avia-related-tooltip='Compartir en LinkedIn' rel=\"noopener\"><span class='avia_hidden_link_text'>Compartir en LinkedIn<\/span><\/a><\/li><li class='av-share-link av-social-link-mail' ><a  aria-label=\"Compartir por correo\" href='mailto:?subject=Senador%20Sandoval%3A%20%E2%80%9CLos%20caminos%20son%20la%20llave%20fundamental%20para%20dar%20un%20salto%20significativo%20en%20el%20desarrollo%20de%20nuestra%20regi%C3%B3n%E2%80%9D&#038;body=https:\/\/radiorevelacionfm.cl\/?p=57849' aria-hidden='false' data-av_icon='\ue805' data-av_iconfont='entypo-fontello' title='' data-avia-related-tooltip='Compartir por correo'><span class='avia_hidden_link_text'>Compartir por correo<\/span><\/a><\/li><\/ul><\/div><\/div>\n<div  style='height:50px' class='hr hr-invisible   avia-builder-el-8  el_after_av_social_share  el_before_av_comments_list '><span class='hr-inner ' ><span class='hr-inner-style'><\/span><\/span><\/div>\n<div  class='av-buildercomment  av-blog-meta-html-info-disabled av-blog-meta-tag-disabled  '><\/div>\n","protected":false},"excerpt":{"rendered":"","protected":false},"author":1,"featured_media":57850,"comment_status":"closed","ping_status":"closed","sticky":false,"template":"","format":"standard","meta":{"footnotes":""},"categories":[35],"tags":[],"class_list":["post-57849","post","type-post","status-publish","format-standard","has-post-thumbnail","hentry","category-politica"],"jetpack_featured_media_url":"https:\/\/radiorevelacionfm.cl\/wp-content\/uploads\/2025\/08\/senador-sandoval-en-subcomision-mixta-de-presupuesto-1_optimized.jpg","_links":{"self":[{"href":"https:\/\/radiorevelacionfm.cl\/index.php?rest_route=\/wp\/v2\/posts\/57849","targetHints":{"allow":["GET"]}}],"collection":[{"href":"https:\/\/radiorevelacionfm.cl\/index.php?rest_route=\/wp\/v2\/posts"}],"about":[{"href":"https:\/\/radiorevelacionfm.cl\/index.php?rest_route=\/wp\/v2\/types\/post"}],"author":[{"embeddable":true,"href":"https:\/\/radiorevelacionfm.cl\/index.php?rest_route=\/wp\/v2\/users\/1"}],"replies":[{"embeddable":true,"href":"https:\/\/radiorevelacionfm.cl\/index.php?rest_route=%2Fwp%2Fv2%2Fcomments&post=57849"}],"version-history":[{"count":2,"href":"https:\/\/radiorevelacionfm.cl\/index.php?rest_route=\/wp\/v2\/posts\/57849\/revisions"}],"predecessor-version":[{"id":57852,"href":"https:\/\/radiorevelacionfm.cl\/index.php?rest_route=\/wp\/v2\/posts\/57849\/revisions\/57852"}],"wp:featuredmedia":[{"embeddable":true,"href":"https:\/\/radiorevelacionfm.cl\/index.php?rest_route=\/wp\/v2\/media\/57850"}],"wp:attachment":[{"href":"https:\/\/radiorevelacionfm.cl\/index.php?rest_route=%2Fwp%2Fv2%2Fmedia&parent=57849"}],"wp:term":[{"taxonomy":"category","embeddable":true,"href":"https:\/\/radiorevelacionfm.cl\/index.php?rest_route=%2Fwp%2Fv2%2Fcategories&post=57849"},{"taxonomy":"post_tag","embeddable":true,"href":"https:\/\/radiorevelacionfm.cl\/index.php?rest_route=%2Fwp%2Fv2%2Ftags&post=57849"}],"curies":[{"name":"wp","href":"https:\/\/api.w.org\/{rel}","templated":true}]}}