{"id":5783,"date":"2021-06-30T19:07:35","date_gmt":"2021-06-30T22:07:35","guid":{"rendered":"https:\/\/radiorevelacionfm.cl\/?p=5783"},"modified":"2021-06-30T19:12:53","modified_gmt":"2021-06-30T22:12:53","slug":"bomberos-de-chile-cumple-170-anos-y-gobernador-de-aysen-reconoce-importante-labor","status":"publish","type":"post","link":"https:\/\/radiorevelacionfm.cl\/?p=5783","title":{"rendered":"Bomberos de Chile cumple 170 a\u00f1os y Gobernador de Ays\u00e9n reconoce importante labor"},"content":{"rendered":"<div class=\"flex_column av_one_full  flex_column_div av-zero-column-padding first  avia-builder-el-0  el_before_av_one_full  avia-builder-el-first  \" style='border-radius:0px; '><div  class='avia-image-container  av-styling-    avia-builder-el-1  avia-builder-el-no-sibling  avia-align-center '  itemprop=\"image\" itemscope=\"itemscope\" itemtype=\"https:\/\/schema.org\/ImageObject\"  ><div class='avia-image-container-inner'><div class='avia-image-overlay-wrap'><img decoding=\"async\" class='wp-image-0 avia-img-lazy-loading-not-0 avia_image' src=\"https:\/\/radiorevelacionfm.cl\/wp-content\/uploads\/2021\/06\/bomberos-10-1_optimized.jpg\" alt='' title=''   itemprop=\"thumbnailUrl\"  \/><\/div><\/div><\/div><\/div><div class=\"flex_column av_one_full  flex_column_div av-zero-column-padding first  avia-builder-el-2  el_after_av_one_full  el_before_av_one_full  column-top-margin\" style='border-radius:0px; '><section class=\"av_textblock_section \"  itemscope=\"itemscope\" itemtype=\"https:\/\/schema.org\/BlogPosting\" itemprop=\"blogPost\" ><div class='avia_textblock  '   itemprop=\"text\" ><p style=\"text-align: center;\"><span style=\"font-size: 18pt;\"><strong>Bomberos de Chile cumple 170 a\u00f1os y Gobernador de Ays\u00e9n reconoce importante labor<\/strong><\/span><\/p>\n<div id=\"gtx-trans\" style=\"position: absolute; left: -50px; top: 4.31534px;\">\n<div class=\"gtx-trans-icon\"><\/div>\n<\/div>\n<\/div><\/section><\/div><\/p>\n<div class=\"flex_column av_one_full  flex_column_div av-zero-column-padding first  avia-builder-el-4  el_after_av_one_full  el_before_av_hr  column-top-margin\" style='border-radius:0px; '><section class=\"av_textblock_section \"  itemscope=\"itemscope\" itemtype=\"https:\/\/schema.org\/BlogPosting\" itemprop=\"blogPost\" ><div class='avia_textblock  '   itemprop=\"text\" ><p style=\"text-align: justify;\">Los bomberos en Chile celebran su aniversario en conmemoraci\u00f3n a la fundaci\u00f3n de la primera instituci\u00f3n que se creara en 1851 en la ciudad de Valpara\u00edso.<\/p>\n<p style=\"text-align: justify;\">Un distendido encuentro sostuvo la ma\u00f1ana de este mi\u00e9rcoles 30 de junio el Gobernador de la provincia Manuel Ortiz junto al Superintendente del Cuerpo de Bomberos de Puerto Ays\u00e9n don Arturo Loaiza en donde el representante del Presidente de la Rep\u00fablica entregara sus saludos y reconocimientos a tan noble instituci\u00f3n por cumplir 170 a\u00f1os desde la fundaci\u00f3n.<\/p>\n<p style=\"text-align: justify;\">Una vez finalizado este encuentro el Superintendente de Bomberos agradeci\u00f3 el saludo del se\u00f1or Gobernador \u201cmuy agradecidos por sus saludos se\u00f1or Gobernador, hoy cumplimos 170 a\u00f1os como instituci\u00f3n, siempre vamos a estar a disposici\u00f3n de quien nos necesite donde ayudaremos muchas veces al desconocido sin distinci\u00f3n de nada estaremos siempre al servicio de nuestra comunidad\u201d.<\/p>\n<p style=\"text-align: justify;\">En tanto el Gobernador Manuel Ortiz quien entregara un diploma de honor en agradecimiento a la labor que realizan con la comunidad indicaba \u201ctremendamente contentos de poder tener en las oficinas de la gobernaci\u00f3n a don Arturo Loaiza Superintendente de Bomberos primero que todo para felicitarlo a \u00e9l y por su intermedio a todos quienes forman esta hermosa instituci\u00f3n por ese gran trabajo que desarrollan en las localidades de nuestra provincia y comuna donde siempre est\u00e1n atento para ayudar a toda nuestra comunidad\u201d.<\/p>\n<\/div><\/section><\/div>\n<div  style='height:50px' class='hr hr-invisible   avia-builder-el-6  el_after_av_one_full  el_before_av_social_share '><span class='hr-inner ' ><span class='hr-inner-style'><\/span><\/span><\/div>\n<div  class='av-social-sharing-box  avia-builder-el-7  el_after_av_hr  el_before_av_hr  '><div class='av-share-box'><h5 class='av-share-link-description av-no-toc '>Compartir esta noticia<\/h5><ul class='av-share-box-list noLightbox'><li class='av-share-link av-social-link-facebook' ><a target=\"_blank\" aria-label=\"Compartir en Facebook\" href='https:\/\/www.facebook.com\/sharer.php?u=https:\/\/radiorevelacionfm.cl\/?p=5783&#038;t=Bomberos%20de%20Chile%20cumple%20170%20a%C3%B1os%20y%20Gobernador%20de%20Ays%C3%A9n%20reconoce%20importante%20labor' aria-hidden='false' data-av_icon='\ue8f3' data-av_iconfont='entypo-fontello' title='' data-avia-related-tooltip='Compartir en Facebook' rel=\"noopener\"><span class='avia_hidden_link_text'>Compartir en Facebook<\/span><\/a><\/li><li class='av-share-link av-social-link-twitter' ><a target=\"_blank\" aria-label=\"Compartir en Twitter\" href='https:\/\/twitter.com\/share?text=Bomberos%20de%20Chile%20cumple%20170%20a%C3%B1os%20y%20Gobernador%20de%20Ays%C3%A9n%20reconoce%20importante%20labor&#038;url=https:\/\/radiorevelacionfm.cl\/?p=5783' aria-hidden='false' data-av_icon='\ue8f1' data-av_iconfont='entypo-fontello' title='' data-avia-related-tooltip='Compartir en Twitter' rel=\"noopener\"><span class='avia_hidden_link_text'>Compartir en Twitter<\/span><\/a><\/li><li class='av-share-link av-social-link-whatsapp' ><a target=\"_blank\" aria-label=\"Compartir en Whatsapp\" href='https:\/\/api.whatsapp.com\/send?text=https:\/\/radiorevelacionfm.cl\/?p=5783' aria-hidden='false' data-av_icon='\uf232' data-av_iconfont='entypo-fontello' title='' data-avia-related-tooltip='Compartir en Whatsapp' rel=\"noopener\"><span class='avia_hidden_link_text'>Compartir en Whatsapp<\/span><\/a><\/li><li class='av-share-link av-social-link-linkedin' ><a target=\"_blank\" aria-label=\"Compartir en LinkedIn\" href='https:\/\/linkedin.com\/shareArticle?mini=true&#038;title=Bomberos%20de%20Chile%20cumple%20170%20a%C3%B1os%20y%20Gobernador%20de%20Ays%C3%A9n%20reconoce%20importante%20labor&#038;url=https:\/\/radiorevelacionfm.cl\/?p=5783' aria-hidden='false' data-av_icon='\ue8fc' data-av_iconfont='entypo-fontello' title='' data-avia-related-tooltip='Compartir en LinkedIn' rel=\"noopener\"><span class='avia_hidden_link_text'>Compartir en LinkedIn<\/span><\/a><\/li><li class='av-share-link av-social-link-mail' ><a  aria-label=\"Compartir por correo\" href='mailto:?subject=Bomberos%20de%20Chile%20cumple%20170%20a%C3%B1os%20y%20Gobernador%20de%20Ays%C3%A9n%20reconoce%20importante%20labor&#038;body=https:\/\/radiorevelacionfm.cl\/?p=5783' aria-hidden='false' data-av_icon='\ue805' data-av_iconfont='entypo-fontello' title='' data-avia-related-tooltip='Compartir por correo'><span class='avia_hidden_link_text'>Compartir por correo<\/span><\/a><\/li><\/ul><\/div><\/div>\n<div  style='height:50px' class='hr hr-invisible   avia-builder-el-8  el_after_av_social_share  el_before_av_comments_list '><span class='hr-inner ' ><span class='hr-inner-style'><\/span><\/span><\/div>\n<div  class='av-buildercomment  av-blog-meta-html-info-disabled av-blog-meta-tag-disabled  '><\/div>\n","protected":false},"excerpt":{"rendered":"","protected":false},"author":1,"featured_media":0,"comment_status":"open","ping_status":"open","sticky":false,"template":"","format":"standard","meta":{"footnotes":""},"categories":[38],"tags":[],"class_list":["post-5783","post","type-post","status-publish","format-standard","hentry","category-regional"],"jetpack_featured_media_url":"","_links":{"self":[{"href":"https:\/\/radiorevelacionfm.cl\/index.php?rest_route=\/wp\/v2\/posts\/5783","targetHints":{"allow":["GET"]}}],"collection":[{"href":"https:\/\/radiorevelacionfm.cl\/index.php?rest_route=\/wp\/v2\/posts"}],"about":[{"href":"https:\/\/radiorevelacionfm.cl\/index.php?rest_route=\/wp\/v2\/types\/post"}],"author":[{"embeddable":true,"href":"https:\/\/radiorevelacionfm.cl\/index.php?rest_route=\/wp\/v2\/users\/1"}],"replies":[{"embeddable":true,"href":"https:\/\/radiorevelacionfm.cl\/index.php?rest_route=%2Fwp%2Fv2%2Fcomments&post=5783"}],"version-history":[{"count":2,"href":"https:\/\/radiorevelacionfm.cl\/index.php?rest_route=\/wp\/v2\/posts\/5783\/revisions"}],"predecessor-version":[{"id":5788,"href":"https:\/\/radiorevelacionfm.cl\/index.php?rest_route=\/wp\/v2\/posts\/5783\/revisions\/5788"}],"wp:attachment":[{"href":"https:\/\/radiorevelacionfm.cl\/index.php?rest_route=%2Fwp%2Fv2%2Fmedia&parent=5783"}],"wp:term":[{"taxonomy":"category","embeddable":true,"href":"https:\/\/radiorevelacionfm.cl\/index.php?rest_route=%2Fwp%2Fv2%2Fcategories&post=5783"},{"taxonomy":"post_tag","embeddable":true,"href":"https:\/\/radiorevelacionfm.cl\/index.php?rest_route=%2Fwp%2Fv2%2Ftags&post=5783"}],"curies":[{"name":"wp","href":"https:\/\/api.w.org\/{rel}","templated":true}]}}