{"id":57807,"date":"2025-08-14T23:13:34","date_gmt":"2025-08-15T02:13:34","guid":{"rendered":"https:\/\/radiorevelacionfm.cl\/?p=57807"},"modified":"2025-08-14T23:13:34","modified_gmt":"2025-08-15T02:13:34","slug":"chile-chico-es-la-2a-comuna-con-mayor-inversion-fril-2025-1-002-millones-en-obras-clave","status":"publish","type":"post","link":"https:\/\/radiorevelacionfm.cl\/?p=57807","title":{"rendered":"Chile Chico es la 2\u00aa comuna con mayor inversi\u00f3n FRIL 2025: $1.002 millones en obras clave"},"content":{"rendered":"<div class=\"flex_column av_one_full  flex_column_div av-zero-column-padding first  avia-builder-el-0  el_before_av_one_full  avia-builder-el-first  \" style='border-radius:0px; '><div  class='avia-image-container  av-styling-    avia-builder-el-1  avia-builder-el-no-sibling  avia-align-center '  itemprop=\"image\" itemscope=\"itemscope\" itemtype=\"https:\/\/schema.org\/ImageObject\"  ><div class='avia-image-container-inner'><div class='avia-image-overlay-wrap'><img decoding=\"async\" class='wp-image-57808 avia-img-lazy-loading-not-57808 avia_image' src=\"https:\/\/radiorevelacionfm.cl\/wp-content\/uploads\/2025\/08\/503942766_18482441197070887_8193134074881277486_n-1-1.jpg\" alt='' title='503942766_18482441197070887_8193134074881277486_n (1) (1)' height=\"600\" width=\"800\"  itemprop=\"thumbnailUrl\" srcset=\"https:\/\/radiorevelacionfm.cl\/wp-content\/uploads\/2025\/08\/503942766_18482441197070887_8193134074881277486_n-1-1.jpg 800w, https:\/\/radiorevelacionfm.cl\/wp-content\/uploads\/2025\/08\/503942766_18482441197070887_8193134074881277486_n-1-1-300x225.jpg 300w, https:\/\/radiorevelacionfm.cl\/wp-content\/uploads\/2025\/08\/503942766_18482441197070887_8193134074881277486_n-1-1-768x576.jpg 768w, https:\/\/radiorevelacionfm.cl\/wp-content\/uploads\/2025\/08\/503942766_18482441197070887_8193134074881277486_n-1-1-705x529.jpg 705w, https:\/\/radiorevelacionfm.cl\/wp-content\/uploads\/2025\/08\/503942766_18482441197070887_8193134074881277486_n-1-1-450x338.jpg 450w, https:\/\/radiorevelacionfm.cl\/wp-content\/uploads\/2025\/08\/503942766_18482441197070887_8193134074881277486_n-1-1-600x450.jpg 600w\" sizes=\"(max-width: 800px) 100vw, 800px\" \/><\/div><\/div><\/div><\/div><div class=\"flex_column av_one_full  flex_column_div av-zero-column-padding first  avia-builder-el-2  el_after_av_one_full  el_before_av_one_full  column-top-margin\" style='border-radius:0px; '><section class=\"av_textblock_section \"  itemscope=\"itemscope\" itemtype=\"https:\/\/schema.org\/BlogPosting\" itemprop=\"blogPost\" ><div class='avia_textblock  '   itemprop=\"text\" ><p style=\"text-align: center;\"><strong><span style=\"font-size: 18pt;\">Chile Chico es la 2\u00aa comuna con mayor inversi\u00f3n FRIL 2025: $1.002 millones en obras clave<\/span><\/strong><\/p>\n<div id=\"gtx-trans\" style=\"position: absolute; left: -50px; top: 4.31534px;\">\n<div class=\"gtx-trans-icon\"><\/div>\n<\/div>\n<\/div><\/section><\/div><div class=\"flex_column av_one_full  flex_column_div av-zero-column-padding first  avia-builder-el-4  el_after_av_one_full  el_before_av_hr  column-top-margin\" style='border-radius:0px; '><section class=\"av_textblock_section \"  itemscope=\"itemscope\" itemtype=\"https:\/\/schema.org\/BlogPosting\" itemprop=\"blogPost\" ><div class='avia_textblock  '   itemprop=\"text\" ><p style=\"text-align: justify;\">En menos de ocho meses de administraci\u00f3n, el alcalde de Chile Chico, Ariel Keim, junto a su equipo de la Secretar\u00eda Comunal de Planificaci\u00f3n (SECPLAC), logr\u00f3 la aprobaci\u00f3n del marco presupuestario 2025 del Fondo Regional de Iniciativa Local (FRIL), bajo el lema \u201cImpulsa Econom\u00eda\u201d, asegurando para la comuna una inversi\u00f3n solicitada de $1.002.830.000. Este hito posiciona a Chile Chico como la segunda comuna con mayor monto de inversi\u00f3n solicitada en toda la regi\u00f3n.<\/p>\n<p style=\"text-align: justify;\">Las iniciativas fueron trabajadas en base a las demandas y prioridades planteadas por la comunidad, especialmente de las localidades del interior, y buscan dinamizar la econom\u00eda local, generar empleos y fortalecer la identidad comunal.<\/p>\n<p style=\"text-align: justify;\">Ariel Keim expres\u00f3: <em>\u201cEstamos muy contentos con la cantidad de recursos que vamos a apalancar desde el Gobierno Regional. Estos proyectos no solo mejorar\u00e1n nuestra infraestructura, sino que tambi\u00e9n crear\u00e1n empleos. Muchas veces los propios vecinos nos preguntaban por qu\u00e9 obras como los adocretados o los accesos vehiculares solo se hac\u00edan en Chile Chico y no en Puerto Guadal. Hoy esas demandas se transforman en realidad, sumando tambi\u00e9n portales de acceso con identidad propia para cada localidad del interior. Seguiremos acercando el municipio a cada rinc\u00f3n de nuestra comuna\u201d<\/em>.<\/p>\n<p style=\"text-align: justify;\">Proyectos incluidos en la cartera FRIL 2025:<\/p>\n<ul style=\"text-align: justify;\">\n<li>Construcci\u00f3n de Galp\u00f3n Municipal en Puerto Guadal: Infraestructura de m\u00e1s de 500 m\u00b2, con estructura met\u00e1lica prefabricada, revestimiento y accesos exteriores, destinada a reforzar la capacidad operativa y de servicios municipales.<\/li>\n<li>Construcci\u00f3n de Adocretos en Accesos Vehiculares y V\u00edas de Puerto Guadal: Mejoramiento de 186 accesos y pavimentaci\u00f3n de los pasajes Las Lengas y La Lomita, con obras de drenaje, soleras y medidas de seguridad vial.<\/li>\n<li>Construcci\u00f3n de Portales de Acceso en Fachinal, Mall\u00edn Grande, Puerto Guadal y Puerto Bertrand: Estructuras de ocho metros de altura, con iluminaci\u00f3n y dise\u00f1o \u00fanico para cada localidad, fortaleciendo la identidad visual y tur\u00edstica de la comuna.<\/li>\n<\/ul>\n<p style=\"text-align: justify;\">Este logro es solo una parte del intenso trabajo que est\u00e1 llevando adelante la administraci\u00f3n municipal. A principios de mes fueron aprobadas las consultor\u00edas de dise\u00f1o para cinco importantes iniciativas: construcci\u00f3n de pasarelas peatonales en Puerto Bertrand, terminal de buses de Puerto Guadal, dise\u00f1o de alcantarillado para Mall\u00edn Grande, mejoramiento del Parque Municipal Mate Amargo y construcci\u00f3n de la Galer\u00eda Comercial del Lago. Proyectos que, junto a la cartera FRIL, consolidan una hoja de ruta clara para el desarrollo de infraestructura, la reactivaci\u00f3n econ\u00f3mica y el bienestar de toda la comuna.<\/p>\n<\/div><\/section><\/div><div  style='height:50px' class='hr hr-invisible   avia-builder-el-6  el_after_av_one_full  el_before_av_social_share '><span class='hr-inner ' ><span class='hr-inner-style'><\/span><\/span><\/div><\/p>\n<div  class='av-social-sharing-box  avia-builder-el-7  el_after_av_hr  el_before_av_hr  '><div class='av-share-box'><h5 class='av-share-link-description av-no-toc '>Compartir esta noticia<\/h5><ul class='av-share-box-list noLightbox'><li class='av-share-link av-social-link-facebook' ><a target=\"_blank\" aria-label=\"Compartir en Facebook\" href='https:\/\/www.facebook.com\/sharer.php?u=https:\/\/radiorevelacionfm.cl\/?p=57807&#038;t=Chile%20Chico%20es%20la%202%C2%AA%20comuna%20con%20mayor%20inversi%C3%B3n%20FRIL%202025%3A%20%241.002%20millones%20en%20obras%20clave' aria-hidden='false' data-av_icon='\ue8f3' data-av_iconfont='entypo-fontello' title='' data-avia-related-tooltip='Compartir en Facebook' rel=\"noopener\"><span class='avia_hidden_link_text'>Compartir en Facebook<\/span><\/a><\/li><li class='av-share-link av-social-link-twitter' ><a target=\"_blank\" aria-label=\"Compartir en Twitter\" href='https:\/\/twitter.com\/share?text=Chile%20Chico%20es%20la%202%C2%AA%20comuna%20con%20mayor%20inversi%C3%B3n%20FRIL%202025%3A%20%241.002%20millones%20en%20obras%20clave&#038;url=https:\/\/radiorevelacionfm.cl\/?p=57807' aria-hidden='false' data-av_icon='\ue8f1' data-av_iconfont='entypo-fontello' title='' data-avia-related-tooltip='Compartir en Twitter' rel=\"noopener\"><span class='avia_hidden_link_text'>Compartir en Twitter<\/span><\/a><\/li><li class='av-share-link av-social-link-whatsapp' ><a target=\"_blank\" aria-label=\"Compartir en Whatsapp\" href='https:\/\/api.whatsapp.com\/send?text=https:\/\/radiorevelacionfm.cl\/?p=57807' aria-hidden='false' data-av_icon='\uf232' data-av_iconfont='entypo-fontello' title='' data-avia-related-tooltip='Compartir en Whatsapp' rel=\"noopener\"><span class='avia_hidden_link_text'>Compartir en Whatsapp<\/span><\/a><\/li><li class='av-share-link av-social-link-linkedin' ><a target=\"_blank\" aria-label=\"Compartir en LinkedIn\" href='https:\/\/linkedin.com\/shareArticle?mini=true&#038;title=Chile%20Chico%20es%20la%202%C2%AA%20comuna%20con%20mayor%20inversi%C3%B3n%20FRIL%202025%3A%20%241.002%20millones%20en%20obras%20clave&#038;url=https:\/\/radiorevelacionfm.cl\/?p=57807' aria-hidden='false' data-av_icon='\ue8fc' data-av_iconfont='entypo-fontello' title='' data-avia-related-tooltip='Compartir en LinkedIn' rel=\"noopener\"><span class='avia_hidden_link_text'>Compartir en LinkedIn<\/span><\/a><\/li><li class='av-share-link av-social-link-mail' ><a  aria-label=\"Compartir por correo\" href='mailto:?subject=Chile%20Chico%20es%20la%202%C2%AA%20comuna%20con%20mayor%20inversi%C3%B3n%20FRIL%202025%3A%20%241.002%20millones%20en%20obras%20clave&#038;body=https:\/\/radiorevelacionfm.cl\/?p=57807' aria-hidden='false' data-av_icon='\ue805' data-av_iconfont='entypo-fontello' title='' data-avia-related-tooltip='Compartir por correo'><span class='avia_hidden_link_text'>Compartir por correo<\/span><\/a><\/li><\/ul><\/div><\/div>\n<div  style='height:50px' class='hr hr-invisible   avia-builder-el-8  el_after_av_social_share  el_before_av_comments_list '><span class='hr-inner ' ><span class='hr-inner-style'><\/span><\/span><\/div>\n<div  class='av-buildercomment  av-blog-meta-html-info-disabled av-blog-meta-tag-disabled  '><\/div>\n","protected":false},"excerpt":{"rendered":"","protected":false},"author":1,"featured_media":57808,"comment_status":"closed","ping_status":"closed","sticky":false,"template":"","format":"standard","meta":{"footnotes":""},"categories":[38],"tags":[],"class_list":["post-57807","post","type-post","status-publish","format-standard","has-post-thumbnail","hentry","category-regional"],"jetpack_featured_media_url":"https:\/\/radiorevelacionfm.cl\/wp-content\/uploads\/2025\/08\/503942766_18482441197070887_8193134074881277486_n-1-1.jpg","_links":{"self":[{"href":"https:\/\/radiorevelacionfm.cl\/index.php?rest_route=\/wp\/v2\/posts\/57807","targetHints":{"allow":["GET"]}}],"collection":[{"href":"https:\/\/radiorevelacionfm.cl\/index.php?rest_route=\/wp\/v2\/posts"}],"about":[{"href":"https:\/\/radiorevelacionfm.cl\/index.php?rest_route=\/wp\/v2\/types\/post"}],"author":[{"embeddable":true,"href":"https:\/\/radiorevelacionfm.cl\/index.php?rest_route=\/wp\/v2\/users\/1"}],"replies":[{"embeddable":true,"href":"https:\/\/radiorevelacionfm.cl\/index.php?rest_route=%2Fwp%2Fv2%2Fcomments&post=57807"}],"version-history":[{"count":2,"href":"https:\/\/radiorevelacionfm.cl\/index.php?rest_route=\/wp\/v2\/posts\/57807\/revisions"}],"predecessor-version":[{"id":57810,"href":"https:\/\/radiorevelacionfm.cl\/index.php?rest_route=\/wp\/v2\/posts\/57807\/revisions\/57810"}],"wp:featuredmedia":[{"embeddable":true,"href":"https:\/\/radiorevelacionfm.cl\/index.php?rest_route=\/wp\/v2\/media\/57808"}],"wp:attachment":[{"href":"https:\/\/radiorevelacionfm.cl\/index.php?rest_route=%2Fwp%2Fv2%2Fmedia&parent=57807"}],"wp:term":[{"taxonomy":"category","embeddable":true,"href":"https:\/\/radiorevelacionfm.cl\/index.php?rest_route=%2Fwp%2Fv2%2Fcategories&post=57807"},{"taxonomy":"post_tag","embeddable":true,"href":"https:\/\/radiorevelacionfm.cl\/index.php?rest_route=%2Fwp%2Fv2%2Ftags&post=57807"}],"curies":[{"name":"wp","href":"https:\/\/api.w.org\/{rel}","templated":true}]}}