{"id":57802,"date":"2025-08-14T23:02:20","date_gmt":"2025-08-15T02:02:20","guid":{"rendered":"https:\/\/radiorevelacionfm.cl\/?p=57802"},"modified":"2025-08-14T23:02:20","modified_gmt":"2025-08-15T02:02:20","slug":"sag-detecta-los-primeros-casos-de-anemia-infecciosa-equina-en-la-region-de-aysen","status":"publish","type":"post","link":"https:\/\/radiorevelacionfm.cl\/?p=57802","title":{"rendered":"SAG detecta los primeros casos de Anemia Infecciosa Equina en la regi\u00f3n de Ays\u00e9n"},"content":{"rendered":"<div class=\"flex_column av_one_full  flex_column_div av-zero-column-padding first  avia-builder-el-0  el_before_av_one_full  avia-builder-el-first  \" style='border-radius:0px; '><div  class='avia-image-container  av-styling-    avia-builder-el-1  avia-builder-el-no-sibling  avia-align-center '  itemprop=\"image\" itemscope=\"itemscope\" itemtype=\"https:\/\/schema.org\/ImageObject\"  ><div class='avia-image-container-inner'><div class='avia-image-overlay-wrap'><img decoding=\"async\" class='wp-image-0 avia-img-lazy-loading-not-0 avia_image' src=\"https:\/\/radiorevelacionfm.cl\/wp-content\/uploads\/2025\/08\/imagen02_sag_aysEn-1_optimized-1-1.jpeg\" alt='' title=''   itemprop=\"thumbnailUrl\"  \/><\/div><\/div><\/div><\/div><div class=\"flex_column av_one_full  flex_column_div av-zero-column-padding first  avia-builder-el-2  el_after_av_one_full  el_before_av_one_full  column-top-margin\" style='border-radius:0px; '><section class=\"av_textblock_section \"  itemscope=\"itemscope\" itemtype=\"https:\/\/schema.org\/BlogPosting\" itemprop=\"blogPost\" ><div class='avia_textblock  '   itemprop=\"text\" ><p style=\"text-align: center;\"><span style=\"font-size: 18pt;\"><b>SAG detecta los primeros casos de Anemia Infecciosa Equina en la regi\u00f3n de Ays\u00e9n<\/b><\/span><\/p>\n<div id=\"gtx-trans\" style=\"position: absolute; left: -50px; top: 4.31534px;\">\n<div class=\"gtx-trans-icon\"><\/div>\n<\/div>\n<\/div><\/section><\/div><div class=\"flex_column av_one_full  flex_column_div av-zero-column-padding first  avia-builder-el-4  el_after_av_one_full  el_before_av_hr  column-top-margin\" style='border-radius:0px; '><section class=\"av_textblock_section \"  itemscope=\"itemscope\" itemtype=\"https:\/\/schema.org\/BlogPosting\" itemprop=\"blogPost\" ><div class='avia_textblock  '   itemprop=\"text\" ><p style=\"text-align: justify;\">El Servicio Agr\u00edcola y Ganadero (SAG) del Ministerio de Agricultura inform\u00f3 que tres caballos en la regi\u00f3n de Ays\u00e9n resultaron positivos a Anemia Infecciosa Equina (AIE), siendo la octava regi\u00f3n en presentar casos en lo que va corrido esta emergencia zoosanitaria declarada en febrero pasado del a\u00f1o en curso.<\/p>\n<p style=\"text-align: justify;\">\u201cDurante este mi\u00e9rcoles, notificamos a los propietarios del resultado positivo a anemia infecciosa equina en sus predios. En tanto, se comenz\u00f3 a efectuar el procedimiento de acuerdo con el protocolo establecido en la emergencia sanitaria, que se lleva a cabo en estricto cumplimiento de los protocolos establecidos por la Organizaci\u00f3n Mundial de Sanidad Animal y el protocolo desarrollado por el SAG. Se emiti\u00f3 resoluci\u00f3n de\u00a0medida de cuarentena, restringi\u00e9ndose la entrada y salida de equinos del lugar por un periodo m\u00ednimo de 90 d\u00edas, mientras se efect\u00faa la vigilancia cl\u00ednica y serol\u00f3gica\u201d, explic\u00f3 el director regional del SAG, Julio Cerda Cordero.<\/p>\n<p style=\"text-align: justify;\">La autoridad regional agreg\u00f3 que la anemia infecciosa equina es una amenaza para la sanidad de la poblaci\u00f3n equina de Chile, al ser una patolog\u00eda viral grave, que no tiene cura, vacuna, ni tratamiento. La AIE aqueja exclusivamente a caballos, yeguas, burros y mulas, no afecta a los seres humanos ni a otras especies animales. Adem\u00e1s, reafirm\u00f3 que el Servicio trabajar\u00e1 con transparencia, rigor t\u00e9cnico y coordinaci\u00f3n con la comunidad ecuestre, a fin de proteger la salud animal y preservar la actividad productiva y deportiva asociada a los equinos.<\/p>\n<p style=\"text-align: justify;\"><strong>Medidas de prevenci\u00f3n que entrega SAG<\/strong><\/p>\n<p style=\"text-align: justify;\">De acuerdo con el llamado que sostuvo el director regional del SAG con respecto a c\u00f3mo evitar eventuales contagios de anemia infecciosa equina, cabe destacar que \u201csi va a medicar a un caballo o pariente de los caballos, porque tambi\u00e9n afecta a burros, no compartir los mismos elementos que se utilizan para las inyecciones, como frascos multidosis de alg\u00fan producto que pueda estar contaminado\u201d.<\/p>\n<p style=\"text-align: justify;\">Adicionalmente indic\u00f3 que \u201cpor supuesto dar aviso de inmediato a las oficinas del Servicio Agr\u00edcola y Ganadero si aparecen animales con algunos s\u00edntomas, como por ejemplo hinchaz\u00f3n en las patas, en el pecho o decaimiento. Esta es una enfermedad que no tiene vacuna y tampoco tratamiento\u201d.<\/p>\n<p style=\"text-align: justify;\">Ante la presencia de estos s\u00edntomas es fundamental alertar o denunciar al SAG a trav\u00e9s de la oficia sectorial m\u00e1s cercana al domicilio del propietario del animal. La denuncia oportuna es clave para contener y erradicar la enfermedad.<\/p>\n<p style=\"text-align: justify;\">En la l\u00ednea de prevenci\u00f3n, el Servicio y sus funcionarios regionales se desplegaron en terreno para realizar acciones como la vigilancia y charlas de prevenci\u00f3n a las y los propietarios de equinos en las cuatro provincias de la regi\u00f3n de Ays\u00e9n. Cochrane, Lago Verde, la Junta, Rodeo Los Palos, el Richard, Cerro Castillo, Puerto Ib\u00e1\u00f1ez, Ma\u00f1ihuales, Bah\u00eda Murta, Mall\u00edn Grande y Coyhaique fueron parte de los sectores en que estuvo presente SAG para informar sobre lo que es esta enfermedad y las medidas oficiales recomendadas.<\/p>\n<p style=\"text-align: justify;\"><strong>C\u00f3mo entr\u00f3 la enfermedad al pa\u00eds<\/strong><\/p>\n<p style=\"text-align: justify;\">Esta enfermedad no se encontraba presente en el pa\u00eds, pero s\u00ed en naciones cercanas (Argentina y Brasil, entre otros). El primer caso identificado por el SAG en Chile fue en diciembre de 2024, en la regi\u00f3n Metropolitana, levantando la alerta a nivel nacional. El 13 de febrero de 2025 el SAG declar\u00f3 Emergencia Zoosanitaria por Anemia Infecciosa Equina (Resoluci\u00f3n Exenta N\u00ba: 1057\/2025), con el fin de erradicarla.<\/p>\n<p style=\"text-align: justify;\">De acuerdo con la investigaci\u00f3n epidemiol\u00f3gica realizada por el SAG, se determin\u00f3 que la v\u00eda de introducci\u00f3n m\u00e1s probable de la enfermedad es a trav\u00e9s del ingreso ilegal de equinos positivos por pasos fronterizos no habilitados. En tanto, el virus solo se hab\u00eda detectado en las regiones Metropolitana, Maule, \u00d1uble, Biob\u00edo, La Araucan\u00eda, Los R\u00edos y Los Lagos.<\/p>\n<p style=\"text-align: justify;\">El diagn\u00f3stico de la Anemia Infecciosa Equina se realiza exclusivamente en el laboratorio oficial del SAG Lo Aguirre, \u00fanico en Chile con la capacidad t\u00e9cnica para aplicar el m\u00e9todo diagn\u00f3stico reconocido oficialmente para esta enfermedad: la Inmunodifusi\u00f3n en Gel de Agar (IDAG), tambi\u00e9n conocida como prueba de\u00a0Coggins.\u00a0No existen otros laboratorios en el pa\u00eds autorizados para realizar este diagn\u00f3stico ni para efectuar contramuestras. Otras t\u00e9cnicas diagn\u00f3sticas, como la PCR, no se encuentran validadas ni reconocidas por la Organizaci\u00f3n Mundial de Sanidad Animal (OMSA) para la confirmaci\u00f3n de la anemia infecciosa equina, debido a su alta probabilidad de arrojar resultados falsos negativos en animales que s\u00ed est\u00e1n infectados.<\/p>\n<\/div><\/section><\/div><div  style='height:50px' class='hr hr-invisible   avia-builder-el-6  el_after_av_one_full  el_before_av_social_share '><span class='hr-inner ' ><span class='hr-inner-style'><\/span><\/span><\/div><\/p>\n<div  class='av-social-sharing-box  avia-builder-el-7  el_after_av_hr  el_before_av_hr  '><div class='av-share-box'><h5 class='av-share-link-description av-no-toc '>Compartir esta noticia<\/h5><ul class='av-share-box-list noLightbox'><li class='av-share-link av-social-link-facebook' ><a target=\"_blank\" aria-label=\"Compartir en Facebook\" href='https:\/\/www.facebook.com\/sharer.php?u=https:\/\/radiorevelacionfm.cl\/?p=57802&#038;t=SAG%20detecta%20los%20primeros%20casos%20de%20Anemia%20Infecciosa%20Equina%20en%20la%20regi%C3%B3n%20de%20Ays%C3%A9n' aria-hidden='false' data-av_icon='\ue8f3' data-av_iconfont='entypo-fontello' title='' data-avia-related-tooltip='Compartir en Facebook' rel=\"noopener\"><span class='avia_hidden_link_text'>Compartir en Facebook<\/span><\/a><\/li><li class='av-share-link av-social-link-twitter' ><a target=\"_blank\" aria-label=\"Compartir en Twitter\" href='https:\/\/twitter.com\/share?text=SAG%20detecta%20los%20primeros%20casos%20de%20Anemia%20Infecciosa%20Equina%20en%20la%20regi%C3%B3n%20de%20Ays%C3%A9n&#038;url=https:\/\/radiorevelacionfm.cl\/?p=57802' aria-hidden='false' data-av_icon='\ue8f1' data-av_iconfont='entypo-fontello' title='' data-avia-related-tooltip='Compartir en Twitter' rel=\"noopener\"><span class='avia_hidden_link_text'>Compartir en Twitter<\/span><\/a><\/li><li class='av-share-link av-social-link-whatsapp' ><a target=\"_blank\" aria-label=\"Compartir en Whatsapp\" href='https:\/\/api.whatsapp.com\/send?text=https:\/\/radiorevelacionfm.cl\/?p=57802' aria-hidden='false' data-av_icon='\uf232' data-av_iconfont='entypo-fontello' title='' data-avia-related-tooltip='Compartir en Whatsapp' rel=\"noopener\"><span class='avia_hidden_link_text'>Compartir en Whatsapp<\/span><\/a><\/li><li class='av-share-link av-social-link-linkedin' ><a target=\"_blank\" aria-label=\"Compartir en LinkedIn\" href='https:\/\/linkedin.com\/shareArticle?mini=true&#038;title=SAG%20detecta%20los%20primeros%20casos%20de%20Anemia%20Infecciosa%20Equina%20en%20la%20regi%C3%B3n%20de%20Ays%C3%A9n&#038;url=https:\/\/radiorevelacionfm.cl\/?p=57802' aria-hidden='false' data-av_icon='\ue8fc' data-av_iconfont='entypo-fontello' title='' data-avia-related-tooltip='Compartir en LinkedIn' rel=\"noopener\"><span class='avia_hidden_link_text'>Compartir en LinkedIn<\/span><\/a><\/li><li class='av-share-link av-social-link-mail' ><a  aria-label=\"Compartir por correo\" href='mailto:?subject=SAG%20detecta%20los%20primeros%20casos%20de%20Anemia%20Infecciosa%20Equina%20en%20la%20regi%C3%B3n%20de%20Ays%C3%A9n&#038;body=https:\/\/radiorevelacionfm.cl\/?p=57802' aria-hidden='false' data-av_icon='\ue805' data-av_iconfont='entypo-fontello' title='' data-avia-related-tooltip='Compartir por correo'><span class='avia_hidden_link_text'>Compartir por correo<\/span><\/a><\/li><\/ul><\/div><\/div>\n<div  style='height:50px' class='hr hr-invisible   avia-builder-el-8  el_after_av_social_share  el_before_av_comments_list '><span class='hr-inner ' ><span class='hr-inner-style'><\/span><\/span><\/div>\n<div  class='av-buildercomment  av-blog-meta-html-info-disabled av-blog-meta-tag-disabled  '><\/div>\n","protected":false},"excerpt":{"rendered":"","protected":false},"author":1,"featured_media":57803,"comment_status":"closed","ping_status":"closed","sticky":false,"template":"","format":"standard","meta":{"footnotes":""},"categories":[58],"tags":[],"class_list":["post-57802","post","type-post","status-publish","format-standard","has-post-thumbnail","hentry","category-agricultura"],"jetpack_featured_media_url":"https:\/\/radiorevelacionfm.cl\/wp-content\/uploads\/2025\/08\/imagen02_sag_aysEn-1_optimized-1.jpeg","_links":{"self":[{"href":"https:\/\/radiorevelacionfm.cl\/index.php?rest_route=\/wp\/v2\/posts\/57802","targetHints":{"allow":["GET"]}}],"collection":[{"href":"https:\/\/radiorevelacionfm.cl\/index.php?rest_route=\/wp\/v2\/posts"}],"about":[{"href":"https:\/\/radiorevelacionfm.cl\/index.php?rest_route=\/wp\/v2\/types\/post"}],"author":[{"embeddable":true,"href":"https:\/\/radiorevelacionfm.cl\/index.php?rest_route=\/wp\/v2\/users\/1"}],"replies":[{"embeddable":true,"href":"https:\/\/radiorevelacionfm.cl\/index.php?rest_route=%2Fwp%2Fv2%2Fcomments&post=57802"}],"version-history":[{"count":2,"href":"https:\/\/radiorevelacionfm.cl\/index.php?rest_route=\/wp\/v2\/posts\/57802\/revisions"}],"predecessor-version":[{"id":57806,"href":"https:\/\/radiorevelacionfm.cl\/index.php?rest_route=\/wp\/v2\/posts\/57802\/revisions\/57806"}],"wp:featuredmedia":[{"embeddable":true,"href":"https:\/\/radiorevelacionfm.cl\/index.php?rest_route=\/wp\/v2\/media\/57803"}],"wp:attachment":[{"href":"https:\/\/radiorevelacionfm.cl\/index.php?rest_route=%2Fwp%2Fv2%2Fmedia&parent=57802"}],"wp:term":[{"taxonomy":"category","embeddable":true,"href":"https:\/\/radiorevelacionfm.cl\/index.php?rest_route=%2Fwp%2Fv2%2Fcategories&post=57802"},{"taxonomy":"post_tag","embeddable":true,"href":"https:\/\/radiorevelacionfm.cl\/index.php?rest_route=%2Fwp%2Fv2%2Ftags&post=57802"}],"curies":[{"name":"wp","href":"https:\/\/api.w.org\/{rel}","templated":true}]}}