{"id":5780,"date":"2021-06-30T18:05:57","date_gmt":"2021-06-30T21:05:57","guid":{"rendered":"https:\/\/radiorevelacionfm.cl\/?p=5780"},"modified":"2021-06-30T18:05:57","modified_gmt":"2021-06-30T21:05:57","slug":"alcalde-de-guaitecas-debemos-poner-acelerador-y-cumplir-las-expectativas-de-la-gente-que-confio-en-nosotros","status":"publish","type":"post","link":"https:\/\/radiorevelacionfm.cl\/?p=5780","title":{"rendered":"Alcalde de Guaitecas \u201cdebemos poner acelerador y cumplir las expectativas de la gente que confi\u00f3 en nosotros\u201d"},"content":{"rendered":"<div class=\"flex_column av_one_full  flex_column_div av-zero-column-padding first  avia-builder-el-0  el_before_av_one_full  avia-builder-el-first  \" style='border-radius:0px; '><div  class='avia-image-container  av-styling-    avia-builder-el-1  avia-builder-el-no-sibling  avia-align-center '  itemprop=\"image\" itemscope=\"itemscope\" itemtype=\"https:\/\/schema.org\/ImageObject\"  ><div class='avia-image-container-inner'><div class='avia-image-overlay-wrap'><img decoding=\"async\" class='wp-image-5781 avia-img-lazy-loading-not-5781 avia_image' src=\"https:\/\/radiorevelacionfm.cl\/wp-content\/uploads\/2021\/06\/GUAITECAS-2-1-1.jpg\" alt='' title='GUAITECAS 2 (1) (1)' height=\"600\" width=\"848\"  itemprop=\"thumbnailUrl\" srcset=\"https:\/\/radiorevelacionfm.cl\/wp-content\/uploads\/2021\/06\/GUAITECAS-2-1-1.jpg 848w, https:\/\/radiorevelacionfm.cl\/wp-content\/uploads\/2021\/06\/GUAITECAS-2-1-1-300x212.jpg 300w, https:\/\/radiorevelacionfm.cl\/wp-content\/uploads\/2021\/06\/GUAITECAS-2-1-1-768x543.jpg 768w, https:\/\/radiorevelacionfm.cl\/wp-content\/uploads\/2021\/06\/GUAITECAS-2-1-1-260x185.jpg 260w, https:\/\/radiorevelacionfm.cl\/wp-content\/uploads\/2021\/06\/GUAITECAS-2-1-1-705x499.jpg 705w, https:\/\/radiorevelacionfm.cl\/wp-content\/uploads\/2021\/06\/GUAITECAS-2-1-1-600x425.jpg 600w\" sizes=\"(max-width: 848px) 100vw, 848px\" \/><\/div><\/div><\/div><\/div><div class=\"flex_column av_one_full  flex_column_div av-zero-column-padding first  avia-builder-el-2  el_after_av_one_full  el_before_av_one_full  column-top-margin\" style='border-radius:0px; '><section class=\"av_textblock_section \"  itemscope=\"itemscope\" itemtype=\"https:\/\/schema.org\/BlogPosting\" itemprop=\"blogPost\" ><div class='avia_textblock  '   itemprop=\"text\" ><p style=\"text-align: center;\"><strong><span style=\"font-size: 18pt;\">Alcalde de Guaitecas \u201cdebemos poner acelerador y cumplir las expectativas de la gente que confi\u00f3 en nosotros\u201d<\/span><\/strong><\/p>\n<div id=\"gtx-trans\" style=\"position: absolute; left: -50px; top: 4.31534px;\">\n<div class=\"gtx-trans-icon\"><\/div>\n<\/div>\n<\/div><\/section><\/div><div class=\"flex_column av_one_full  flex_column_div av-zero-column-padding first  avia-builder-el-4  el_after_av_one_full  el_before_av_hr  column-top-margin\" style='border-radius:0px; '><section class=\"av_textblock_section \"  itemscope=\"itemscope\" itemtype=\"https:\/\/schema.org\/BlogPosting\" itemprop=\"blogPost\" ><div class='avia_textblock  '   itemprop=\"text\" ><p style=\"text-align: justify;\">Proveniente de una familia muy sencilla y de Melinka, el nuevo Alcalde de Guaitecas, Marcos Silva Miranda, quien fue tambi\u00e9n dirigente social, sindical de la isla, form\u00f3 parte de un \u00e1rea productiva importante de la zona como es la pesca artesanal, desde este lunes asumi\u00f3 el enorme desaf\u00edo de dirigir los destinos de la comuna que lo vio crecer.<\/p>\n<p style=\"text-align: justify;\">Lo mismo ocurre con los Concejales, quienes han renovado la totalidad de este equipo de autoridades, en base a la confianza de la comunidad de que junto al Alcalde ser\u00e1n capaces de gestionar y llevar adelante los destinos de Guaitecas, se\u00f1al\u00f3 Marcos Silva.<\/p>\n<p style=\"text-align: justify;\">\u201cNos toc\u00f3 jurar y asumir un periodo alcaldicio con un nuevo equipo de concejales, donde una de las cosas importantes que sucedi\u00f3 en nuestra comuna es que, se renov\u00f3 el Concejo por completo. Todos hoy d\u00eda somos netamente melinkanos y por supuesto esperamos estar a la altura de nuestra gente, de nuestra comuna, donde todos nuestros habitantes han depositado su confianza en personas que somos melinkanas, la mayor\u00eda personas j\u00f3venes. Por supuesto felicitar a nuestra \u00fanica concejala y entendemos que la gente nos eligi\u00f3 lo hizo porque nos vio convencidos de que somos capaces de poder gestionar y llevar adelante los destinos de una comuna y por supuesto trabajar por ella\u201d.<\/p>\n<p style=\"text-align: justify;\">\u201cOrdenar la casa\u201d y trabajar en base a proyectos emblem\u00e1ticos para la comuna que han quedado abandonados, son algunas de las prioridades del Alcalde Marcos Silva.<\/p>\n<p style=\"text-align: justify;\">\u201cCreo que hay proyectos emblem\u00e1ticos que han quedado en el olvido, esta comuna no cuenta con alcantarillado, sin embargo, hay un proyecto que lleva ya casi cuatro a\u00f1os el que tiene estudio de dise\u00f1o y esperamos est\u00e9 RS para que se pueda materializar. Porque hoy no podemos estar al debe, una comuna que ha crecido tanto, no puede no tener un alcantarillado, creo que esa es una de las cosas principales que tenemos que preocuparnos. La idea tambi\u00e9n es, orden la casa, hacer los cambios necesarios en el \u00e1mbito administrativo, el personal que esta poder moverlo de un lado a otro, que sea la forma de alguna manera de aprovechar mejor a los profesionales. Fortalecer Dideco, departamento de planificaci\u00f3n, que son los ejes centrales que tenemos para el desarrollo de nuestra comuna\u201d.<\/p>\n<p style=\"text-align: justify;\">Respecto a los Concejales, el Alcalde Marcos Silva, est\u00e1 convencido de que ser\u00e1n un aporte para la comuna.<\/p>\n<p style=\"text-align: justify;\">\u201cYo estoy seguro que este grupo de Concejales van a ser un aporte para este Municipio y para su comuna, porque hoy d\u00eda caer en las peque\u00f1eces, no le hace bien a la pol\u00edtica ni por supuesto a esta administraci\u00f3n ni a la comuna. Lo importante para los Concejales es preocuparse de los temas grandes, de los temas importantes y para eso este Alcalde est\u00e1 disponible, el municipio ser\u00e1 de puertas abiertas, el Concejo tiene que sentirse parte de este municipio y no sentirse ajeno. Si bien es cierto, por mucho tiempo las puertas estuvieron cerradas para muchos de los que fuimos Concejales en su minuto, se nos escond\u00eda la informaci\u00f3n, un sin n\u00famero de cosas. Pero hoy queremos hacer las cosas bien, con transparencia y para eso est\u00e1n invitados y llamados los Concejales, porque hoy nuestra gente nos da una oportunidad de poder demostrar de que estamos hechos\u201d.<\/p>\n<p style=\"text-align: justify;\">Son muchos los proyectos e ideas que el Alcalde Marcos Silva pretende sacar adelante en beneficio de todos los vecinos y vecinas de la comuna de Guaitecas, pero para ello, \u201cdebemos poner acelerador y cumplir las expectativas de la gente que confi\u00f3 en nosotros\u201d.<\/p>\n<p style=\"text-align: justify;\">\u201cCreo que hoy necesitamos sacar varios proyectos adelante, necesitamos tener las farmacias populares que son tan importantes para nuestros adultos mayores, porque recordar que nuestra poblaci\u00f3n a los largo de Chile ha ido envejeciendo, por lo tanto, nuestra comuna no est\u00e1 ajena a ello. Tenemos un n\u00famero importante hoy en d\u00eda de adultos mayores en nuestra comuna que sacan pensiones baj\u00edsimas, que ocupan m\u00e1s de la mitad de ello en medicamentos, por eso, yo creo que acercar las farmacias populares a comunas como esta, van a ser bienvenidas porque eso va a minimizar los costos a nuestros adultos mayores y a personas que tienen alg\u00fan tipo de patolog\u00eda. Tenemos un tremendo desaf\u00edo, porque ya no nos quedan cuatro a\u00f1os, nos quedan poco m\u00e1s de tres a\u00f1os y creo que hoy necesitamos ponerle acelerador a la m\u00e1quina, para que podamos tener un periodo donde de alguna manera vayamos cumpliendo las expectativas de nuestra gente, que fue la que confi\u00f3 en nosotros\u201d.<\/p>\n<p style=\"text-align: justify;\">Marcos Silva Miranda, cerr\u00f3 sus palabras remarcando la invitaci\u00f3n a los Concejales a trabajar en equipo en bien de la ciudadan\u00eda, pero a la vez, fue claro en se\u00f1alar que su gesti\u00f3n la desarrollar\u00e1 con la gente y con un municipio de puertas abiertas, para escuchar y atender los requerimientos de toda la comuna de Guaitecas.<\/p>\n<\/div><\/section><\/div><div  style='height:50px' class='hr hr-invisible   avia-builder-el-6  el_after_av_one_full  el_before_av_social_share '><span class='hr-inner ' ><span class='hr-inner-style'><\/span><\/span><\/div><\/p>\n<div  class='av-social-sharing-box  avia-builder-el-7  el_after_av_hr  el_before_av_hr  '><div class='av-share-box'><h5 class='av-share-link-description av-no-toc '>Compartir esta noticia<\/h5><ul class='av-share-box-list noLightbox'><li class='av-share-link av-social-link-facebook' ><a target=\"_blank\" aria-label=\"Compartir en Facebook\" href='https:\/\/www.facebook.com\/sharer.php?u=https:\/\/radiorevelacionfm.cl\/?p=5780&#038;t=Alcalde%20de%20Guaitecas%20%E2%80%9Cdebemos%20poner%20acelerador%20y%20cumplir%20las%20expectativas%20de%20la%20gente%20que%20confi%C3%B3%20en%20nosotros%E2%80%9D' aria-hidden='false' data-av_icon='\ue8f3' data-av_iconfont='entypo-fontello' title='' data-avia-related-tooltip='Compartir en Facebook' rel=\"noopener\"><span class='avia_hidden_link_text'>Compartir en Facebook<\/span><\/a><\/li><li class='av-share-link av-social-link-twitter' ><a target=\"_blank\" aria-label=\"Compartir en Twitter\" href='https:\/\/twitter.com\/share?text=Alcalde%20de%20Guaitecas%20%E2%80%9Cdebemos%20poner%20acelerador%20y%20cumplir%20las%20expectativas%20de%20la%20gente%20que%20confi%C3%B3%20en%20nosotros%E2%80%9D&#038;url=https:\/\/radiorevelacionfm.cl\/?p=5780' aria-hidden='false' data-av_icon='\ue8f1' data-av_iconfont='entypo-fontello' title='' data-avia-related-tooltip='Compartir en Twitter' rel=\"noopener\"><span class='avia_hidden_link_text'>Compartir en Twitter<\/span><\/a><\/li><li class='av-share-link av-social-link-whatsapp' ><a target=\"_blank\" aria-label=\"Compartir en Whatsapp\" href='https:\/\/api.whatsapp.com\/send?text=https:\/\/radiorevelacionfm.cl\/?p=5780' aria-hidden='false' data-av_icon='\uf232' data-av_iconfont='entypo-fontello' title='' data-avia-related-tooltip='Compartir en Whatsapp' rel=\"noopener\"><span class='avia_hidden_link_text'>Compartir en Whatsapp<\/span><\/a><\/li><li class='av-share-link av-social-link-linkedin' ><a target=\"_blank\" aria-label=\"Compartir en LinkedIn\" href='https:\/\/linkedin.com\/shareArticle?mini=true&#038;title=Alcalde%20de%20Guaitecas%20%E2%80%9Cdebemos%20poner%20acelerador%20y%20cumplir%20las%20expectativas%20de%20la%20gente%20que%20confi%C3%B3%20en%20nosotros%E2%80%9D&#038;url=https:\/\/radiorevelacionfm.cl\/?p=5780' aria-hidden='false' data-av_icon='\ue8fc' data-av_iconfont='entypo-fontello' title='' data-avia-related-tooltip='Compartir en LinkedIn' rel=\"noopener\"><span class='avia_hidden_link_text'>Compartir en LinkedIn<\/span><\/a><\/li><li class='av-share-link av-social-link-mail' ><a  aria-label=\"Compartir por correo\" href='mailto:?subject=Alcalde%20de%20Guaitecas%20%E2%80%9Cdebemos%20poner%20acelerador%20y%20cumplir%20las%20expectativas%20de%20la%20gente%20que%20confi%C3%B3%20en%20nosotros%E2%80%9D&#038;body=https:\/\/radiorevelacionfm.cl\/?p=5780' aria-hidden='false' data-av_icon='\ue805' data-av_iconfont='entypo-fontello' title='' data-avia-related-tooltip='Compartir por correo'><span class='avia_hidden_link_text'>Compartir por correo<\/span><\/a><\/li><\/ul><\/div><\/div>\n<div  style='height:50px' class='hr hr-invisible   avia-builder-el-8  el_after_av_social_share  el_before_av_comments_list '><span class='hr-inner ' ><span class='hr-inner-style'><\/span><\/span><\/div>\n<div  class='av-buildercomment  av-blog-meta-html-info-disabled av-blog-meta-tag-disabled  '><\/div>\n","protected":false},"excerpt":{"rendered":"","protected":false},"author":1,"featured_media":5781,"comment_status":"open","ping_status":"open","sticky":false,"template":"","format":"standard","meta":{"footnotes":""},"categories":[38],"tags":[],"class_list":["post-5780","post","type-post","status-publish","format-standard","has-post-thumbnail","hentry","category-regional"],"jetpack_featured_media_url":"https:\/\/radiorevelacionfm.cl\/wp-content\/uploads\/2021\/06\/GUAITECAS-2-1-1.jpg","_links":{"self":[{"href":"https:\/\/radiorevelacionfm.cl\/index.php?rest_route=\/wp\/v2\/posts\/5780","targetHints":{"allow":["GET"]}}],"collection":[{"href":"https:\/\/radiorevelacionfm.cl\/index.php?rest_route=\/wp\/v2\/posts"}],"about":[{"href":"https:\/\/radiorevelacionfm.cl\/index.php?rest_route=\/wp\/v2\/types\/post"}],"author":[{"embeddable":true,"href":"https:\/\/radiorevelacionfm.cl\/index.php?rest_route=\/wp\/v2\/users\/1"}],"replies":[{"embeddable":true,"href":"https:\/\/radiorevelacionfm.cl\/index.php?rest_route=%2Fwp%2Fv2%2Fcomments&post=5780"}],"version-history":[{"count":1,"href":"https:\/\/radiorevelacionfm.cl\/index.php?rest_route=\/wp\/v2\/posts\/5780\/revisions"}],"predecessor-version":[{"id":5782,"href":"https:\/\/radiorevelacionfm.cl\/index.php?rest_route=\/wp\/v2\/posts\/5780\/revisions\/5782"}],"wp:featuredmedia":[{"embeddable":true,"href":"https:\/\/radiorevelacionfm.cl\/index.php?rest_route=\/wp\/v2\/media\/5781"}],"wp:attachment":[{"href":"https:\/\/radiorevelacionfm.cl\/index.php?rest_route=%2Fwp%2Fv2%2Fmedia&parent=5780"}],"wp:term":[{"taxonomy":"category","embeddable":true,"href":"https:\/\/radiorevelacionfm.cl\/index.php?rest_route=%2Fwp%2Fv2%2Fcategories&post=5780"},{"taxonomy":"post_tag","embeddable":true,"href":"https:\/\/radiorevelacionfm.cl\/index.php?rest_route=%2Fwp%2Fv2%2Ftags&post=5780"}],"curies":[{"name":"wp","href":"https:\/\/api.w.org\/{rel}","templated":true}]}}