{"id":57794,"date":"2025-08-14T22:28:24","date_gmt":"2025-08-15T01:28:24","guid":{"rendered":"https:\/\/radiorevelacionfm.cl\/?p=57794"},"modified":"2025-08-14T22:28:24","modified_gmt":"2025-08-15T01:28:24","slug":"gabinete-de-trabajo-y-prevision-social-sesiona-en-puerto-aysen-reforzando-temas-laborales-reforma-de-pensiones-y-exposicion-al-frio-de-trabajadores","status":"publish","type":"post","link":"https:\/\/radiorevelacionfm.cl\/?p=57794","title":{"rendered":"Gabinete de Trabajo y Previsi\u00f3n Social sesiona en Puerto Ays\u00e9n reforzando temas laborales, reforma de pensiones y exposici\u00f3n al fr\u00edo de trabajadores"},"content":{"rendered":"<div class=\"flex_column av_one_full  flex_column_div av-zero-column-padding first  avia-builder-el-0  el_before_av_one_full  avia-builder-el-first  \" style='border-radius:0px; '><div  class='avia-image-container  av-styling-    avia-builder-el-1  avia-builder-el-no-sibling  avia-align-center '  itemprop=\"image\" itemscope=\"itemscope\" itemtype=\"https:\/\/schema.org\/ImageObject\"  ><div class='avia-image-container-inner'><div class='avia-image-overlay-wrap'><img decoding=\"async\" class='wp-image-57795 avia-img-lazy-loading-not-57795 avia_image' src=\"https:\/\/radiorevelacionfm.cl\/wp-content\/uploads\/2025\/08\/gabinetemintrabaysensectorial_dppaysen-7-1_optimized.jpeg\" alt='' title='gabinetemintrabaysensectorial_dppaysen-(7)-(1)_optimized' height=\"600\" width=\"800\"  itemprop=\"thumbnailUrl\" srcset=\"https:\/\/radiorevelacionfm.cl\/wp-content\/uploads\/2025\/08\/gabinetemintrabaysensectorial_dppaysen-7-1_optimized.jpeg 800w, https:\/\/radiorevelacionfm.cl\/wp-content\/uploads\/2025\/08\/gabinetemintrabaysensectorial_dppaysen-7-1_optimized-300x225.jpeg 300w, https:\/\/radiorevelacionfm.cl\/wp-content\/uploads\/2025\/08\/gabinetemintrabaysensectorial_dppaysen-7-1_optimized-768x576.jpeg 768w, https:\/\/radiorevelacionfm.cl\/wp-content\/uploads\/2025\/08\/gabinetemintrabaysensectorial_dppaysen-7-1_optimized-705x529.jpeg 705w, https:\/\/radiorevelacionfm.cl\/wp-content\/uploads\/2025\/08\/gabinetemintrabaysensectorial_dppaysen-7-1_optimized-450x338.jpeg 450w, https:\/\/radiorevelacionfm.cl\/wp-content\/uploads\/2025\/08\/gabinetemintrabaysensectorial_dppaysen-7-1_optimized-600x450.jpeg 600w\" sizes=\"(max-width: 800px) 100vw, 800px\" \/><\/div><\/div><\/div><\/div><div class=\"flex_column av_one_full  flex_column_div av-zero-column-padding first  avia-builder-el-2  el_after_av_one_full  el_before_av_one_full  column-top-margin\" style='border-radius:0px; '><section class=\"av_textblock_section \"  itemscope=\"itemscope\" itemtype=\"https:\/\/schema.org\/BlogPosting\" itemprop=\"blogPost\" ><div class='avia_textblock  '   itemprop=\"text\" ><h2 class=\"title\" style=\"text-align: center;\"><\/h2>\n<p style=\"text-align: center;\"><span style=\"font-size: 18pt;\"><b>Gabinete de Trabajo y Previsi\u00f3n Social sesiona en Puerto Ays\u00e9n reforzando temas laborales, reforma de pensiones y exposici\u00f3n al fr\u00edo de trabajadores<\/b><\/span><\/p>\n<div id=\"gtx-trans\" style=\"position: absolute; left: -50px; top: 4.31534px;\">\n<div class=\"gtx-trans-icon\"><\/div>\n<\/div>\n<\/div><\/section><\/div><div class=\"flex_column av_one_full  flex_column_div av-zero-column-padding first  avia-builder-el-4  el_after_av_one_full  el_before_av_hr  column-top-margin\" style='border-radius:0px; '><section class=\"av_textblock_section \"  itemscope=\"itemscope\" itemtype=\"https:\/\/schema.org\/BlogPosting\" itemprop=\"blogPost\" ><div class='avia_textblock  '   itemprop=\"text\" ><p style=\"font-weight: 400; text-align: justify;\"><em>Junto al delegado presidencial provincial se analizaron temas propios de la provincia, se visit\u00f3 una empresa para apoyar la difusi\u00f3n de la Campa\u00f1a de prevenci\u00f3n para trabajadores ante bajas temperaturas, difusi\u00f3n de la Reforma de Pensiones y aumento del pago de cotizaciones, fiscalizaciones, entre otros. \u00a0<\/em><\/p>\n<p style=\"font-weight: 400; text-align: justify;\">Con el prop\u00f3sito de reforzar los temas de la Seremi de Trabajo y Previsi\u00f3n Social, en terreno, junto al Delegado Presidencial Provincial de Ays\u00e9n, Rodrigo Moreno Rivera, la cartera de la Regi\u00f3n de Ays\u00e9n se traslad\u00f3 a Puerto Ays\u00e9n, sosteniendo una extensa reuni\u00f3n liderada por Moreno, participando el Seremi(s) Christian Aros Troncoso y director regional de la Direcci\u00f3n del Trabajo; los directores regionales Rodrigo D\u00edaz Cordaro, del Instituto de Previsi\u00f3n Social, IPS ChileAtiende y Nelson Garrido Morales, del Servicio Nacional de Capacitaci\u00f3n y Empleo, Sence, adem\u00e1s de Jos\u00e9 Miranda Barrientos, representante del Instituto de Seguridad Laboral, ISL, en la provincia.<\/p>\n<p style=\"font-weight: 400; text-align: justify;\">De este modo lo manifest\u00f3 el delegado presidencial provincial, \u201cHemos tenido una visita muy fruct\u00edfera de la cartera de Trabajo y Previsi\u00f3n Social, con su subrogante Christian Aros, pudimos tener la presencia de los servicios como el IPS, el ISL, Sence y la obviamente la Direcci\u00f3n del Trabajo. En conjunto hemos podido conversar respecto a los temas laborales que se nos afrontan en la provincia tambi\u00e9n ellos nos han contado en qu\u00e9 se encuentran trabajando, como los cursos que est\u00e1n haciendo a nivel regional, enfocados tambi\u00e9n en la provincia, como lo hace Sence, y as\u00ed tambi\u00e9n el trabajo que est\u00e1 haciendo el IPS instalando atenciones virtuales de informaci\u00f3n, necesarias en todas las localidades que as\u00ed lo est\u00e1n requiriendo en conjunto con las distintas municipalidades\u201d, mencion\u00f3 Moreno Rivera.<\/p>\n<p style=\"font-weight: 400; text-align: justify;\">El Seremi(s) del Trabajo y Previsi\u00f3n Social, Christian Aros, detall\u00f3 \u00a0algunos de los temas abordados durante esta jornada \u201cAdem\u00e1s de las reuniones que sostuvimos en la Delegaci\u00f3n Presidencial Provincial de Ays\u00e9n durante la ma\u00f1ana, vinimos tambi\u00e9n a visitar a la empresa Canona como parte de nuestro despliegue y en terreno, para dar a conocer el programa Bajo Cero del ISL, el programa de fiscalizaci\u00f3n de Fr\u00edo de la Direcci\u00f3n del Trabajo y adem\u00e1s, la Reforma de Pensiones que cumple su segundo hito este mes de agosto con el pago del primer 1% por parte de los empleadores, el cual se tiene que hacer efectivo hasta el 13 de septiembre. Estamos tambi\u00e9n realizando coordinaciones con la delegaci\u00f3n provincial para poder fiscalizar el sector mar\u00edtimo, para ir en atenci\u00f3n tambi\u00e9n de las comunidades como Islas Huichas, Ra\u00fal Mar\u00edn Balmaceda con respecto a lo que tiene que ver con los cursos de capacitaci\u00f3n del Sence y tambi\u00e9n de nuestros servicios como son el ISL, el IPS y la Direcci\u00f3n Del Trabajo\u201d.<\/p>\n<p style=\"font-weight: 400; text-align: justify;\">En el mismo tenor, el delegado presidencial provincial a\u00f1adi\u00f3, \u201cestamos ac\u00e1 en una empresa constructora, dando la informaci\u00f3n necesaria para que se sumen y se adhieran a la Campa\u00f1a Bajo Cero que el ISL nos presenta, as\u00ed que muy contentos, muy motivados. Tenemos una agenda de trabajo ya programada y esperamos que podamos llevarla a cabo lo m\u00e1s r\u00e1pido posible. En esta mesa vamos a coordinar un trabajo en conjunto con la Seremi del Trabajo para invitar al Observatorio Laboral a que nos d\u00e9 algunas cifras que necesitamos que est\u00e9n m\u00e1s depuradas con respecto a algunas localidades, para ver c\u00f3mo como cartera podemos afrontar situaciones que tienen que ver precisamente con los temas laborales, as\u00ed que muy contentos de esta visita, agradecerles a todos sus directores y a todos los servicios por estar hoy d\u00eda ac\u00e1 en conjunto con la delegaci\u00f3n\u201d, afirmo Rodrigo Moreno.<\/p>\n<p style=\"font-weight: 400; text-align: justify;\">Esta sesi\u00f3n del gabinete de Trabajo y Previsi\u00f3n Social en los territorios liderados por el delegado y la autoridad sectorial, se espera repetir prontamente en las provincias de Capit\u00e1n Prat y de General Carrera, idea plasmada por la Seremi titular Camila Covarrubias y proyectada junto a cada delegado presidencial provincial, para estar en terreno analizando los temas atingentes a cada una de las provincias.<\/p>\n<p style=\"font-weight: 400; text-align: justify;\"><strong><u>Exposici\u00f3n a Bajas Temperaturas<\/u><\/strong><\/p>\n<p style=\"font-weight: 400; text-align: justify;\">Ante las bajas temperatura existentes en esta \u00e9poca en la Regi\u00f3n de Ays\u00e9n, el Instituto de Seguridad laboral, ISL, impulsa su campa\u00f1a Bajo Cero en toda la regi\u00f3n, donde se busca prevenir la ocurrencia de accidentes del trabajo, trayecto y enfermedades profesionales de trabajadores y trabajadoras que desempe\u00f1an su labor, ya sea en forma dependiente (con contrato de trabajo) o de manera independiente (honorarios o por cuenta propia) en los centros o \u00e1reas de trabajo con exposici\u00f3n al fr\u00edo, identificando los factores de riesgo que inciden y forman parte de las causas de accidentes laborales en las tres regiones m\u00e1s australes del pa\u00eds en temporada de oto\u00f1o &#8211; invierno.\u00a0De este modo, se realiza una charla de prevenci\u00f3n, se entrega material informativo y elementos de protecci\u00f3n personal a las empresas adheridas al ISL, el cual consiste en un mug, lonchera, balaclava, calcetas t\u00e9rmicas para botas y crampones.<\/p>\n<p style=\"font-weight: 400; text-align: justify;\">El representante de Canona, quienes tienen materiales de construcci\u00f3n, ferreter\u00eda y empresa de Transportes, Carlos Felipe soto Salas, agradeci\u00f3 la visita y la informaci\u00f3n entregada, tanto por la prevenci\u00f3n de la exposici\u00f3n al fr\u00edo por parte de los trabajadores y trabajadoras, como por la Reforma de Pensiones y el aumento de la cotizaci\u00f3n, \u201cEstoy muy contento porque se dan estas iniciativas donde las autoridades nos vienen a visitar ac\u00e1 a Ferreter\u00eda Canona y al \u00e1rea de transportes, para poder concientizar sobre el tema de la exposici\u00f3n Bajo Cero, donde dan a conocer y se acercan a los trabajadores a explicar y que tengan conciencia y cuidado en estas \u00e9pocas tan heladas. Aqu\u00ed tambi\u00e9n en Canona estamos preocupados del tema del fr\u00edo y por eso tambi\u00e9n tenemos ropa especializada para esta \u00e9poca\u201d.<\/p>\n<p style=\"font-weight: 400; text-align: justify;\">A su vez, la Direcci\u00f3n del Trabajo, en estas instancias recuerda a los empleadores cuyos trabajadores y trabajadoras laboran expuestos al fr\u00edo y\/o en la intemperie a que adopten todas las medidas legales de protecci\u00f3n para resguardar su salud, ya que es su deber seg\u00fan est\u00e1 tipificado en el art\u00edculo 184 del C\u00f3digo del Trabajo, el cual establece que \u00abel empleador estar\u00e1 obligado a tomar todas las medidas necesarias para proteger eficazmente la vida y salud de los trabajadores, informando de los posibles riesgos y manteniendo las condiciones adecuadas de higiene y seguridad en las faenas, como tambi\u00e9n los implementos necesarios para prevenir accidentes y enfermedades profesionales\u00bb. En este sentido, por ejemplo, est\u00e1 la entrega de elementos de protecci\u00f3n adecuados, como ropa de protecci\u00f3n contra el fr\u00edo que podr\u00eda corresponder a pantal\u00f3n, parka y gorro, o un sistema integrado tipo overol, confeccionado en tela para otorgar aislamiento t\u00e9rmico (tales como algodones, poli\u00e9ster, etc.). Algunos de los trabajadores expuestos a estas bajas temperaturas son quienes laboran en expendio de combustible, en parques y jardines, recolecci\u00f3n de residuos domiciliarios, obras de construcci\u00f3n, frigor\u00edficos, entre otros.<\/p>\n<p style=\"font-weight: 400; text-align: justify;\"><strong><u>Implementaci\u00f3n de la Reforma de Pensiones<\/u><\/strong><\/p>\n<p style=\"font-weight: 400; text-align: justify;\">Durante la jornada tambi\u00e9n se profundiz\u00f3 con el delegado presidencial la implementaci\u00f3n de la Reforma de Pensiones en la provincia, haciendo \u00e9nfasis en los hitos pr\u00f3ximos de la iniciativa, es decir, el aumento de las cotizaciones en un 1% por parte de los empleadores correspondientes a la remuneraci\u00f3n del mes de agosto para todas las personas que trabajan, la cual se debe pagar hasta el 13 de septiembre de 2025.<\/p>\n<p style=\"font-weight: 400; text-align: justify;\">Para difundir este tema, la reforma en general y el aumento de la Pensi\u00f3n Garantizada Universal, PGU, a partir de septiembre, las autoridades realizaron un volanteo en el centro de la ciudad y en el hospital, conversando con las personas y aclarando dudas.<\/p>\n<p style=\"font-weight: 400; text-align: justify;\">Cabe mencionar que la PGU aumentar\u00e1 en septiembre para todas las personas pensionadas de m\u00e1s de 82 a\u00f1os, incluyendo a quienes son pensionados por las leyes reparatorias \u2013 Rettig, Valech y exonerados- quienes deben postular en\u00a0<a href=\"http:\/\/www.chileatiende.cl\/\" data-saferedirecturl=\"https:\/\/www.google.com\/url?q=http:\/\/www.chileatiende.cl&amp;source=gmail&amp;ust=1755306240468000&amp;usg=AOvVaw0SmOUgenV6uNXfTuZIo4Fb\">www.chileatiende.cl<\/a>\u00a0o en las sucursales del IPS ChileAtiende, ya que se les incluir\u00e1 por primera vez en este beneficio. Quienes tienen m\u00e1s de 82 a\u00f1os y ya reciben la PGU, no deben realizar ning\u00fan tr\u00e1mite extra, ya que el aumento ser\u00e1 autom\u00e1tico en el pago de su pensi\u00f3n.<\/p>\n<p style=\"font-weight: 400; text-align: justify;\">Para mayor informaci\u00f3n, se pueden revisar los sitios web\u00a0<a href=\"http:\/\/www.lareformadpensiones.cl\/\" data-saferedirecturl=\"https:\/\/www.google.com\/url?q=http:\/\/www.lareformadpensiones.cl&amp;source=gmail&amp;ust=1755306240468000&amp;usg=AOvVaw3Tg2TCnl9JB-IzdIFallsn\">www.lareformadpensiones.cl<\/a>\u00a0y\u00a0<a href=\"http:\/\/www.chileatiende.cl\/\" data-saferedirecturl=\"https:\/\/www.google.com\/url?q=http:\/\/www.chileatiende.cl&amp;source=gmail&amp;ust=1755306240468000&amp;usg=AOvVaw0SmOUgenV6uNXfTuZIo4Fb\">www.chileatiende.cl<\/a>.<\/p>\n<\/div><\/section><\/div><div  style='height:50px' class='hr hr-invisible   avia-builder-el-6  el_after_av_one_full  el_before_av_social_share '><span class='hr-inner ' ><span class='hr-inner-style'><\/span><\/span><\/div><\/p>\n<div  class='av-social-sharing-box  avia-builder-el-7  el_after_av_hr  el_before_av_hr  '><div class='av-share-box'><h5 class='av-share-link-description av-no-toc '>Compartir esta noticia<\/h5><ul class='av-share-box-list noLightbox'><li class='av-share-link av-social-link-facebook' ><a target=\"_blank\" aria-label=\"Compartir en Facebook\" href='https:\/\/www.facebook.com\/sharer.php?u=https:\/\/radiorevelacionfm.cl\/?p=57794&#038;t=Gabinete%20de%20Trabajo%20y%20Previsi%C3%B3n%20Social%20sesiona%20en%20Puerto%20Ays%C3%A9n%20reforzando%20temas%20laborales%2C%20reforma%20de%20pensiones%20y%20exposici%C3%B3n%20al%20fr%C3%ADo%20de%20trabajadores' aria-hidden='false' data-av_icon='\ue8f3' data-av_iconfont='entypo-fontello' title='' data-avia-related-tooltip='Compartir en Facebook' rel=\"noopener\"><span class='avia_hidden_link_text'>Compartir en Facebook<\/span><\/a><\/li><li class='av-share-link av-social-link-twitter' ><a target=\"_blank\" aria-label=\"Compartir en Twitter\" href='https:\/\/twitter.com\/share?text=Gabinete%20de%20Trabajo%20y%20Previsi%C3%B3n%20Social%20sesiona%20en%20Puerto%20Ays%C3%A9n%20reforzando%20temas%20laborales%2C%20reforma%20de%20pensiones%20y%20exposici%C3%B3n%20al%20fr%C3%ADo%20de%20trabajadores&#038;url=https:\/\/radiorevelacionfm.cl\/?p=57794' aria-hidden='false' data-av_icon='\ue8f1' data-av_iconfont='entypo-fontello' title='' data-avia-related-tooltip='Compartir en Twitter' rel=\"noopener\"><span class='avia_hidden_link_text'>Compartir en Twitter<\/span><\/a><\/li><li class='av-share-link av-social-link-whatsapp' ><a target=\"_blank\" aria-label=\"Compartir en Whatsapp\" href='https:\/\/api.whatsapp.com\/send?text=https:\/\/radiorevelacionfm.cl\/?p=57794' aria-hidden='false' data-av_icon='\uf232' data-av_iconfont='entypo-fontello' title='' data-avia-related-tooltip='Compartir en Whatsapp' rel=\"noopener\"><span class='avia_hidden_link_text'>Compartir en Whatsapp<\/span><\/a><\/li><li class='av-share-link av-social-link-linkedin' ><a target=\"_blank\" aria-label=\"Compartir en LinkedIn\" href='https:\/\/linkedin.com\/shareArticle?mini=true&#038;title=Gabinete%20de%20Trabajo%20y%20Previsi%C3%B3n%20Social%20sesiona%20en%20Puerto%20Ays%C3%A9n%20reforzando%20temas%20laborales%2C%20reforma%20de%20pensiones%20y%20exposici%C3%B3n%20al%20fr%C3%ADo%20de%20trabajadores&#038;url=https:\/\/radiorevelacionfm.cl\/?p=57794' aria-hidden='false' data-av_icon='\ue8fc' data-av_iconfont='entypo-fontello' title='' data-avia-related-tooltip='Compartir en LinkedIn' rel=\"noopener\"><span class='avia_hidden_link_text'>Compartir en LinkedIn<\/span><\/a><\/li><li class='av-share-link av-social-link-mail' ><a  aria-label=\"Compartir por correo\" href='mailto:?subject=Gabinete%20de%20Trabajo%20y%20Previsi%C3%B3n%20Social%20sesiona%20en%20Puerto%20Ays%C3%A9n%20reforzando%20temas%20laborales%2C%20reforma%20de%20pensiones%20y%20exposici%C3%B3n%20al%20fr%C3%ADo%20de%20trabajadores&#038;body=https:\/\/radiorevelacionfm.cl\/?p=57794' aria-hidden='false' data-av_icon='\ue805' data-av_iconfont='entypo-fontello' title='' data-avia-related-tooltip='Compartir por correo'><span class='avia_hidden_link_text'>Compartir por correo<\/span><\/a><\/li><\/ul><\/div><\/div>\n<div  style='height:50px' class='hr hr-invisible   avia-builder-el-8  el_after_av_social_share  el_before_av_comments_list '><span class='hr-inner ' ><span class='hr-inner-style'><\/span><\/span><\/div>\n<div  class='av-buildercomment  av-blog-meta-html-info-disabled av-blog-meta-tag-disabled  '><\/div>\n","protected":false},"excerpt":{"rendered":"","protected":false},"author":1,"featured_media":57795,"comment_status":"closed","ping_status":"closed","sticky":false,"template":"","format":"standard","meta":{"footnotes":""},"categories":[56],"tags":[],"class_list":["post-57794","post","type-post","status-publish","format-standard","has-post-thumbnail","hentry","category-trabajo"],"jetpack_featured_media_url":"https:\/\/radiorevelacionfm.cl\/wp-content\/uploads\/2025\/08\/gabinetemintrabaysensectorial_dppaysen-7-1_optimized.jpeg","_links":{"self":[{"href":"https:\/\/radiorevelacionfm.cl\/index.php?rest_route=\/wp\/v2\/posts\/57794","targetHints":{"allow":["GET"]}}],"collection":[{"href":"https:\/\/radiorevelacionfm.cl\/index.php?rest_route=\/wp\/v2\/posts"}],"about":[{"href":"https:\/\/radiorevelacionfm.cl\/index.php?rest_route=\/wp\/v2\/types\/post"}],"author":[{"embeddable":true,"href":"https:\/\/radiorevelacionfm.cl\/index.php?rest_route=\/wp\/v2\/users\/1"}],"replies":[{"embeddable":true,"href":"https:\/\/radiorevelacionfm.cl\/index.php?rest_route=%2Fwp%2Fv2%2Fcomments&post=57794"}],"version-history":[{"count":2,"href":"https:\/\/radiorevelacionfm.cl\/index.php?rest_route=\/wp\/v2\/posts\/57794\/revisions"}],"predecessor-version":[{"id":57797,"href":"https:\/\/radiorevelacionfm.cl\/index.php?rest_route=\/wp\/v2\/posts\/57794\/revisions\/57797"}],"wp:featuredmedia":[{"embeddable":true,"href":"https:\/\/radiorevelacionfm.cl\/index.php?rest_route=\/wp\/v2\/media\/57795"}],"wp:attachment":[{"href":"https:\/\/radiorevelacionfm.cl\/index.php?rest_route=%2Fwp%2Fv2%2Fmedia&parent=57794"}],"wp:term":[{"taxonomy":"category","embeddable":true,"href":"https:\/\/radiorevelacionfm.cl\/index.php?rest_route=%2Fwp%2Fv2%2Fcategories&post=57794"},{"taxonomy":"post_tag","embeddable":true,"href":"https:\/\/radiorevelacionfm.cl\/index.php?rest_route=%2Fwp%2Fv2%2Ftags&post=57794"}],"curies":[{"name":"wp","href":"https:\/\/api.w.org\/{rel}","templated":true}]}}