{"id":57778,"date":"2025-08-14T13:27:00","date_gmt":"2025-08-14T16:27:00","guid":{"rendered":"https:\/\/radiorevelacionfm.cl\/?p=57778"},"modified":"2025-08-14T13:27:00","modified_gmt":"2025-08-14T16:27:00","slug":"en-prision-preventiva-imputados-que-agredieron-a-carabineros-en-raul-marin-balmaceda","status":"publish","type":"post","link":"https:\/\/radiorevelacionfm.cl\/?p=57778","title":{"rendered":"En prisi\u00f3n preventiva imputados que agredieron a Carabineros en Ra\u00fal Mar\u00edn Balmaceda"},"content":{"rendered":"<div class=\"flex_column av_one_full  flex_column_div av-zero-column-padding first  avia-builder-el-0  el_before_av_one_full  avia-builder-el-first  \" style='border-radius:0px; '><div  class='avia-image-container  av-styling-    avia-builder-el-1  avia-builder-el-no-sibling  avia-align-center '  itemprop=\"image\" itemscope=\"itemscope\" itemtype=\"https:\/\/schema.org\/ImageObject\"  ><div class='avia-image-container-inner'><div class='avia-image-overlay-wrap'><img decoding=\"async\" class='wp-image-57779 avia-img-lazy-loading-not-57779 avia_image' src=\"https:\/\/radiorevelacionfm.cl\/wp-content\/uploads\/2025\/08\/Carabineros-Raul-Marin-Balmaceda-1-1.jpg\" alt='' title='Carabineros Raul Marin Balmaceda (1) (1)' height=\"635\" width=\"802\"  itemprop=\"thumbnailUrl\" srcset=\"https:\/\/radiorevelacionfm.cl\/wp-content\/uploads\/2025\/08\/Carabineros-Raul-Marin-Balmaceda-1-1.jpg 802w, https:\/\/radiorevelacionfm.cl\/wp-content\/uploads\/2025\/08\/Carabineros-Raul-Marin-Balmaceda-1-1-300x238.jpg 300w, https:\/\/radiorevelacionfm.cl\/wp-content\/uploads\/2025\/08\/Carabineros-Raul-Marin-Balmaceda-1-1-768x608.jpg 768w, https:\/\/radiorevelacionfm.cl\/wp-content\/uploads\/2025\/08\/Carabineros-Raul-Marin-Balmaceda-1-1-705x558.jpg 705w, https:\/\/radiorevelacionfm.cl\/wp-content\/uploads\/2025\/08\/Carabineros-Raul-Marin-Balmaceda-1-1-450x356.jpg 450w, https:\/\/radiorevelacionfm.cl\/wp-content\/uploads\/2025\/08\/Carabineros-Raul-Marin-Balmaceda-1-1-600x475.jpg 600w\" sizes=\"(max-width: 802px) 100vw, 802px\" \/><\/div><\/div><\/div><\/div><div class=\"flex_column av_one_full  flex_column_div av-zero-column-padding first  avia-builder-el-2  el_after_av_one_full  el_before_av_one_full  column-top-margin\" style='border-radius:0px; '><section class=\"av_textblock_section \"  itemscope=\"itemscope\" itemtype=\"https:\/\/schema.org\/BlogPosting\" itemprop=\"blogPost\" ><div class='avia_textblock  '   itemprop=\"text\" ><p style=\"text-align: center;\"><span style=\"font-size: 18pt;\"><b>En prisi\u00f3n preventiva imputados que agredieron a Carabineros en Ra\u00fal Mar\u00edn Balmaceda<\/b><\/span><\/p>\n<div id=\"gtx-trans\" style=\"position: absolute; left: -50px; top: 4.31534px;\">\n<div class=\"gtx-trans-icon\"><\/div>\n<\/div>\n<\/div><\/section><\/div><div class=\"flex_column av_one_full  flex_column_div av-zero-column-padding first  avia-builder-el-4  el_after_av_one_full  el_before_av_hr  column-top-margin\" style='border-radius:0px; '><section class=\"av_textblock_section \"  itemscope=\"itemscope\" itemtype=\"https:\/\/schema.org\/BlogPosting\" itemprop=\"blogPost\" ><div class='avia_textblock  '   itemprop=\"text\" ><p style=\"font-weight: 400; text-align: justify;\">El Juzgado de Garant\u00eda dispuso un plazo de investigaci\u00f3n de 60 d\u00edas.<\/p>\n<p style=\"font-weight: 400; text-align: justify;\">La Fiscal\u00eda Local de Ays\u00e9n-Cisnes formaliz\u00f3 una investigaci\u00f3n en contra de dos imputados de 38 y 26 a\u00f1os, hombre y mujer respectivamente, como autores del delito de maltrato de obra a Carabineros con resultado de lesiones, hecho ocurrido la madrugada del martes 12 de agosto, en la localidad de Ra\u00fal Mar\u00edn Balmaceda, sector norte de la Regi\u00f3n de Ays\u00e9n.<\/p>\n<p style=\"font-weight: 400; text-align: justify;\">Seg\u00fan explic\u00f3 el Fiscal Adjunto, \u00c1lex Olivero N\u00fa\u00f1ez, \u201cen horas de la madrugada, se suscita un procedimiento en Ra\u00fal Mar\u00edn Balmaceda. Primeramente, una persona civil es agredida por otro, ambos mayores de edad y sexo masculino. La v\u00edctima concurre a Carabineros a denunciar los hechos\u201d.<\/p>\n<p style=\"font-weight: 400; text-align: justify;\">El Fiscal Olivero a\u00f1adi\u00f3 que \u201cante esa denuncia, Carabineros concurre hasta este domicilio. Ubican al imputado, proceden a reducirlo para efectos de su detenci\u00f3n y en ese minuto interviene una mujer que estaba en el lugar y primeramente el hombre agrede de un cabezazo a un funcionario de Carabineros\u201d.<\/p>\n<p style=\"font-weight: 400; text-align: justify;\">El persecutor penal agreg\u00f3 que \u201cen seguida, la mujer agrede apret\u00e1ndole los test\u00edculos a uno de los Carabineros, forcejeando con \u00e9ste. Interviene otro Carabinero en defensa de su compa\u00f1ero, quien es agredido tambi\u00e9n con un golpe de pu\u00f1o por parte de la mujer\u201d.<\/p>\n<p style=\"font-weight: 400; text-align: justify;\">El fiscal Alex Olivero detall\u00f3 que \u201cen definitiva, son ambos detenidos. Se presentan a audiencia de control de detenci\u00f3n, se declara legal la detenci\u00f3n, es decir, ajustada a derecho y posteriormente se formaliza por el delito de maltrato de obra a Carabineros con resultado de lesiones y en definitiva, el Tribunal de Garant\u00eda de Puerto Cisnes dispuso la medida cautelar de prisi\u00f3n preventiva y un plazo de investigaci\u00f3n de 60 d\u00edas\u201d.<\/p>\n<p style=\"font-weight: 400; text-align: justify;\">Los imputados fueron trasladados por personal de Gendarmer\u00eda hasta el Complejo Penitenciario de Puerto Ays\u00e9n, a fin de cumplir con la medida cautelar impuesta por el Juzgado de Garant\u00eda.<\/p>\n<\/div><\/section><\/div><div  style='height:50px' class='hr hr-invisible   avia-builder-el-6  el_after_av_one_full  el_before_av_social_share '><span class='hr-inner ' ><span class='hr-inner-style'><\/span><\/span><\/div><\/p>\n<div  class='av-social-sharing-box  avia-builder-el-7  el_after_av_hr  el_before_av_hr  '><div class='av-share-box'><h5 class='av-share-link-description av-no-toc '>Compartir esta noticia<\/h5><ul class='av-share-box-list noLightbox'><li class='av-share-link av-social-link-facebook' ><a target=\"_blank\" aria-label=\"Compartir en Facebook\" href='https:\/\/www.facebook.com\/sharer.php?u=https:\/\/radiorevelacionfm.cl\/?p=57778&#038;t=En%20prisi%C3%B3n%20preventiva%20imputados%20que%20agredieron%20a%20Carabineros%20en%20Ra%C3%BAl%20Mar%C3%ADn%20Balmaceda' aria-hidden='false' data-av_icon='\ue8f3' data-av_iconfont='entypo-fontello' title='' data-avia-related-tooltip='Compartir en Facebook' rel=\"noopener\"><span class='avia_hidden_link_text'>Compartir en Facebook<\/span><\/a><\/li><li class='av-share-link av-social-link-twitter' ><a target=\"_blank\" aria-label=\"Compartir en Twitter\" href='https:\/\/twitter.com\/share?text=En%20prisi%C3%B3n%20preventiva%20imputados%20que%20agredieron%20a%20Carabineros%20en%20Ra%C3%BAl%20Mar%C3%ADn%20Balmaceda&#038;url=https:\/\/radiorevelacionfm.cl\/?p=57778' aria-hidden='false' data-av_icon='\ue8f1' data-av_iconfont='entypo-fontello' title='' data-avia-related-tooltip='Compartir en Twitter' rel=\"noopener\"><span class='avia_hidden_link_text'>Compartir en Twitter<\/span><\/a><\/li><li class='av-share-link av-social-link-whatsapp' ><a target=\"_blank\" aria-label=\"Compartir en Whatsapp\" href='https:\/\/api.whatsapp.com\/send?text=https:\/\/radiorevelacionfm.cl\/?p=57778' aria-hidden='false' data-av_icon='\uf232' data-av_iconfont='entypo-fontello' title='' data-avia-related-tooltip='Compartir en Whatsapp' rel=\"noopener\"><span class='avia_hidden_link_text'>Compartir en Whatsapp<\/span><\/a><\/li><li class='av-share-link av-social-link-linkedin' ><a target=\"_blank\" aria-label=\"Compartir en LinkedIn\" href='https:\/\/linkedin.com\/shareArticle?mini=true&#038;title=En%20prisi%C3%B3n%20preventiva%20imputados%20que%20agredieron%20a%20Carabineros%20en%20Ra%C3%BAl%20Mar%C3%ADn%20Balmaceda&#038;url=https:\/\/radiorevelacionfm.cl\/?p=57778' aria-hidden='false' data-av_icon='\ue8fc' data-av_iconfont='entypo-fontello' title='' data-avia-related-tooltip='Compartir en LinkedIn' rel=\"noopener\"><span class='avia_hidden_link_text'>Compartir en LinkedIn<\/span><\/a><\/li><li class='av-share-link av-social-link-mail' ><a  aria-label=\"Compartir por correo\" href='mailto:?subject=En%20prisi%C3%B3n%20preventiva%20imputados%20que%20agredieron%20a%20Carabineros%20en%20Ra%C3%BAl%20Mar%C3%ADn%20Balmaceda&#038;body=https:\/\/radiorevelacionfm.cl\/?p=57778' aria-hidden='false' data-av_icon='\ue805' data-av_iconfont='entypo-fontello' title='' data-avia-related-tooltip='Compartir por correo'><span class='avia_hidden_link_text'>Compartir por correo<\/span><\/a><\/li><\/ul><\/div><\/div>\n<div  style='height:50px' class='hr hr-invisible   avia-builder-el-8  el_after_av_social_share  el_before_av_comments_list '><span class='hr-inner ' ><span class='hr-inner-style'><\/span><\/span><\/div>\n<div  class='av-buildercomment  av-blog-meta-html-info-disabled av-blog-meta-tag-disabled  '><\/div>\n","protected":false},"excerpt":{"rendered":"","protected":false},"author":1,"featured_media":57779,"comment_status":"closed","ping_status":"closed","sticky":false,"template":"","format":"standard","meta":{"footnotes":""},"categories":[36],"tags":[],"class_list":["post-57778","post","type-post","status-publish","format-standard","has-post-thumbnail","hentry","category-policial"],"jetpack_featured_media_url":"https:\/\/radiorevelacionfm.cl\/wp-content\/uploads\/2025\/08\/Carabineros-Raul-Marin-Balmaceda-1-1.jpg","_links":{"self":[{"href":"https:\/\/radiorevelacionfm.cl\/index.php?rest_route=\/wp\/v2\/posts\/57778","targetHints":{"allow":["GET"]}}],"collection":[{"href":"https:\/\/radiorevelacionfm.cl\/index.php?rest_route=\/wp\/v2\/posts"}],"about":[{"href":"https:\/\/radiorevelacionfm.cl\/index.php?rest_route=\/wp\/v2\/types\/post"}],"author":[{"embeddable":true,"href":"https:\/\/radiorevelacionfm.cl\/index.php?rest_route=\/wp\/v2\/users\/1"}],"replies":[{"embeddable":true,"href":"https:\/\/radiorevelacionfm.cl\/index.php?rest_route=%2Fwp%2Fv2%2Fcomments&post=57778"}],"version-history":[{"count":2,"href":"https:\/\/radiorevelacionfm.cl\/index.php?rest_route=\/wp\/v2\/posts\/57778\/revisions"}],"predecessor-version":[{"id":57781,"href":"https:\/\/radiorevelacionfm.cl\/index.php?rest_route=\/wp\/v2\/posts\/57778\/revisions\/57781"}],"wp:featuredmedia":[{"embeddable":true,"href":"https:\/\/radiorevelacionfm.cl\/index.php?rest_route=\/wp\/v2\/media\/57779"}],"wp:attachment":[{"href":"https:\/\/radiorevelacionfm.cl\/index.php?rest_route=%2Fwp%2Fv2%2Fmedia&parent=57778"}],"wp:term":[{"taxonomy":"category","embeddable":true,"href":"https:\/\/radiorevelacionfm.cl\/index.php?rest_route=%2Fwp%2Fv2%2Fcategories&post=57778"},{"taxonomy":"post_tag","embeddable":true,"href":"https:\/\/radiorevelacionfm.cl\/index.php?rest_route=%2Fwp%2Fv2%2Ftags&post=57778"}],"curies":[{"name":"wp","href":"https:\/\/api.w.org\/{rel}","templated":true}]}}