{"id":57769,"date":"2025-08-14T16:09:40","date_gmt":"2025-08-14T19:09:40","guid":{"rendered":"https:\/\/radiorevelacionfm.cl\/?p=57769"},"modified":"2025-08-14T16:09:40","modified_gmt":"2025-08-14T19:09:40","slug":"empresas-bahamonde-incentivo-el-reciclaje-en-coyhaique-durante-la-celebracion-del-dia-de-la-ninez","status":"publish","type":"post","link":"https:\/\/radiorevelacionfm.cl\/?p=57769","title":{"rendered":"Empresas Bahamonde incentiv\u00f3 el reciclaje en Coyhaique durante la celebraci\u00f3n del D\u00eda de la Ni\u00f1ez"},"content":{"rendered":"<div class=\"flex_column av_one_full  flex_column_div av-zero-column-padding first  avia-builder-el-0  el_before_av_one_full  avia-builder-el-first  \" style='border-radius:0px; '><div  class='avia-image-container  av-styling-    avia-builder-el-1  avia-builder-el-no-sibling  avia-align-center '  itemprop=\"image\" itemscope=\"itemscope\" itemtype=\"https:\/\/schema.org\/ImageObject\"  ><div class='avia-image-container-inner'><div class='avia-image-overlay-wrap'><img decoding=\"async\" class='wp-image-57770 avia-img-lazy-loading-not-57770 avia_image' src=\"https:\/\/radiorevelacionfm.cl\/wp-content\/uploads\/2025\/08\/20250810_181702332_ios-1_optimized.jpg\" alt='' title='20250810_181702332_ios-(1)_optimized' height=\"620\" width=\"805\"  itemprop=\"thumbnailUrl\" srcset=\"https:\/\/radiorevelacionfm.cl\/wp-content\/uploads\/2025\/08\/20250810_181702332_ios-1_optimized.jpg 805w, https:\/\/radiorevelacionfm.cl\/wp-content\/uploads\/2025\/08\/20250810_181702332_ios-1_optimized-300x231.jpg 300w, https:\/\/radiorevelacionfm.cl\/wp-content\/uploads\/2025\/08\/20250810_181702332_ios-1_optimized-768x592.jpg 768w, https:\/\/radiorevelacionfm.cl\/wp-content\/uploads\/2025\/08\/20250810_181702332_ios-1_optimized-705x543.jpg 705w, https:\/\/radiorevelacionfm.cl\/wp-content\/uploads\/2025\/08\/20250810_181702332_ios-1_optimized-450x347.jpg 450w, https:\/\/radiorevelacionfm.cl\/wp-content\/uploads\/2025\/08\/20250810_181702332_ios-1_optimized-600x462.jpg 600w\" sizes=\"(max-width: 805px) 100vw, 805px\" \/><\/div><\/div><\/div><\/div><div class=\"flex_column av_one_full  flex_column_div av-zero-column-padding first  avia-builder-el-2  el_after_av_one_full  el_before_av_one_full  column-top-margin\" style='border-radius:0px; '><section class=\"av_textblock_section \"  itemscope=\"itemscope\" itemtype=\"https:\/\/schema.org\/BlogPosting\" itemprop=\"blogPost\" ><div class='avia_textblock  '   itemprop=\"text\" ><p style=\"text-align: center;\"><strong><span style=\"font-size: 18pt;\">Empresas Bahamonde incentiv\u00f3 el reciclaje en Coyhaique durante la celebraci\u00f3n del D\u00eda de la Ni\u00f1ez <\/span><\/strong><\/p>\n<div id=\"gtx-trans\" style=\"position: absolute; left: -50px; top: 4.31534px;\">\n<div class=\"gtx-trans-icon\"><\/div>\n<\/div>\n<\/div><\/section><\/div><div class=\"flex_column av_one_full  flex_column_div av-zero-column-padding first  avia-builder-el-4  el_after_av_one_full  el_before_av_hr  column-top-margin\" style='border-radius:0px; '><section class=\"av_textblock_section \"  itemscope=\"itemscope\" itemtype=\"https:\/\/schema.org\/BlogPosting\" itemprop=\"blogPost\" ><div class='avia_textblock  '   itemprop=\"text\" ><p style=\"text-align: justify;\">Hasta la ciudad de Coyhaique se traslad\u00f3 Empresas Bahamonde tras una invitaci\u00f3n de la municipalidad de dicha comuna para celebrar el D\u00eda de la Ni\u00f1ez. En la actividad se incentiv\u00f3 el reciclaje en los m\u00e1s peque\u00f1os con la recolecci\u00f3n de botellas pl\u00e1sticas PET-1 y latas de aluminio.<\/p>\n<p style=\"text-align: justify;\">La instancia se efectu\u00f3 en dos puntos: el Gimnasio Regional y el Gimnasio Fiscal. En ambos lugares se instalaron contenedores para que la gente pudiera dejar sus envases reciclables. En su interior adem\u00e1s hab\u00eda juegos inflables para que los ni\u00f1os y ni\u00f1as que asistieron con sus familias pudieran entretenerse.<\/p>\n<p style=\"text-align: justify;\">El encargado de proyectos de la empresa aysenina, Diego D\u00edaz C\u00e1rcamo, mostr\u00f3 su gratitud con el municipio coyhaiquino. \u201cAgradecemos a la Municipalidad de Coyhaique por la invitaci\u00f3n a la celebraci\u00f3n del D\u00eda de la Ni\u00f1ez. Estamos muy felices por la participaci\u00f3n que hubo por parte de la gente en cuanto a la recolecci\u00f3n de botellas PET y latas de aluminio\u201d, afirm\u00f3.<\/p>\n<p style=\"text-align: justify;\">Asimismo, sostuvo que \u201cesperamos poder seguir aportando en futuras oportunidades y en futuras instancias que genere la Municipalidad para aportar con el reciclaje en la regi\u00f3n\u201d.<\/p>\n<p style=\"text-align: justify;\">Cabe precisar que en la actividad se pudo compartir sobre educaci\u00f3n ambiental y se hizo la entrega de humus. Adem\u00e1s, se efectu\u00f3 un concurso a fin de incentivar a los ni\u00f1os y ni\u00f1as que concurrieron al recinto, el que \u201cdespert\u00f3 gran inter\u00e9s y tuvo muy buenos resultados\u201d.<\/p>\n<\/div><\/section><\/div><div  style='height:50px' class='hr hr-invisible   avia-builder-el-6  el_after_av_one_full  el_before_av_social_share '><span class='hr-inner ' ><span class='hr-inner-style'><\/span><\/span><\/div><\/p>\n<div  class='av-social-sharing-box  avia-builder-el-7  el_after_av_hr  el_before_av_hr  '><div class='av-share-box'><h5 class='av-share-link-description av-no-toc '>Compartir esta noticia<\/h5><ul class='av-share-box-list noLightbox'><li class='av-share-link av-social-link-facebook' ><a target=\"_blank\" aria-label=\"Compartir en Facebook\" href='https:\/\/www.facebook.com\/sharer.php?u=https:\/\/radiorevelacionfm.cl\/?p=57769&#038;t=Empresas%20Bahamonde%20incentiv%C3%B3%20el%20reciclaje%20en%20Coyhaique%20durante%20la%20celebraci%C3%B3n%20del%20D%C3%ADa%20de%20la%20Ni%C3%B1ez' aria-hidden='false' data-av_icon='\ue8f3' data-av_iconfont='entypo-fontello' title='' data-avia-related-tooltip='Compartir en Facebook' rel=\"noopener\"><span class='avia_hidden_link_text'>Compartir en Facebook<\/span><\/a><\/li><li class='av-share-link av-social-link-twitter' ><a target=\"_blank\" aria-label=\"Compartir en Twitter\" href='https:\/\/twitter.com\/share?text=Empresas%20Bahamonde%20incentiv%C3%B3%20el%20reciclaje%20en%20Coyhaique%20durante%20la%20celebraci%C3%B3n%20del%20D%C3%ADa%20de%20la%20Ni%C3%B1ez&#038;url=https:\/\/radiorevelacionfm.cl\/?p=57769' aria-hidden='false' data-av_icon='\ue8f1' data-av_iconfont='entypo-fontello' title='' data-avia-related-tooltip='Compartir en Twitter' rel=\"noopener\"><span class='avia_hidden_link_text'>Compartir en Twitter<\/span><\/a><\/li><li class='av-share-link av-social-link-whatsapp' ><a target=\"_blank\" aria-label=\"Compartir en Whatsapp\" href='https:\/\/api.whatsapp.com\/send?text=https:\/\/radiorevelacionfm.cl\/?p=57769' aria-hidden='false' data-av_icon='\uf232' data-av_iconfont='entypo-fontello' title='' data-avia-related-tooltip='Compartir en Whatsapp' rel=\"noopener\"><span class='avia_hidden_link_text'>Compartir en Whatsapp<\/span><\/a><\/li><li class='av-share-link av-social-link-linkedin' ><a target=\"_blank\" aria-label=\"Compartir en LinkedIn\" href='https:\/\/linkedin.com\/shareArticle?mini=true&#038;title=Empresas%20Bahamonde%20incentiv%C3%B3%20el%20reciclaje%20en%20Coyhaique%20durante%20la%20celebraci%C3%B3n%20del%20D%C3%ADa%20de%20la%20Ni%C3%B1ez&#038;url=https:\/\/radiorevelacionfm.cl\/?p=57769' aria-hidden='false' data-av_icon='\ue8fc' data-av_iconfont='entypo-fontello' title='' data-avia-related-tooltip='Compartir en LinkedIn' rel=\"noopener\"><span class='avia_hidden_link_text'>Compartir en LinkedIn<\/span><\/a><\/li><li class='av-share-link av-social-link-mail' ><a  aria-label=\"Compartir por correo\" href='mailto:?subject=Empresas%20Bahamonde%20incentiv%C3%B3%20el%20reciclaje%20en%20Coyhaique%20durante%20la%20celebraci%C3%B3n%20del%20D%C3%ADa%20de%20la%20Ni%C3%B1ez&#038;body=https:\/\/radiorevelacionfm.cl\/?p=57769' aria-hidden='false' data-av_icon='\ue805' data-av_iconfont='entypo-fontello' title='' data-avia-related-tooltip='Compartir por correo'><span class='avia_hidden_link_text'>Compartir por correo<\/span><\/a><\/li><\/ul><\/div><\/div>\n<div  style='height:50px' class='hr hr-invisible   avia-builder-el-8  el_after_av_social_share  el_before_av_comments_list '><span class='hr-inner ' ><span class='hr-inner-style'><\/span><\/span><\/div>\n<div  class='av-buildercomment  av-blog-meta-html-info-disabled av-blog-meta-tag-disabled  '><\/div>\n","protected":false},"excerpt":{"rendered":"","protected":false},"author":1,"featured_media":57770,"comment_status":"closed","ping_status":"closed","sticky":false,"template":"","format":"standard","meta":{"footnotes":""},"categories":[38],"tags":[],"class_list":["post-57769","post","type-post","status-publish","format-standard","has-post-thumbnail","hentry","category-regional"],"jetpack_featured_media_url":"https:\/\/radiorevelacionfm.cl\/wp-content\/uploads\/2025\/08\/20250810_181702332_ios-1_optimized.jpg","_links":{"self":[{"href":"https:\/\/radiorevelacionfm.cl\/index.php?rest_route=\/wp\/v2\/posts\/57769","targetHints":{"allow":["GET"]}}],"collection":[{"href":"https:\/\/radiorevelacionfm.cl\/index.php?rest_route=\/wp\/v2\/posts"}],"about":[{"href":"https:\/\/radiorevelacionfm.cl\/index.php?rest_route=\/wp\/v2\/types\/post"}],"author":[{"embeddable":true,"href":"https:\/\/radiorevelacionfm.cl\/index.php?rest_route=\/wp\/v2\/users\/1"}],"replies":[{"embeddable":true,"href":"https:\/\/radiorevelacionfm.cl\/index.php?rest_route=%2Fwp%2Fv2%2Fcomments&post=57769"}],"version-history":[{"count":2,"href":"https:\/\/radiorevelacionfm.cl\/index.php?rest_route=\/wp\/v2\/posts\/57769\/revisions"}],"predecessor-version":[{"id":57792,"href":"https:\/\/radiorevelacionfm.cl\/index.php?rest_route=\/wp\/v2\/posts\/57769\/revisions\/57792"}],"wp:featuredmedia":[{"embeddable":true,"href":"https:\/\/radiorevelacionfm.cl\/index.php?rest_route=\/wp\/v2\/media\/57770"}],"wp:attachment":[{"href":"https:\/\/radiorevelacionfm.cl\/index.php?rest_route=%2Fwp%2Fv2%2Fmedia&parent=57769"}],"wp:term":[{"taxonomy":"category","embeddable":true,"href":"https:\/\/radiorevelacionfm.cl\/index.php?rest_route=%2Fwp%2Fv2%2Fcategories&post=57769"},{"taxonomy":"post_tag","embeddable":true,"href":"https:\/\/radiorevelacionfm.cl\/index.php?rest_route=%2Fwp%2Fv2%2Ftags&post=57769"}],"curies":[{"name":"wp","href":"https:\/\/api.w.org\/{rel}","templated":true}]}}