{"id":57762,"date":"2025-08-14T15:50:48","date_gmt":"2025-08-14T18:50:48","guid":{"rendered":"https:\/\/radiorevelacionfm.cl\/?p=57762"},"modified":"2025-08-14T15:50:48","modified_gmt":"2025-08-14T18:50:48","slug":"gran-participacion-de-dirigentes-vecinales-de-aysen-en-el-encuentro-de-agentes-de-cambio","status":"publish","type":"post","link":"https:\/\/radiorevelacionfm.cl\/?p=57762","title":{"rendered":"Gran participaci\u00f3n de dirigentes vecinales de Ays\u00e9n en el \u201cEncuentro de Agentes de Cambio\u201d"},"content":{"rendered":"<div class=\"flex_column av_one_full  flex_column_div av-zero-column-padding first  avia-builder-el-0  el_before_av_one_full  avia-builder-el-first  \" style='border-radius:0px; '><div  class='avia-image-container  av-styling-    avia-builder-el-1  avia-builder-el-no-sibling  avia-align-center '  itemprop=\"image\" itemscope=\"itemscope\" itemtype=\"https:\/\/schema.org\/ImageObject\"  ><div class='avia-image-container-inner'><div class='avia-image-overlay-wrap'><img decoding=\"async\" class='wp-image-57763 avia-img-lazy-loading-not-57763 avia_image' src=\"https:\/\/radiorevelacionfm.cl\/wp-content\/uploads\/2025\/08\/531604154_1212273400939738_153909389325736493_n-1_optimized-1.jpg\" alt='' title='531604154_1212273400939738_153909389325736493_n-(1)_optimized (1)' height=\"600\" width=\"898\"  itemprop=\"thumbnailUrl\" srcset=\"https:\/\/radiorevelacionfm.cl\/wp-content\/uploads\/2025\/08\/531604154_1212273400939738_153909389325736493_n-1_optimized-1.jpg 898w, https:\/\/radiorevelacionfm.cl\/wp-content\/uploads\/2025\/08\/531604154_1212273400939738_153909389325736493_n-1_optimized-1-300x200.jpg 300w, https:\/\/radiorevelacionfm.cl\/wp-content\/uploads\/2025\/08\/531604154_1212273400939738_153909389325736493_n-1_optimized-1-768x513.jpg 768w, https:\/\/radiorevelacionfm.cl\/wp-content\/uploads\/2025\/08\/531604154_1212273400939738_153909389325736493_n-1_optimized-1-705x471.jpg 705w, https:\/\/radiorevelacionfm.cl\/wp-content\/uploads\/2025\/08\/531604154_1212273400939738_153909389325736493_n-1_optimized-1-450x301.jpg 450w, https:\/\/radiorevelacionfm.cl\/wp-content\/uploads\/2025\/08\/531604154_1212273400939738_153909389325736493_n-1_optimized-1-600x401.jpg 600w\" sizes=\"(max-width: 898px) 100vw, 898px\" \/><\/div><\/div><\/div><\/div><div class=\"flex_column av_one_full  flex_column_div av-zero-column-padding first  avia-builder-el-2  el_after_av_one_full  el_before_av_one_full  column-top-margin\" style='border-radius:0px; '><section class=\"av_textblock_section \"  itemscope=\"itemscope\" itemtype=\"https:\/\/schema.org\/BlogPosting\" itemprop=\"blogPost\" ><div class='avia_textblock  '   itemprop=\"text\" ><p style=\"text-align: center;\"><strong><span style=\"font-size: 18pt;\">Gran participaci\u00f3n de dirigentes vecinales de Ays\u00e9n en el \u201cEncuentro de Agentes de Cambio\u201d<\/span><\/strong><\/p>\n<div id=\"gtx-trans\" style=\"position: absolute; left: -50px; top: 4.31534px;\">\n<div class=\"gtx-trans-icon\"><\/div>\n<\/div>\n<\/div><\/section><\/div><div class=\"flex_column av_one_full  flex_column_div av-zero-column-padding first  avia-builder-el-4  el_after_av_one_full  el_before_av_hr  column-top-margin\" style='border-radius:0px; '><section class=\"av_textblock_section \"  itemscope=\"itemscope\" itemtype=\"https:\/\/schema.org\/BlogPosting\" itemprop=\"blogPost\" ><div class='avia_textblock  '   itemprop=\"text\" ><p style=\"text-align: justify;\"><em>La Municipalidad de Ays\u00e9n planific\u00f3 un evento que no solo conmemor\u00f3 a los l\u00edderes de toda la comuna, sino que motiv\u00f3 a mejorar sus competencias e invit\u00f3 a personas que quisieran volverse dirigentes en un futuro. <\/em><\/p>\n<p style=\"text-align: justify;\">Durante la semana pasada fue el \u201cD\u00eda del Dirigente Social y Comunitario\u201d, una fecha importante para reconocer el esfuerzo de las personas que todos los d\u00edas trabajan para sus vecinos sin ning\u00fan tipo de remuneraci\u00f3n, pero con la esperanza de mejorar las condiciones de sus socios y pares.<\/p>\n<p style=\"text-align: justify;\">Por lo anterior, la Municipalidad de Ays\u00e9n quiso realizar una actividad de reconocimiento a la labor que constantemente realizan los vecinos dirigentes, pero tambi\u00e9n con la particularidad de que fue un evento abierto al p\u00fablico general, esto con la finalidad de que interesados pudieran aprender o reflexionar sobre el trabajo que realizan estas personas.<\/p>\n<p style=\"text-align: justify;\">Esta actividad tuvo dos objetivos principales, el primero fue de motivaci\u00f3n, junto con una sesi\u00f3n de <em>coaching <\/em>y los discursos de un dirigente y del alcalde de la comuna, Luis Mart\u00ednez. Luego la jornada continu\u00f3 con un momento de camarader\u00eda y la ambientaci\u00f3n de la banda \u201cFusi\u00f3n Tropical\u201d.<\/p>\n<p style=\"text-align: justify;\">El alcalde Mart\u00ednez explic\u00f3 que \u201chemos querido en conjunto decirles lo importante que son nuestros dirigentes para la comuna, de c\u00f3mo queremos trabajar con ello, c\u00f3mo queremos ir amalgamando cada una de sus acciones\u201d.<\/p>\n<p style=\"text-align: justify;\">\u201cTambi\u00e9n quisimos darles un espacio para la diversi\u00f3n, bailando y conversando entre ellos. Creemos que es la forma de hacer una un primer acercamiento potente entre todos los dirigentes sociales para poder avanzar, as\u00ed es que los felicitamos en su d\u00eda\u201d, finaliz\u00f3 el edil aysenino.<\/p>\n<p style=\"text-align: justify;\">Ximena Mario Aguilar, presidenta de la asociaci\u00f3n ind\u00edgena \u201cLicaray\u00e9n\u201d expres\u00f3 que \u201cen lo personal, es bueno y bonito que cada dirigente nos encontremos en este tipo de actividad para conocernos, esta es la instancia para que nos reunamos. Igualmente gracias al municipio, muy bueno de su parte, sobre todo el alcalde y su equipo de trabajo que realiz\u00f3 este hermoso momento para compartir\u201d.<\/p>\n<p style=\"text-align: justify;\">Por su parte, Sonia Delgado, secretaria del Club de Adultos Mayores Litoral Austral coment\u00f3 que \u201ceste evento nos da \u00e1nimo para seguir adelante, la verdad es que ser dirigente no es f\u00e1cil. Yo a largo mi vida he sido muchas veces dirigente y tiene lados maravillosos, como tambi\u00e9n tiene lados ingratos, porque es imposible caerle bien a todos y, yo siempre repito, que podemos hacer mil cosas bien, pero hacemos una mal y todo se viene abajo. Pero lo importante es que no dejemos de luchar porque esa cosa que sali\u00f3 mal nos sirve para pararnos, seguir adelante y siempre aprender de nuestros errores\u201d.<\/p>\n<\/div><\/section><\/div><div  style='height:50px' class='hr hr-invisible   avia-builder-el-6  el_after_av_one_full  el_before_av_social_share '><span class='hr-inner ' ><span class='hr-inner-style'><\/span><\/span><\/div><\/p>\n<div  class='av-social-sharing-box  avia-builder-el-7  el_after_av_hr  el_before_av_hr  '><div class='av-share-box'><h5 class='av-share-link-description av-no-toc '>Compartir esta noticia<\/h5><ul class='av-share-box-list noLightbox'><li class='av-share-link av-social-link-facebook' ><a target=\"_blank\" aria-label=\"Compartir en Facebook\" href='https:\/\/www.facebook.com\/sharer.php?u=https:\/\/radiorevelacionfm.cl\/?p=57762&#038;t=Gran%20participaci%C3%B3n%20de%20dirigentes%20vecinales%20de%20Ays%C3%A9n%20en%20el%20%E2%80%9CEncuentro%20de%20Agentes%20de%20Cambio%E2%80%9D' aria-hidden='false' data-av_icon='\ue8f3' data-av_iconfont='entypo-fontello' title='' data-avia-related-tooltip='Compartir en Facebook' rel=\"noopener\"><span class='avia_hidden_link_text'>Compartir en Facebook<\/span><\/a><\/li><li class='av-share-link av-social-link-twitter' ><a target=\"_blank\" aria-label=\"Compartir en Twitter\" href='https:\/\/twitter.com\/share?text=Gran%20participaci%C3%B3n%20de%20dirigentes%20vecinales%20de%20Ays%C3%A9n%20en%20el%20%E2%80%9CEncuentro%20de%20Agentes%20de%20Cambio%E2%80%9D&#038;url=https:\/\/radiorevelacionfm.cl\/?p=57762' aria-hidden='false' data-av_icon='\ue8f1' data-av_iconfont='entypo-fontello' title='' data-avia-related-tooltip='Compartir en Twitter' rel=\"noopener\"><span class='avia_hidden_link_text'>Compartir en Twitter<\/span><\/a><\/li><li class='av-share-link av-social-link-whatsapp' ><a target=\"_blank\" aria-label=\"Compartir en Whatsapp\" href='https:\/\/api.whatsapp.com\/send?text=https:\/\/radiorevelacionfm.cl\/?p=57762' aria-hidden='false' data-av_icon='\uf232' data-av_iconfont='entypo-fontello' title='' data-avia-related-tooltip='Compartir en Whatsapp' rel=\"noopener\"><span class='avia_hidden_link_text'>Compartir en Whatsapp<\/span><\/a><\/li><li class='av-share-link av-social-link-linkedin' ><a target=\"_blank\" aria-label=\"Compartir en LinkedIn\" href='https:\/\/linkedin.com\/shareArticle?mini=true&#038;title=Gran%20participaci%C3%B3n%20de%20dirigentes%20vecinales%20de%20Ays%C3%A9n%20en%20el%20%E2%80%9CEncuentro%20de%20Agentes%20de%20Cambio%E2%80%9D&#038;url=https:\/\/radiorevelacionfm.cl\/?p=57762' aria-hidden='false' data-av_icon='\ue8fc' data-av_iconfont='entypo-fontello' title='' data-avia-related-tooltip='Compartir en LinkedIn' rel=\"noopener\"><span class='avia_hidden_link_text'>Compartir en LinkedIn<\/span><\/a><\/li><li class='av-share-link av-social-link-mail' ><a  aria-label=\"Compartir por correo\" href='mailto:?subject=Gran%20participaci%C3%B3n%20de%20dirigentes%20vecinales%20de%20Ays%C3%A9n%20en%20el%20%E2%80%9CEncuentro%20de%20Agentes%20de%20Cambio%E2%80%9D&#038;body=https:\/\/radiorevelacionfm.cl\/?p=57762' aria-hidden='false' data-av_icon='\ue805' data-av_iconfont='entypo-fontello' title='' data-avia-related-tooltip='Compartir por correo'><span class='avia_hidden_link_text'>Compartir por correo<\/span><\/a><\/li><\/ul><\/div><\/div>\n<div  style='height:50px' class='hr hr-invisible   avia-builder-el-8  el_after_av_social_share  el_before_av_comments_list '><span class='hr-inner ' ><span class='hr-inner-style'><\/span><\/span><\/div>\n<div  class='av-buildercomment  av-blog-meta-html-info-disabled av-blog-meta-tag-disabled  '><\/div>\n","protected":false},"excerpt":{"rendered":"","protected":false},"author":1,"featured_media":57763,"comment_status":"closed","ping_status":"closed","sticky":false,"template":"","format":"standard","meta":{"footnotes":""},"categories":[38],"tags":[],"class_list":["post-57762","post","type-post","status-publish","format-standard","has-post-thumbnail","hentry","category-regional"],"jetpack_featured_media_url":"https:\/\/radiorevelacionfm.cl\/wp-content\/uploads\/2025\/08\/531604154_1212273400939738_153909389325736493_n-1_optimized-1.jpg","_links":{"self":[{"href":"https:\/\/radiorevelacionfm.cl\/index.php?rest_route=\/wp\/v2\/posts\/57762","targetHints":{"allow":["GET"]}}],"collection":[{"href":"https:\/\/radiorevelacionfm.cl\/index.php?rest_route=\/wp\/v2\/posts"}],"about":[{"href":"https:\/\/radiorevelacionfm.cl\/index.php?rest_route=\/wp\/v2\/types\/post"}],"author":[{"embeddable":true,"href":"https:\/\/radiorevelacionfm.cl\/index.php?rest_route=\/wp\/v2\/users\/1"}],"replies":[{"embeddable":true,"href":"https:\/\/radiorevelacionfm.cl\/index.php?rest_route=%2Fwp%2Fv2%2Fcomments&post=57762"}],"version-history":[{"count":2,"href":"https:\/\/radiorevelacionfm.cl\/index.php?rest_route=\/wp\/v2\/posts\/57762\/revisions"}],"predecessor-version":[{"id":57791,"href":"https:\/\/radiorevelacionfm.cl\/index.php?rest_route=\/wp\/v2\/posts\/57762\/revisions\/57791"}],"wp:featuredmedia":[{"embeddable":true,"href":"https:\/\/radiorevelacionfm.cl\/index.php?rest_route=\/wp\/v2\/media\/57763"}],"wp:attachment":[{"href":"https:\/\/radiorevelacionfm.cl\/index.php?rest_route=%2Fwp%2Fv2%2Fmedia&parent=57762"}],"wp:term":[{"taxonomy":"category","embeddable":true,"href":"https:\/\/radiorevelacionfm.cl\/index.php?rest_route=%2Fwp%2Fv2%2Fcategories&post=57762"},{"taxonomy":"post_tag","embeddable":true,"href":"https:\/\/radiorevelacionfm.cl\/index.php?rest_route=%2Fwp%2Fv2%2Ftags&post=57762"}],"curies":[{"name":"wp","href":"https:\/\/api.w.org\/{rel}","templated":true}]}}