{"id":57759,"date":"2025-08-14T13:51:49","date_gmt":"2025-08-14T16:51:49","guid":{"rendered":"https:\/\/radiorevelacionfm.cl\/?p=57759"},"modified":"2025-08-14T13:51:49","modified_gmt":"2025-08-14T16:51:49","slug":"cecrea-coyhaique-activa-laboratorios-en-localidades-rurales","status":"publish","type":"post","link":"https:\/\/radiorevelacionfm.cl\/?p=57759","title":{"rendered":"Cecrea Coyhaique activa laboratorios en localidades rurales"},"content":{"rendered":"<div class=\"flex_column av_one_full  flex_column_div av-zero-column-padding first  avia-builder-el-0  el_before_av_one_full  avia-builder-el-first  \" style='border-radius:0px; '><div  class='avia-image-container  av-styling-    avia-builder-el-1  avia-builder-el-no-sibling  avia-align-center '  itemprop=\"image\" itemscope=\"itemscope\" itemtype=\"https:\/\/schema.org\/ImageObject\"  ><div class='avia-image-container-inner'><div class='avia-image-overlay-wrap'><img decoding=\"async\" class='wp-image-57760 avia-img-lazy-loading-not-57760 avia_image' src=\"https:\/\/radiorevelacionfm.cl\/wp-content\/uploads\/2025\/08\/cecrea-rural4-1-1.jpg\" alt='' title='cecrea rural4 (1) (1)' height=\"600\" width=\"900\"  itemprop=\"thumbnailUrl\" srcset=\"https:\/\/radiorevelacionfm.cl\/wp-content\/uploads\/2025\/08\/cecrea-rural4-1-1.jpg 900w, https:\/\/radiorevelacionfm.cl\/wp-content\/uploads\/2025\/08\/cecrea-rural4-1-1-300x200.jpg 300w, https:\/\/radiorevelacionfm.cl\/wp-content\/uploads\/2025\/08\/cecrea-rural4-1-1-768x512.jpg 768w, https:\/\/radiorevelacionfm.cl\/wp-content\/uploads\/2025\/08\/cecrea-rural4-1-1-705x470.jpg 705w, https:\/\/radiorevelacionfm.cl\/wp-content\/uploads\/2025\/08\/cecrea-rural4-1-1-450x300.jpg 450w, https:\/\/radiorevelacionfm.cl\/wp-content\/uploads\/2025\/08\/cecrea-rural4-1-1-600x400.jpg 600w\" sizes=\"(max-width: 900px) 100vw, 900px\" \/><\/div><\/div><\/div><\/div><div class=\"flex_column av_one_full  flex_column_div av-zero-column-padding first  avia-builder-el-2  el_after_av_one_full  el_before_av_one_full  column-top-margin\" style='border-radius:0px; '><section class=\"av_textblock_section \"  itemscope=\"itemscope\" itemtype=\"https:\/\/schema.org\/BlogPosting\" itemprop=\"blogPost\" ><div class='avia_textblock  '   itemprop=\"text\" ><p style=\"text-align: center;\"><strong><span style=\"font-size: 18pt;\">Cecrea Coyhaique activa laboratorios en localidades rurales<\/span><\/strong><\/p>\n<div id=\"gtx-trans\" style=\"position: absolute; left: -50px; top: 4.31534px;\">\n<div class=\"gtx-trans-icon\"><\/div>\n<\/div>\n<\/div><\/section><\/div><div class=\"flex_column av_one_full  flex_column_div av-zero-column-padding first  avia-builder-el-4  el_after_av_one_full  el_before_av_hr  column-top-margin\" style='border-radius:0px; '><section class=\"av_textblock_section \"  itemscope=\"itemscope\" itemtype=\"https:\/\/schema.org\/BlogPosting\" itemprop=\"blogPost\" ><div class='avia_textblock  '   itemprop=\"text\" ><p style=\"text-align: justify;\">\u201cLo que m\u00e1s me gusta es que ustedes vengan\u201d, comenta Milagros, estudiante de 11 a\u00f1os de la Escuela Rural Pablo Neruda de Villa Ortega, hasta donde se traslad\u00f3 el equipo de Cecrea Coyhaique para desarrollar algunos de sus laboratorios creativos e incorporar a ni\u00f1os, ni\u00f1as y adolescentes de los sectores m\u00e1s aislados de la comuna en sus experiencias.<\/p>\n<p style=\"text-align: justify;\">Se trata de una estrategia de cobertura que permitir\u00e1 ir ampliando el p\u00fablico hacia sectores de Coyhaique que no cuentan con f\u00e1cil acceso al Centro Cultural de la ciudad, donde se enclava el Espacio Cecrea, y donde tradicionalmente se desarrollan las actividades, escuchas creativas y laboratorios del Centro de Creaci\u00f3n.<\/p>\n<p style=\"text-align: justify;\">El seremi de Culturas Ays\u00e9n, Felipe Quiroz, explica este recorrido: \u201cPrimero estuvimos en los barrios de Coyhaique, en las juntas de vecinos, trabajando con familias directamente involucradas con sus entornos, en colaboraci\u00f3n con el programa Quiero mi barrio del Servicio de Vivienda y Urbanismo. Confirmamos el gran inter\u00e9s que despiertan nuestros laboratorios creativos de Cecrea en lugares no tradicionales y quisimos ampliar la cobertura hacia los sectores rurales. Estamos partiendo en Villa Ortega, pero nuestra idea es ir creciendo porque nuestro Gobierno est\u00e1 convencido, y en eso estamos trabajando, de que el acceso a la cultura y a las artes debe abarcar todos los territorios, sin importar la distancia o el n\u00famero de habitantes de cada localidad. Con esto queremos entregar un claro mensaje de que ning\u00fan ni\u00f1o debe quedar fuera de las oportunidades que brindamos con nuestros programas. Y que nuestro Centro de Creaci\u00f3n Cecrea Coyhaique haya llegado a Villa Ortega es un primer paso en este camino\u201d.<\/p>\n<p style=\"text-align: justify;\">En etapas previas, el programa Cecrea desarroll\u00f3 sus Escuchas Creativas para que los lineamientos de trabajo incorporaran las miradas y apreciaciones de ni\u00f1os, ni\u00f1as j\u00f3venes.<\/p>\n<p style=\"text-align: justify;\">A Milagros le gusta dibujar y pintar con el equipo de Cecrea y a su compa\u00f1era Francisca le gusta \u201chacer cuadernitos con las hojitas, esa es mi materia favorita\u201d.<\/p>\n<p style=\"text-align: justify;\">Para conocer la programaci\u00f3n completa y estar al d\u00eda con las actividades y laboratorios Cecrea, puedes visitar las redes sociales de Culturas Ays\u00e9n y Cecrea Coyhaique.<\/p>\n<\/div><\/section><\/div><div  style='height:50px' class='hr hr-invisible   avia-builder-el-6  el_after_av_one_full  el_before_av_social_share '><span class='hr-inner ' ><span class='hr-inner-style'><\/span><\/span><\/div><\/p>\n<div  class='av-social-sharing-box  avia-builder-el-7  el_after_av_hr  el_before_av_hr  '><div class='av-share-box'><h5 class='av-share-link-description av-no-toc '>Compartir esta noticia<\/h5><ul class='av-share-box-list noLightbox'><li class='av-share-link av-social-link-facebook' ><a target=\"_blank\" aria-label=\"Compartir en Facebook\" href='https:\/\/www.facebook.com\/sharer.php?u=https:\/\/radiorevelacionfm.cl\/?p=57759&#038;t=Cecrea%20Coyhaique%20activa%20laboratorios%20en%20localidades%20rurales' aria-hidden='false' data-av_icon='\ue8f3' data-av_iconfont='entypo-fontello' title='' data-avia-related-tooltip='Compartir en Facebook' rel=\"noopener\"><span class='avia_hidden_link_text'>Compartir en Facebook<\/span><\/a><\/li><li class='av-share-link av-social-link-twitter' ><a target=\"_blank\" aria-label=\"Compartir en Twitter\" href='https:\/\/twitter.com\/share?text=Cecrea%20Coyhaique%20activa%20laboratorios%20en%20localidades%20rurales&#038;url=https:\/\/radiorevelacionfm.cl\/?p=57759' aria-hidden='false' data-av_icon='\ue8f1' data-av_iconfont='entypo-fontello' title='' data-avia-related-tooltip='Compartir en Twitter' rel=\"noopener\"><span class='avia_hidden_link_text'>Compartir en Twitter<\/span><\/a><\/li><li class='av-share-link av-social-link-whatsapp' ><a target=\"_blank\" aria-label=\"Compartir en Whatsapp\" href='https:\/\/api.whatsapp.com\/send?text=https:\/\/radiorevelacionfm.cl\/?p=57759' aria-hidden='false' data-av_icon='\uf232' data-av_iconfont='entypo-fontello' title='' data-avia-related-tooltip='Compartir en Whatsapp' rel=\"noopener\"><span class='avia_hidden_link_text'>Compartir en Whatsapp<\/span><\/a><\/li><li class='av-share-link av-social-link-linkedin' ><a target=\"_blank\" aria-label=\"Compartir en LinkedIn\" href='https:\/\/linkedin.com\/shareArticle?mini=true&#038;title=Cecrea%20Coyhaique%20activa%20laboratorios%20en%20localidades%20rurales&#038;url=https:\/\/radiorevelacionfm.cl\/?p=57759' aria-hidden='false' data-av_icon='\ue8fc' data-av_iconfont='entypo-fontello' title='' data-avia-related-tooltip='Compartir en LinkedIn' rel=\"noopener\"><span class='avia_hidden_link_text'>Compartir en LinkedIn<\/span><\/a><\/li><li class='av-share-link av-social-link-mail' ><a  aria-label=\"Compartir por correo\" href='mailto:?subject=Cecrea%20Coyhaique%20activa%20laboratorios%20en%20localidades%20rurales&#038;body=https:\/\/radiorevelacionfm.cl\/?p=57759' aria-hidden='false' data-av_icon='\ue805' data-av_iconfont='entypo-fontello' title='' data-avia-related-tooltip='Compartir por correo'><span class='avia_hidden_link_text'>Compartir por correo<\/span><\/a><\/li><\/ul><\/div><\/div>\n<div  style='height:50px' class='hr hr-invisible   avia-builder-el-8  el_after_av_social_share  el_before_av_comments_list '><span class='hr-inner ' ><span class='hr-inner-style'><\/span><\/span><\/div>\n<div  class='av-buildercomment  av-blog-meta-html-info-disabled av-blog-meta-tag-disabled  '><\/div>\n","protected":false},"excerpt":{"rendered":"","protected":false},"author":1,"featured_media":57760,"comment_status":"closed","ping_status":"closed","sticky":false,"template":"","format":"standard","meta":{"footnotes":""},"categories":[52],"tags":[],"class_list":["post-57759","post","type-post","status-publish","format-standard","has-post-thumbnail","hentry","category-cultura"],"jetpack_featured_media_url":"https:\/\/radiorevelacionfm.cl\/wp-content\/uploads\/2025\/08\/cecrea-rural4-1-1.jpg","_links":{"self":[{"href":"https:\/\/radiorevelacionfm.cl\/index.php?rest_route=\/wp\/v2\/posts\/57759","targetHints":{"allow":["GET"]}}],"collection":[{"href":"https:\/\/radiorevelacionfm.cl\/index.php?rest_route=\/wp\/v2\/posts"}],"about":[{"href":"https:\/\/radiorevelacionfm.cl\/index.php?rest_route=\/wp\/v2\/types\/post"}],"author":[{"embeddable":true,"href":"https:\/\/radiorevelacionfm.cl\/index.php?rest_route=\/wp\/v2\/users\/1"}],"replies":[{"embeddable":true,"href":"https:\/\/radiorevelacionfm.cl\/index.php?rest_route=%2Fwp%2Fv2%2Fcomments&post=57759"}],"version-history":[{"count":2,"href":"https:\/\/radiorevelacionfm.cl\/index.php?rest_route=\/wp\/v2\/posts\/57759\/revisions"}],"predecessor-version":[{"id":57783,"href":"https:\/\/radiorevelacionfm.cl\/index.php?rest_route=\/wp\/v2\/posts\/57759\/revisions\/57783"}],"wp:featuredmedia":[{"embeddable":true,"href":"https:\/\/radiorevelacionfm.cl\/index.php?rest_route=\/wp\/v2\/media\/57760"}],"wp:attachment":[{"href":"https:\/\/radiorevelacionfm.cl\/index.php?rest_route=%2Fwp%2Fv2%2Fmedia&parent=57759"}],"wp:term":[{"taxonomy":"category","embeddable":true,"href":"https:\/\/radiorevelacionfm.cl\/index.php?rest_route=%2Fwp%2Fv2%2Fcategories&post=57759"},{"taxonomy":"post_tag","embeddable":true,"href":"https:\/\/radiorevelacionfm.cl\/index.php?rest_route=%2Fwp%2Fv2%2Ftags&post=57759"}],"curies":[{"name":"wp","href":"https:\/\/api.w.org\/{rel}","templated":true}]}}