{"id":57753,"date":"2025-08-14T15:09:27","date_gmt":"2025-08-14T18:09:27","guid":{"rendered":"https:\/\/radiorevelacionfm.cl\/?p=57753"},"modified":"2025-08-14T15:09:27","modified_gmt":"2025-08-14T18:09:27","slug":"tres-dias-en-la-montana-aprendizaje-aventura-y-noches-bajo-el-cielo-de-cochrane-en-el-4-encuentro-invernal-monte-san-lorenzo","status":"publish","type":"post","link":"https:\/\/radiorevelacionfm.cl\/?p=57753","title":{"rendered":"Tres d\u00edas en la monta\u00f1a: aprendizaje, aventura y noches bajo el cielo de Cochrane en el 4\u00b0 Encuentro Invernal Monte San Lorenzo"},"content":{"rendered":"<div class=\"flex_column av_one_full  flex_column_div av-zero-column-padding first  avia-builder-el-0  el_before_av_one_full  avia-builder-el-first  \" style='border-radius:0px; '><div  class='avia-image-container  av-styling-    avia-builder-el-1  avia-builder-el-no-sibling  avia-align-center '  itemprop=\"image\" itemscope=\"itemscope\" itemtype=\"https:\/\/schema.org\/ImageObject\"  ><div class='avia-image-container-inner'><div class='avia-image-overlay-wrap'><img decoding=\"async\" class='wp-image-57754 avia-img-lazy-loading-not-57754 avia_image' src=\"https:\/\/radiorevelacionfm.cl\/wp-content\/uploads\/2025\/08\/MONTE-SAN-LORENZO-11-1-1.jpg\" alt='' title='MONTE SAN LORENZO (11) (1) (1)' height=\"600\" width=\"900\"  itemprop=\"thumbnailUrl\" srcset=\"https:\/\/radiorevelacionfm.cl\/wp-content\/uploads\/2025\/08\/MONTE-SAN-LORENZO-11-1-1.jpg 900w, https:\/\/radiorevelacionfm.cl\/wp-content\/uploads\/2025\/08\/MONTE-SAN-LORENZO-11-1-1-300x200.jpg 300w, https:\/\/radiorevelacionfm.cl\/wp-content\/uploads\/2025\/08\/MONTE-SAN-LORENZO-11-1-1-768x512.jpg 768w, https:\/\/radiorevelacionfm.cl\/wp-content\/uploads\/2025\/08\/MONTE-SAN-LORENZO-11-1-1-705x470.jpg 705w, https:\/\/radiorevelacionfm.cl\/wp-content\/uploads\/2025\/08\/MONTE-SAN-LORENZO-11-1-1-450x300.jpg 450w, https:\/\/radiorevelacionfm.cl\/wp-content\/uploads\/2025\/08\/MONTE-SAN-LORENZO-11-1-1-600x400.jpg 600w\" sizes=\"(max-width: 900px) 100vw, 900px\" \/><\/div><\/div><\/div><\/div><div class=\"flex_column av_one_full  flex_column_div av-zero-column-padding first  avia-builder-el-2  el_after_av_one_full  el_before_av_one_full  column-top-margin\" style='border-radius:0px; '><section class=\"av_textblock_section \"  itemscope=\"itemscope\" itemtype=\"https:\/\/schema.org\/BlogPosting\" itemprop=\"blogPost\" ><div class='avia_textblock  '   itemprop=\"text\" ><p style=\"text-align: center;\"><strong><span style=\"font-size: 18pt;\">Tres d\u00edas en la monta\u00f1a: aprendizaje, aventura y noches bajo el cielo de Cochrane en el 4\u00b0 Encuentro Invernal Monte San Lorenzo<\/span><\/strong><\/p>\n<div id=\"gtx-trans\" style=\"position: absolute; left: -50px; top: 4.31534px;\">\n<div class=\"gtx-trans-icon\"><\/div>\n<\/div>\n<\/div><\/section><\/div><div class=\"flex_column av_one_full  flex_column_div av-zero-column-padding first  avia-builder-el-4  el_after_av_one_full  el_before_av_hr  column-top-margin\" style='border-radius:0px; '><section class=\"av_textblock_section \"  itemscope=\"itemscope\" itemtype=\"https:\/\/schema.org\/BlogPosting\" itemprop=\"blogPost\" ><div class='avia_textblock  '   itemprop=\"text\" ><p style=\"text-align: justify;\">Del 15 al 17 de agosto de 2025, la comuna de Cochrane ser\u00e1 nuevamente el epicentro para los amantes de la monta\u00f1a y la vida al aire libre con la realizaci\u00f3n del <strong>4\u00b0 Encuentro Invernal Monte San Lorenzo en el campamento base de Agostini<\/strong>, una experiencia que combina formaci\u00f3n t\u00e9cnica, exploraci\u00f3n de paisajes nevados y convivencia en uno de los escenarios m\u00e1s imponentes del sur de Chile.<\/p>\n<p style=\"text-align: justify;\">La actividad es organizada por Gu\u00edas locales pertenecientes a la <strong>Asociaci\u00f3n Gremial de Gu\u00edas de Monta\u00f1a de Ays\u00e9n<\/strong>, con el financiamiento de la <strong>Ilustre Municipalidad de Cochrane<\/strong> y <strong>Sernatur Ays\u00e9n<\/strong>, y cuenta con la colaboraci\u00f3n de <strong>Patagonia Expediciones<\/strong>, <strong>Andesmeals<\/strong>, <strong>Estancia Monte San Lorenzo<\/strong> y <strong>Sinergia Outdoor<\/strong>.<\/p>\n<p style=\"text-align: justify;\">Este encuentro ofrece modalidades como <strong>esqu\u00ed randone\u00e9, splitboard y raquetas de nieve<\/strong>, junto a un completo programa de talleres y cl\u00ednicas especializadas que incluyen b\u00fasqueda y rescate en avalancha, primeros auxilios y manejo de pacientes con hipotermia, planificaci\u00f3n 3&#215;3 y armado de mochila, adem\u00e1s de t\u00e9cnicas invernales como progresi\u00f3n en terrenos nevados, pr\u00e1cticas de autodetenci\u00f3n utilizando piolet y construcci\u00f3n de refugios de nieve.<\/p>\n<p style=\"text-align: justify;\">Todo se desarrolla a los pies del <strong>Monte San Lorenzo<\/strong>, la segunda cumbre m\u00e1s alta de la Patagonia, con m\u00e1s de 3.700 m.s.n.m., desde la Estancia Monte San Lorenzo hasta el campamento base De Agostini, inmerso entre glaciares y bosques de lenga.<\/p>\n<p style=\"text-align: justify;\">El programa contempla un recorrido progresivo: el primer d\u00eda incluye el traslado a la estancia, presentaci\u00f3n de gu\u00edas, organizaci\u00f3n de grupos y trekking al campamento base De Agostini; el segundo d\u00eda considera los talleres y cl\u00ednicas, adem\u00e1s de la caminata al mirador Laguna San Lorenzo y actividades deportivas en nieve; y el tercer d\u00eda marca el retorno a Cochrane con un cierre de camarader\u00eda en el Parque Costumbrista. Uno de los hitos m\u00e1s esperados ser\u00e1 vivir dos noches completas en el campamento base, bajo un cielo patag\u00f3nico despejado, rodeado de glaciares y en el silencio absoluto de la monta\u00f1a.<\/p>\n<p style=\"text-align: justify;\">El alcalde de Cochrane, <strong>Patricio Ulloa Georgia<\/strong>, destac\u00f3 que esta actividad \u201ctiene el sentido de transformarse en una sala de clases, en un aula natural, donde quienes est\u00e1n a cargo realizan cl\u00ednicas que ense\u00f1an c\u00f3mo desenvolverse en un sector aislado de alta monta\u00f1a. Queremos que esta experiencia sea extraordinaria y que genere conciencia sobre la actividad segura y responsable en este entorno. Nuestra comuna apuesta, junto a empresarios y organizadores, por un turismo todo el a\u00f1o, con actividades planificadas para quienes aman la naturaleza y la monta\u00f1a\u201d.<\/p>\n<p style=\"text-align: justify;\">En la misma l\u00ednea, el <strong>Director Regional de Sernatur Ays\u00e9n, Claudio Montecinos<\/strong>, se\u00f1al\u00f3 que \u201ceste evento se alinea con la estrategia de romper la estacionalidad y generar un turismo invernal en nuestro destino. Permite activar las econom\u00edas locales en temporada baja y posicionar Ays\u00e9n-Patagonia como referente en turismo invernal. Estamos muy contentos de acompa\u00f1ar al municipio en esta iniciativa y seguiremos apoyando acciones que tributen al desarrollo tur\u00edstico regional\u201d.<\/p>\n<p style=\"text-align: justify;\">Por su parte, el coordinador del evento, <strong>Omar Orellana Reyes<\/strong>, enfatiz\u00f3 que \u201ceste encuentro ofrece algo \u00fanico: varios d\u00edas de estad\u00eda en la monta\u00f1a, cl\u00ednicas para reforzar conocimientos y la oportunidad de convivir en un entorno natural que genera una sinergia especial. No buscamos certificar, pero s\u00ed entregar herramientas y experiencias valiosas para quienes ya tienen o desean adquirir nociones de monta\u00f1a y alta monta\u00f1a. Este tipo de instancias nacieron de la autogesti\u00f3n y hoy, con el apoyo de instituciones y empresas locales, hemos consolidado un espacio de aprendizaje integral y de bajo impacto\u201d.<\/p>\n<\/div><\/section><\/div><div  style='height:50px' class='hr hr-invisible   avia-builder-el-6  el_after_av_one_full  el_before_av_social_share '><span class='hr-inner ' ><span class='hr-inner-style'><\/span><\/span><\/div><\/p>\n<div  class='av-social-sharing-box  avia-builder-el-7  el_after_av_hr  el_before_av_hr  '><div class='av-share-box'><h5 class='av-share-link-description av-no-toc '>Compartir esta noticia<\/h5><ul class='av-share-box-list noLightbox'><li class='av-share-link av-social-link-facebook' ><a target=\"_blank\" aria-label=\"Compartir en Facebook\" href='https:\/\/www.facebook.com\/sharer.php?u=https:\/\/radiorevelacionfm.cl\/?p=57753&#038;t=Tres%20d%C3%ADas%20en%20la%20monta%C3%B1a%3A%20aprendizaje%2C%20aventura%20y%20noches%20bajo%20el%20cielo%20de%20Cochrane%20en%20el%204%C2%B0%20Encuentro%20Invernal%20Monte%20San%20Lorenzo' aria-hidden='false' data-av_icon='\ue8f3' data-av_iconfont='entypo-fontello' title='' data-avia-related-tooltip='Compartir en Facebook' rel=\"noopener\"><span class='avia_hidden_link_text'>Compartir en Facebook<\/span><\/a><\/li><li class='av-share-link av-social-link-twitter' ><a target=\"_blank\" aria-label=\"Compartir en Twitter\" href='https:\/\/twitter.com\/share?text=Tres%20d%C3%ADas%20en%20la%20monta%C3%B1a%3A%20aprendizaje%2C%20aventura%20y%20noches%20bajo%20el%20cielo%20de%20Cochrane%20en%20el%204%C2%B0%20Encuentro%20Invernal%20Monte%20San%20Lorenzo&#038;url=https:\/\/radiorevelacionfm.cl\/?p=57753' aria-hidden='false' data-av_icon='\ue8f1' data-av_iconfont='entypo-fontello' title='' data-avia-related-tooltip='Compartir en Twitter' rel=\"noopener\"><span class='avia_hidden_link_text'>Compartir en Twitter<\/span><\/a><\/li><li class='av-share-link av-social-link-whatsapp' ><a target=\"_blank\" aria-label=\"Compartir en Whatsapp\" href='https:\/\/api.whatsapp.com\/send?text=https:\/\/radiorevelacionfm.cl\/?p=57753' aria-hidden='false' data-av_icon='\uf232' data-av_iconfont='entypo-fontello' title='' data-avia-related-tooltip='Compartir en Whatsapp' rel=\"noopener\"><span class='avia_hidden_link_text'>Compartir en Whatsapp<\/span><\/a><\/li><li class='av-share-link av-social-link-linkedin' ><a target=\"_blank\" aria-label=\"Compartir en LinkedIn\" href='https:\/\/linkedin.com\/shareArticle?mini=true&#038;title=Tres%20d%C3%ADas%20en%20la%20monta%C3%B1a%3A%20aprendizaje%2C%20aventura%20y%20noches%20bajo%20el%20cielo%20de%20Cochrane%20en%20el%204%C2%B0%20Encuentro%20Invernal%20Monte%20San%20Lorenzo&#038;url=https:\/\/radiorevelacionfm.cl\/?p=57753' aria-hidden='false' data-av_icon='\ue8fc' data-av_iconfont='entypo-fontello' title='' data-avia-related-tooltip='Compartir en LinkedIn' rel=\"noopener\"><span class='avia_hidden_link_text'>Compartir en LinkedIn<\/span><\/a><\/li><li class='av-share-link av-social-link-mail' ><a  aria-label=\"Compartir por correo\" href='mailto:?subject=Tres%20d%C3%ADas%20en%20la%20monta%C3%B1a%3A%20aprendizaje%2C%20aventura%20y%20noches%20bajo%20el%20cielo%20de%20Cochrane%20en%20el%204%C2%B0%20Encuentro%20Invernal%20Monte%20San%20Lorenzo&#038;body=https:\/\/radiorevelacionfm.cl\/?p=57753' aria-hidden='false' data-av_icon='\ue805' data-av_iconfont='entypo-fontello' title='' data-avia-related-tooltip='Compartir por correo'><span class='avia_hidden_link_text'>Compartir por correo<\/span><\/a><\/li><\/ul><\/div><\/div>\n<div  style='height:50px' class='hr hr-invisible   avia-builder-el-8  el_after_av_social_share  el_before_av_comments_list '><span class='hr-inner ' ><span class='hr-inner-style'><\/span><\/span><\/div>\n<div  class='av-buildercomment  av-blog-meta-html-info-disabled av-blog-meta-tag-disabled  '><\/div>\n","protected":false},"excerpt":{"rendered":"","protected":false},"author":1,"featured_media":57754,"comment_status":"closed","ping_status":"closed","sticky":false,"template":"","format":"standard","meta":{"footnotes":""},"categories":[38],"tags":[],"class_list":["post-57753","post","type-post","status-publish","format-standard","has-post-thumbnail","hentry","category-regional"],"jetpack_featured_media_url":"https:\/\/radiorevelacionfm.cl\/wp-content\/uploads\/2025\/08\/MONTE-SAN-LORENZO-11-1-1.jpg","_links":{"self":[{"href":"https:\/\/radiorevelacionfm.cl\/index.php?rest_route=\/wp\/v2\/posts\/57753","targetHints":{"allow":["GET"]}}],"collection":[{"href":"https:\/\/radiorevelacionfm.cl\/index.php?rest_route=\/wp\/v2\/posts"}],"about":[{"href":"https:\/\/radiorevelacionfm.cl\/index.php?rest_route=\/wp\/v2\/types\/post"}],"author":[{"embeddable":true,"href":"https:\/\/radiorevelacionfm.cl\/index.php?rest_route=\/wp\/v2\/users\/1"}],"replies":[{"embeddable":true,"href":"https:\/\/radiorevelacionfm.cl\/index.php?rest_route=%2Fwp%2Fv2%2Fcomments&post=57753"}],"version-history":[{"count":2,"href":"https:\/\/radiorevelacionfm.cl\/index.php?rest_route=\/wp\/v2\/posts\/57753\/revisions"}],"predecessor-version":[{"id":57789,"href":"https:\/\/radiorevelacionfm.cl\/index.php?rest_route=\/wp\/v2\/posts\/57753\/revisions\/57789"}],"wp:featuredmedia":[{"embeddable":true,"href":"https:\/\/radiorevelacionfm.cl\/index.php?rest_route=\/wp\/v2\/media\/57754"}],"wp:attachment":[{"href":"https:\/\/radiorevelacionfm.cl\/index.php?rest_route=%2Fwp%2Fv2%2Fmedia&parent=57753"}],"wp:term":[{"taxonomy":"category","embeddable":true,"href":"https:\/\/radiorevelacionfm.cl\/index.php?rest_route=%2Fwp%2Fv2%2Fcategories&post=57753"},{"taxonomy":"post_tag","embeddable":true,"href":"https:\/\/radiorevelacionfm.cl\/index.php?rest_route=%2Fwp%2Fv2%2Ftags&post=57753"}],"curies":[{"name":"wp","href":"https:\/\/api.w.org\/{rel}","templated":true}]}}