{"id":57747,"date":"2025-08-14T13:05:47","date_gmt":"2025-08-14T16:05:47","guid":{"rendered":"https:\/\/radiorevelacionfm.cl\/?p=57747"},"modified":"2025-08-14T13:06:10","modified_gmt":"2025-08-14T16:06:10","slug":"fortalecen-la-red-electrica-en-poblacion-clotario-blest-con-nueva-subestacion-y-ampliacion-de-capacidad","status":"publish","type":"post","link":"https:\/\/radiorevelacionfm.cl\/?p=57747","title":{"rendered":"Fortalecen la red el\u00e9ctrica en Poblaci\u00f3n Clotario Blest con nueva subestaci\u00f3n y ampliaci\u00f3n de capacidad"},"content":{"rendered":"<div class=\"flex_column av_one_full  flex_column_div av-zero-column-padding first  avia-builder-el-0  el_before_av_one_full  avia-builder-el-first  \" style='border-radius:0px; '><div  class='avia-image-container  av-styling-    avia-builder-el-1  avia-builder-el-no-sibling  avia-align-center '  itemprop=\"image\" itemscope=\"itemscope\" itemtype=\"https:\/\/schema.org\/ImageObject\"  ><div class='avia-image-container-inner'><div class='avia-image-overlay-wrap'><img decoding=\"async\" class='wp-image-31220 avia-img-lazy-loading-not-31220 avia_image' src=\"https:\/\/radiorevelacionfm.cl\/wp-content\/uploads\/2023\/05\/2-8-1-1.jpg\" alt='' title='2-8-1 (1)' height=\"600\" width=\"808\"  itemprop=\"thumbnailUrl\" srcset=\"https:\/\/radiorevelacionfm.cl\/wp-content\/uploads\/2023\/05\/2-8-1-1.jpg 808w, https:\/\/radiorevelacionfm.cl\/wp-content\/uploads\/2023\/05\/2-8-1-1-300x223.jpg 300w, https:\/\/radiorevelacionfm.cl\/wp-content\/uploads\/2023\/05\/2-8-1-1-768x570.jpg 768w, https:\/\/radiorevelacionfm.cl\/wp-content\/uploads\/2023\/05\/2-8-1-1-705x524.jpg 705w, https:\/\/radiorevelacionfm.cl\/wp-content\/uploads\/2023\/05\/2-8-1-1-450x334.jpg 450w, https:\/\/radiorevelacionfm.cl\/wp-content\/uploads\/2023\/05\/2-8-1-1-600x446.jpg 600w\" sizes=\"(max-width: 808px) 100vw, 808px\" \/><\/div><\/div><\/div><\/div><div class=\"flex_column av_one_full  flex_column_div av-zero-column-padding first  avia-builder-el-2  el_after_av_one_full  el_before_av_one_full  column-top-margin\" style='border-radius:0px; '><section class=\"av_textblock_section \"  itemscope=\"itemscope\" itemtype=\"https:\/\/schema.org\/BlogPosting\" itemprop=\"blogPost\" ><div class='avia_textblock  '   itemprop=\"text\" ><p style=\"text-align: center;\"><strong><span style=\"font-size: 18pt;\">Fortalecen la red el\u00e9ctrica en Poblaci\u00f3n Clotario Blest con nueva subestaci\u00f3n y ampliaci\u00f3n de capacidad<\/span><\/strong><\/p>\n<div id=\"gtx-trans\" style=\"position: absolute; left: -50px; top: 4.31534px;\">\n<div class=\"gtx-trans-icon\"><\/div>\n<\/div>\n<\/div><\/section><\/div><div class=\"flex_column av_one_full  flex_column_div av-zero-column-padding first  avia-builder-el-4  el_after_av_one_full  el_before_av_hr  column-top-margin\" style='border-radius:0px; '><section class=\"av_textblock_section \"  itemscope=\"itemscope\" itemtype=\"https:\/\/schema.org\/BlogPosting\" itemprop=\"blogPost\" ><div class='avia_textblock  '   itemprop=\"text\" ><p style=\"text-align: justify;\"><em>Este jueves 14 de agosto, entre las 10:00 y las 16:00 horas, se ejecutar\u00e1n trabajos que permitir\u00e1n mejorar la calidad del suministro para los vecinos del sector.<\/em><\/p>\n<p style=\"text-align: justify;\">La el\u00e9ctrica avanza en su plan de modernizaci\u00f3n del sistema el\u00e9ctrico de Coyhaique con una importante intervenci\u00f3n en la Poblaci\u00f3n Clotario Blest. La iniciativa contempla la subdivisi\u00f3n de la subestaci\u00f3n existente ubicada en la intersecci\u00f3n de calle Las Cumbres con Las Lomas, junto con la instalaci\u00f3n de una nueva subestaci\u00f3n que reforzar\u00e1 la infraestructura actual.<\/p>\n<p style=\"text-align: justify;\">Como parte de estas labores, tambi\u00e9n se reemplazar\u00e1n dos estructuras de madera por postes de concreto armado, m\u00e1s resistentes y seguros. Junto con ello, se realizar\u00e1 la conversi\u00f3n de la red de bif\u00e1sica a trif\u00e1sica, aumentando su capacidad y permitiendo que futuros nuevos clientes puedan conectarse al suministro. Estas mejoras no solo fortalecer\u00e1n la continuidad del servicio, sino que tambi\u00e9n aportar\u00e1n a una mayor seguridad a los vecinos del sector.<\/p>\n<p style=\"text-align: justify;\">Roberto Pe\u00f1a ejecutivo de Edelaysen destac\u00f3 la relevancia de estas obras: \u201cEstas faenas son clave para garantizar un suministro m\u00e1s seguro, estable y robusto para los vecinos del sector Clotario Blest. De esta manera, damos cuenta de los esfuerzos para que m\u00e1s familias puedan conectarse, ampliando adem\u00e1s la capacidad existente en la zona. Agradecemos la comprensi\u00f3n de los vecinos ante la realizaci\u00f3n de estas obras\u201d.<\/p>\n<p style=\"text-align: justify;\">Durante la ejecuci\u00f3n de los trabajos, se realizar\u00e1 la interrupci\u00f3n programada del servicio en el sector desde las 10:00 a 16:00 horas en el sector. Adem\u00e1s desde Edelaysen recomendaron tomar las precauciones correspondientes durante este periodo, informando que ante dudas o requerimientos, los vecinos pueden comunicarse a la l\u00ednea gratuita 800 600 803 o visitar la web\u00a0<a href=\"https:\/\/nam10.safelinks.protection.outlook.com\/?url=http%3A%2F%2Fwww.edelaysen.cl%2F&amp;data=05%7C02%7Cmaria.marchant%40saesa.cl%7Cb28462f0cbdf4daf49fc08ddd9e3510f%7C136d6ab55b55496f97cb2424247715ed%7C0%7C0%7C638906292538290703%7CUnknown%7CTWFpbGZsb3d8eyJFbXB0eU1hcGkiOnRydWUsIlYiOiIwLjAuMDAwMCIsIlAiOiJXaW4zMiIsIkFOIjoiTWFpbCIsIldUIjoyfQ%3D%3D%7C0%7C%7C%7C&amp;sdata=bGr%2FesJmZuJU1wqrupiA0BB5K7erYUCHrgq0uSs9egU%3D&amp;reserved=0\">www.edelaysen.cl<\/a><\/p>\n<\/div><\/section><\/div><div  style='height:50px' class='hr hr-invisible   avia-builder-el-6  el_after_av_one_full  el_before_av_social_share '><span class='hr-inner ' ><span class='hr-inner-style'><\/span><\/span><\/div><\/p>\n<div  class='av-social-sharing-box  avia-builder-el-7  el_after_av_hr  el_before_av_hr  '><div class='av-share-box'><h5 class='av-share-link-description av-no-toc '>Compartir esta noticia<\/h5><ul class='av-share-box-list noLightbox'><li class='av-share-link av-social-link-facebook' ><a target=\"_blank\" aria-label=\"Compartir en Facebook\" href='https:\/\/www.facebook.com\/sharer.php?u=https:\/\/radiorevelacionfm.cl\/?p=57747&#038;t=Fortalecen%20la%20red%20el%C3%A9ctrica%20en%20Poblaci%C3%B3n%20Clotario%20Blest%20con%20nueva%20subestaci%C3%B3n%20y%20ampliaci%C3%B3n%20de%20capacidad' aria-hidden='false' data-av_icon='\ue8f3' data-av_iconfont='entypo-fontello' title='' data-avia-related-tooltip='Compartir en Facebook' rel=\"noopener\"><span class='avia_hidden_link_text'>Compartir en Facebook<\/span><\/a><\/li><li class='av-share-link av-social-link-twitter' ><a target=\"_blank\" aria-label=\"Compartir en Twitter\" href='https:\/\/twitter.com\/share?text=Fortalecen%20la%20red%20el%C3%A9ctrica%20en%20Poblaci%C3%B3n%20Clotario%20Blest%20con%20nueva%20subestaci%C3%B3n%20y%20ampliaci%C3%B3n%20de%20capacidad&#038;url=https:\/\/radiorevelacionfm.cl\/?p=57747' aria-hidden='false' data-av_icon='\ue8f1' data-av_iconfont='entypo-fontello' title='' data-avia-related-tooltip='Compartir en Twitter' rel=\"noopener\"><span class='avia_hidden_link_text'>Compartir en Twitter<\/span><\/a><\/li><li class='av-share-link av-social-link-whatsapp' ><a target=\"_blank\" aria-label=\"Compartir en Whatsapp\" href='https:\/\/api.whatsapp.com\/send?text=https:\/\/radiorevelacionfm.cl\/?p=57747' aria-hidden='false' data-av_icon='\uf232' data-av_iconfont='entypo-fontello' title='' data-avia-related-tooltip='Compartir en Whatsapp' rel=\"noopener\"><span class='avia_hidden_link_text'>Compartir en Whatsapp<\/span><\/a><\/li><li class='av-share-link av-social-link-linkedin' ><a target=\"_blank\" aria-label=\"Compartir en LinkedIn\" href='https:\/\/linkedin.com\/shareArticle?mini=true&#038;title=Fortalecen%20la%20red%20el%C3%A9ctrica%20en%20Poblaci%C3%B3n%20Clotario%20Blest%20con%20nueva%20subestaci%C3%B3n%20y%20ampliaci%C3%B3n%20de%20capacidad&#038;url=https:\/\/radiorevelacionfm.cl\/?p=57747' aria-hidden='false' data-av_icon='\ue8fc' data-av_iconfont='entypo-fontello' title='' data-avia-related-tooltip='Compartir en LinkedIn' rel=\"noopener\"><span class='avia_hidden_link_text'>Compartir en LinkedIn<\/span><\/a><\/li><li class='av-share-link av-social-link-mail' ><a  aria-label=\"Compartir por correo\" href='mailto:?subject=Fortalecen%20la%20red%20el%C3%A9ctrica%20en%20Poblaci%C3%B3n%20Clotario%20Blest%20con%20nueva%20subestaci%C3%B3n%20y%20ampliaci%C3%B3n%20de%20capacidad&#038;body=https:\/\/radiorevelacionfm.cl\/?p=57747' aria-hidden='false' data-av_icon='\ue805' data-av_iconfont='entypo-fontello' title='' data-avia-related-tooltip='Compartir por correo'><span class='avia_hidden_link_text'>Compartir por correo<\/span><\/a><\/li><\/ul><\/div><\/div>\n<div  style='height:50px' class='hr hr-invisible   avia-builder-el-8  el_after_av_social_share  el_before_av_comments_list '><span class='hr-inner ' ><span class='hr-inner-style'><\/span><\/span><\/div>\n<div  class='av-buildercomment  av-blog-meta-html-info-disabled av-blog-meta-tag-disabled  '><\/div>\n","protected":false},"excerpt":{"rendered":"","protected":false},"author":1,"featured_media":31220,"comment_status":"closed","ping_status":"closed","sticky":false,"template":"","format":"standard","meta":{"footnotes":""},"categories":[38],"tags":[],"class_list":["post-57747","post","type-post","status-publish","format-standard","has-post-thumbnail","hentry","category-regional"],"jetpack_featured_media_url":"https:\/\/radiorevelacionfm.cl\/wp-content\/uploads\/2023\/05\/2-8-1-1.jpg","_links":{"self":[{"href":"https:\/\/radiorevelacionfm.cl\/index.php?rest_route=\/wp\/v2\/posts\/57747","targetHints":{"allow":["GET"]}}],"collection":[{"href":"https:\/\/radiorevelacionfm.cl\/index.php?rest_route=\/wp\/v2\/posts"}],"about":[{"href":"https:\/\/radiorevelacionfm.cl\/index.php?rest_route=\/wp\/v2\/types\/post"}],"author":[{"embeddable":true,"href":"https:\/\/radiorevelacionfm.cl\/index.php?rest_route=\/wp\/v2\/users\/1"}],"replies":[{"embeddable":true,"href":"https:\/\/radiorevelacionfm.cl\/index.php?rest_route=%2Fwp%2Fv2%2Fcomments&post=57747"}],"version-history":[{"count":2,"href":"https:\/\/radiorevelacionfm.cl\/index.php?rest_route=\/wp\/v2\/posts\/57747\/revisions"}],"predecessor-version":[{"id":57777,"href":"https:\/\/radiorevelacionfm.cl\/index.php?rest_route=\/wp\/v2\/posts\/57747\/revisions\/57777"}],"wp:featuredmedia":[{"embeddable":true,"href":"https:\/\/radiorevelacionfm.cl\/index.php?rest_route=\/wp\/v2\/media\/31220"}],"wp:attachment":[{"href":"https:\/\/radiorevelacionfm.cl\/index.php?rest_route=%2Fwp%2Fv2%2Fmedia&parent=57747"}],"wp:term":[{"taxonomy":"category","embeddable":true,"href":"https:\/\/radiorevelacionfm.cl\/index.php?rest_route=%2Fwp%2Fv2%2Fcategories&post=57747"},{"taxonomy":"post_tag","embeddable":true,"href":"https:\/\/radiorevelacionfm.cl\/index.php?rest_route=%2Fwp%2Fv2%2Ftags&post=57747"}],"curies":[{"name":"wp","href":"https:\/\/api.w.org\/{rel}","templated":true}]}}