{"id":57744,"date":"2025-08-13T20:02:11","date_gmt":"2025-08-13T23:02:11","guid":{"rendered":"https:\/\/radiorevelacionfm.cl\/?p=57744"},"modified":"2025-08-13T20:02:11","modified_gmt":"2025-08-13T23:02:11","slug":"justicia-abierta-estudiantes-del-cft-estatal-visitan-el-tribunal-de-puerto-aysen","status":"publish","type":"post","link":"https:\/\/radiorevelacionfm.cl\/?p=57744","title":{"rendered":"Justicia Abierta: Estudiantes del CFT Estatal visitan el tribunal de Puerto Ays\u00e9n"},"content":{"rendered":"<div class=\"flex_column av_one_full  flex_column_div av-zero-column-padding first  avia-builder-el-0  el_before_av_one_full  avia-builder-el-first  \" style='border-radius:0px; '><div  class='avia-image-container  av-styling-    avia-builder-el-1  avia-builder-el-no-sibling  avia-align-center '  itemprop=\"image\" itemscope=\"itemscope\" itemtype=\"https:\/\/schema.org\/ImageObject\"  ><div class='avia-image-container-inner'><div class='avia-image-overlay-wrap'><img decoding=\"async\" class='wp-image-57745 avia-img-lazy-loading-not-57745 avia_image' src=\"https:\/\/radiorevelacionfm.cl\/wp-content\/uploads\/2025\/08\/foto-5-visita-aysen-1_optimized-1.jpg\" alt='' title='foto-5-visita-aysen-(1)_optimized (1)' height=\"600\" width=\"1374\"  itemprop=\"thumbnailUrl\" srcset=\"https:\/\/radiorevelacionfm.cl\/wp-content\/uploads\/2025\/08\/foto-5-visita-aysen-1_optimized-1.jpg 1374w, https:\/\/radiorevelacionfm.cl\/wp-content\/uploads\/2025\/08\/foto-5-visita-aysen-1_optimized-1-300x131.jpg 300w, https:\/\/radiorevelacionfm.cl\/wp-content\/uploads\/2025\/08\/foto-5-visita-aysen-1_optimized-1-1030x450.jpg 1030w, https:\/\/radiorevelacionfm.cl\/wp-content\/uploads\/2025\/08\/foto-5-visita-aysen-1_optimized-1-768x335.jpg 768w, https:\/\/radiorevelacionfm.cl\/wp-content\/uploads\/2025\/08\/foto-5-visita-aysen-1_optimized-1-705x308.jpg 705w, https:\/\/radiorevelacionfm.cl\/wp-content\/uploads\/2025\/08\/foto-5-visita-aysen-1_optimized-1-450x197.jpg 450w, https:\/\/radiorevelacionfm.cl\/wp-content\/uploads\/2025\/08\/foto-5-visita-aysen-1_optimized-1-600x262.jpg 600w\" sizes=\"(max-width: 1374px) 100vw, 1374px\" \/><\/div><\/div><\/div><\/div><div class=\"flex_column av_one_full  flex_column_div av-zero-column-padding first  avia-builder-el-2  el_after_av_one_full  el_before_av_one_full  column-top-margin\" style='border-radius:0px; '><section class=\"av_textblock_section \"  itemscope=\"itemscope\" itemtype=\"https:\/\/schema.org\/BlogPosting\" itemprop=\"blogPost\" ><div class='avia_textblock  '   itemprop=\"text\" ><p style=\"text-align: center;\"><span style=\"font-size: 18pt;\"><b>Justicia Abierta: Estudiantes del CFT Estatal visitan el tribunal de Puerto Ays\u00e9n<\/b><\/span><\/p>\n<div id=\"gtx-trans\" style=\"position: absolute; left: -50px; top: 4.31534px;\">\n<div class=\"gtx-trans-icon\"><\/div>\n<\/div>\n<\/div><\/section><\/div><div class=\"flex_column av_one_full  flex_column_div av-zero-column-padding first  avia-builder-el-4  el_after_av_one_full  el_before_av_hr  column-top-margin\" style='border-radius:0px; '><section class=\"av_textblock_section \"  itemscope=\"itemscope\" itemtype=\"https:\/\/schema.org\/BlogPosting\" itemprop=\"blogPost\" ><div class='avia_textblock  '   itemprop=\"text\" ><p style=\"font-weight: 400; text-align: justify;\">En el marco de la pol\u00edtica de Justicia Abierta en el Territorio y con el objetivo de fortalecer el v\u00ednculo con la comunidad, el Juzgado de Letras, Garant\u00eda y Familia de Puerto Ays\u00e9n recibi\u00f3 ayer -martes 12 de agosto- la visita de estudiantes de la carrera de T\u00e9cnico de Nivel Superior en Administraci\u00f3n de Empresas y Negocios del Centro de Formaci\u00f3n T\u00e9cnica Estatal de Ays\u00e9n.<\/p>\n<p style=\"font-weight: 400; text-align: justify;\">En la visita fueron recibidos por la jueza presidenta, Dalia Illezca Carrasco, y cont\u00f3 con el apoyo de los funcionarios Pamela Aburto Mu\u00f1oz, Catherine Ulloa Valdebenito y Orlando Mu\u00f1oz Burgos, quienes compartieron su experiencia y conocimientos sobre el quehacer del tribunal.<\/p>\n<p style=\"font-weight: 400; text-align: justify;\">Durante la jornada, los j\u00f3venes realizaron un recorrido guiado por las dependencias del tribunal, instancia en la que conocieron en detalle el funcionamiento administrativo y jurisdiccional de sus distintas unidades: Familia, Garant\u00eda, Civil, Laboral y Cobranza. Adem\u00e1s, recibieron una explicaci\u00f3n sobre el uso de la Oficina Judicial Virtual y la plataforma CONECTA.PJUD, herramientas que permiten facilitar el acceso a la informaci\u00f3n y los tr\u00e1mites en l\u00ednea.<\/p>\n<p style=\"font-weight: 400; text-align: justify;\">La actividad incluy\u00f3 un espacio de di\u00e1logo en el que los estudiantes, junto a su docente, pudieron resolver dudas relacionadas con procedimientos judiciales y situaciones de inter\u00e9s personal y familiar.<\/p>\n<p style=\"font-weight: 400; text-align: justify;\">Esta iniciativa refuerza el compromiso del Poder Judicial con la transparencia, la participaci\u00f3n ciudadana y el acercamiento de la justicia a la comunidad, contribuyendo al conocimiento y comprensi\u00f3n del sistema judicial por parte de los futuros profesionales de la regi\u00f3n.<\/p>\n<\/div><\/section><\/div><div  style='height:50px' class='hr hr-invisible   avia-builder-el-6  el_after_av_one_full  el_before_av_social_share '><span class='hr-inner ' ><span class='hr-inner-style'><\/span><\/span><\/div><\/p>\n<div  class='av-social-sharing-box  avia-builder-el-7  el_after_av_hr  el_before_av_hr  '><div class='av-share-box'><h5 class='av-share-link-description av-no-toc '>Compartir esta noticia<\/h5><ul class='av-share-box-list noLightbox'><li class='av-share-link av-social-link-facebook' ><a target=\"_blank\" aria-label=\"Compartir en Facebook\" href='https:\/\/www.facebook.com\/sharer.php?u=https:\/\/radiorevelacionfm.cl\/?p=57744&#038;t=Justicia%20Abierta%3A%20Estudiantes%20del%20CFT%20Estatal%20visitan%20el%20tribunal%20de%20Puerto%20Ays%C3%A9n' aria-hidden='false' data-av_icon='\ue8f3' data-av_iconfont='entypo-fontello' title='' data-avia-related-tooltip='Compartir en Facebook' rel=\"noopener\"><span class='avia_hidden_link_text'>Compartir en Facebook<\/span><\/a><\/li><li class='av-share-link av-social-link-twitter' ><a target=\"_blank\" aria-label=\"Compartir en Twitter\" href='https:\/\/twitter.com\/share?text=Justicia%20Abierta%3A%20Estudiantes%20del%20CFT%20Estatal%20visitan%20el%20tribunal%20de%20Puerto%20Ays%C3%A9n&#038;url=https:\/\/radiorevelacionfm.cl\/?p=57744' aria-hidden='false' data-av_icon='\ue8f1' data-av_iconfont='entypo-fontello' title='' data-avia-related-tooltip='Compartir en Twitter' rel=\"noopener\"><span class='avia_hidden_link_text'>Compartir en Twitter<\/span><\/a><\/li><li class='av-share-link av-social-link-whatsapp' ><a target=\"_blank\" aria-label=\"Compartir en Whatsapp\" href='https:\/\/api.whatsapp.com\/send?text=https:\/\/radiorevelacionfm.cl\/?p=57744' aria-hidden='false' data-av_icon='\uf232' data-av_iconfont='entypo-fontello' title='' data-avia-related-tooltip='Compartir en Whatsapp' rel=\"noopener\"><span class='avia_hidden_link_text'>Compartir en Whatsapp<\/span><\/a><\/li><li class='av-share-link av-social-link-linkedin' ><a target=\"_blank\" aria-label=\"Compartir en LinkedIn\" href='https:\/\/linkedin.com\/shareArticle?mini=true&#038;title=Justicia%20Abierta%3A%20Estudiantes%20del%20CFT%20Estatal%20visitan%20el%20tribunal%20de%20Puerto%20Ays%C3%A9n&#038;url=https:\/\/radiorevelacionfm.cl\/?p=57744' aria-hidden='false' data-av_icon='\ue8fc' data-av_iconfont='entypo-fontello' title='' data-avia-related-tooltip='Compartir en LinkedIn' rel=\"noopener\"><span class='avia_hidden_link_text'>Compartir en LinkedIn<\/span><\/a><\/li><li class='av-share-link av-social-link-mail' ><a  aria-label=\"Compartir por correo\" href='mailto:?subject=Justicia%20Abierta%3A%20Estudiantes%20del%20CFT%20Estatal%20visitan%20el%20tribunal%20de%20Puerto%20Ays%C3%A9n&#038;body=https:\/\/radiorevelacionfm.cl\/?p=57744' aria-hidden='false' data-av_icon='\ue805' data-av_iconfont='entypo-fontello' title='' data-avia-related-tooltip='Compartir por correo'><span class='avia_hidden_link_text'>Compartir por correo<\/span><\/a><\/li><\/ul><\/div><\/div>\n<div  style='height:50px' class='hr hr-invisible   avia-builder-el-8  el_after_av_social_share  el_before_av_comments_list '><span class='hr-inner ' ><span class='hr-inner-style'><\/span><\/span><\/div>\n<div  class='av-buildercomment  av-blog-meta-html-info-disabled av-blog-meta-tag-disabled  '><\/div>\n","protected":false},"excerpt":{"rendered":"","protected":false},"author":1,"featured_media":57745,"comment_status":"closed","ping_status":"closed","sticky":false,"template":"","format":"standard","meta":{"footnotes":""},"categories":[55],"tags":[],"class_list":["post-57744","post","type-post","status-publish","format-standard","has-post-thumbnail","hentry","category-justicia"],"jetpack_featured_media_url":"https:\/\/radiorevelacionfm.cl\/wp-content\/uploads\/2025\/08\/foto-5-visita-aysen-1_optimized-1.jpg","_links":{"self":[{"href":"https:\/\/radiorevelacionfm.cl\/index.php?rest_route=\/wp\/v2\/posts\/57744","targetHints":{"allow":["GET"]}}],"collection":[{"href":"https:\/\/radiorevelacionfm.cl\/index.php?rest_route=\/wp\/v2\/posts"}],"about":[{"href":"https:\/\/radiorevelacionfm.cl\/index.php?rest_route=\/wp\/v2\/types\/post"}],"author":[{"embeddable":true,"href":"https:\/\/radiorevelacionfm.cl\/index.php?rest_route=\/wp\/v2\/users\/1"}],"replies":[{"embeddable":true,"href":"https:\/\/radiorevelacionfm.cl\/index.php?rest_route=%2Fwp%2Fv2%2Fcomments&post=57744"}],"version-history":[{"count":2,"href":"https:\/\/radiorevelacionfm.cl\/index.php?rest_route=\/wp\/v2\/posts\/57744\/revisions"}],"predecessor-version":[{"id":57775,"href":"https:\/\/radiorevelacionfm.cl\/index.php?rest_route=\/wp\/v2\/posts\/57744\/revisions\/57775"}],"wp:featuredmedia":[{"embeddable":true,"href":"https:\/\/radiorevelacionfm.cl\/index.php?rest_route=\/wp\/v2\/media\/57745"}],"wp:attachment":[{"href":"https:\/\/radiorevelacionfm.cl\/index.php?rest_route=%2Fwp%2Fv2%2Fmedia&parent=57744"}],"wp:term":[{"taxonomy":"category","embeddable":true,"href":"https:\/\/radiorevelacionfm.cl\/index.php?rest_route=%2Fwp%2Fv2%2Fcategories&post=57744"},{"taxonomy":"post_tag","embeddable":true,"href":"https:\/\/radiorevelacionfm.cl\/index.php?rest_route=%2Fwp%2Fv2%2Ftags&post=57744"}],"curies":[{"name":"wp","href":"https:\/\/api.w.org\/{rel}","templated":true}]}}