{"id":5774,"date":"2021-07-01T10:27:45","date_gmt":"2021-07-01T13:27:45","guid":{"rendered":"https:\/\/radiorevelacionfm.cl\/?p=5774"},"modified":"2021-07-01T10:27:45","modified_gmt":"2021-07-01T13:27:45","slug":"mas-de-400-atenciones-a-victimas-de-violencia-intrafamiliar-efectuo-fiscalia-aysen-durante-el-primer-semestre-del-ano","status":"publish","type":"post","link":"https:\/\/radiorevelacionfm.cl\/?p=5774","title":{"rendered":"M\u00e1s de 400 atenciones a v\u00edctimas de violencia intrafamiliar efect\u00fao Fiscal\u00eda Ays\u00e9n durante el primer semestre del a\u00f1o"},"content":{"rendered":"<div class=\"flex_column av_one_full  flex_column_div av-zero-column-padding first  avia-builder-el-0  el_before_av_one_full  avia-builder-el-first  \" style='border-radius:0px; '><div  class='avia-image-container  av-styling-    avia-builder-el-1  avia-builder-el-no-sibling  avia-align-center '  itemprop=\"image\" itemscope=\"itemscope\" itemtype=\"https:\/\/schema.org\/ImageObject\"  ><div class='avia-image-container-inner'><div class='avia-image-overlay-wrap'><img decoding=\"async\" class='wp-image-5775 avia-img-lazy-loading-not-5775 avia_image' src=\"https:\/\/radiorevelacionfm.cl\/wp-content\/uploads\/2021\/06\/Fiscalia-29_06_2021Aysen-1-1.jpg\" alt='' title='Fiscalia 29_06_2021Aysen (1) (1)' height=\"600\" width=\"984\"  itemprop=\"thumbnailUrl\" srcset=\"https:\/\/radiorevelacionfm.cl\/wp-content\/uploads\/2021\/06\/Fiscalia-29_06_2021Aysen-1-1.jpg 984w, https:\/\/radiorevelacionfm.cl\/wp-content\/uploads\/2021\/06\/Fiscalia-29_06_2021Aysen-1-1-300x183.jpg 300w, https:\/\/radiorevelacionfm.cl\/wp-content\/uploads\/2021\/06\/Fiscalia-29_06_2021Aysen-1-1-768x468.jpg 768w, https:\/\/radiorevelacionfm.cl\/wp-content\/uploads\/2021\/06\/Fiscalia-29_06_2021Aysen-1-1-705x430.jpg 705w, https:\/\/radiorevelacionfm.cl\/wp-content\/uploads\/2021\/06\/Fiscalia-29_06_2021Aysen-1-1-600x366.jpg 600w\" sizes=\"(max-width: 984px) 100vw, 984px\" \/><\/div><\/div><\/div><\/div><div class=\"flex_column av_one_full  flex_column_div av-zero-column-padding first  avia-builder-el-2  el_after_av_one_full  el_before_av_one_full  column-top-margin\" style='border-radius:0px; '><section class=\"av_textblock_section \"  itemscope=\"itemscope\" itemtype=\"https:\/\/schema.org\/BlogPosting\" itemprop=\"blogPost\" ><div class='avia_textblock  '   itemprop=\"text\" ><p style=\"text-align: center;\"><strong><span style=\"font-size: 18pt;\">M\u00e1s de 400 atenciones a v\u00edctimas de violencia intrafamiliar efect\u00fao Fiscal\u00eda Ays\u00e9n durante el primer semestre del a\u00f1o<\/span><\/strong><\/p>\n<div id=\"gtx-trans\" style=\"position: absolute; left: -50px; top: 4.31534px;\">\n<div class=\"gtx-trans-icon\"><\/div>\n<\/div>\n<\/div><\/section><\/div><div class=\"flex_column av_one_full  flex_column_div av-zero-column-padding first  avia-builder-el-4  el_after_av_one_full  el_before_av_hr  column-top-margin\" style='border-radius:0px; '><section class=\"av_textblock_section \"  itemscope=\"itemscope\" itemtype=\"https:\/\/schema.org\/BlogPosting\" itemprop=\"blogPost\" ><div class='avia_textblock  '   itemprop=\"text\" ><p style=\"text-align: justify;\">Relocalizaciones en otras comunas o regiones del pa\u00eds para v\u00edctimas de violencia intrafamiliar y reforzamientos de la seguridad domiciliaria, han sido algunas de las prestaciones que ha entregado, de forma prioritaria, la Unidad de Atenci\u00f3n a V\u00edctimas y Testigos de la Fiscal\u00eda Regional de Ays\u00e9n durante los 6 primeros meses del a\u00f1o.<\/p>\n<p style=\"text-align: justify;\">As\u00ed lo inform\u00f3 el Jefe de la Unidad de V\u00edctimas y Testigos, Julio S\u00e1nchez Meza, quien agreg\u00f3 que de acuerdo a la importancia del caso, los fiscales derivan y la Unidad de V\u00edctimas efect\u00faa las pautas de riesgo, principalmente en hechos de violencia intrafamiliar.<\/p>\n<p style=\"text-align: justify;\">DERIVACIONES<\/p>\n<p style=\"text-align: justify;\">\u201cEl trabajo de la Unidad de V\u00edctimas ha sido el que regularmente se ha efectuado todo estos a\u00f1os, no obstante la situaci\u00f3n de pandemia, lo cual ha implicado 404 derivaciones en causas de Violencia Intrafamiliar y 123 derivaciones en causas de ni\u00f1os, ni\u00f1as y adolescentes\u201d, detall\u00f3 Julio S\u00e1nchez.<\/p>\n<p style=\"text-align: justify;\">En relaci\u00f3n a las ni\u00f1as, ni\u00f1os y adolescentes, adem\u00e1s de las acciones de orientaci\u00f3n y apoyo principalmente en delitos sexuales, se contempla la realizaci\u00f3n de entrevistas investigativas videograbadas en casos de delitos graves.<\/p>\n<p style=\"text-align: justify;\">FONDO ESPECIAL<\/p>\n<p style=\"text-align: justify;\">\u201cSe han mantenido los profesionales trabajando normalmente y en relaci\u00f3n al Fondo FAE, hay una ejecuci\u00f3n de aproximadamente 22 millones de pesos, lo cual implica acciones efectuadas en favor de las v\u00edctimas tanto en las \u00e1reas de protecci\u00f3n y apoyo\u201d, detall\u00f3 el jefe de la Unidad de V\u00edctimas de la Fiscal\u00eda en la regi\u00f3n de Ays\u00e9n en relaci\u00f3n a este \u00edtem del Ministerio P\u00fablico, que permite apoyar materialmente a v\u00edctimas de delitos.<\/p>\n<p style=\"text-align: justify;\">Sobre esto, el profesional detall\u00f3 que se ha registrado un aumento de los casos de relocalizaci\u00f3n y arriendo para v\u00edctimas \u2013principalmente de violencia intrafamiliar- que deben trasladarse a vivir a otras comunas o regiones del pa\u00eds, para resguardar su integridad y la de sus hijos.<\/p>\n<p style=\"text-align: justify;\">A lo anterior, se suman los reforzamientos domiciliarios, que incluyen rejas y protecciones en ventanas, entre otros, adem\u00e1s de instalaci\u00f3n de c\u00e1maras de seguridad y alarmas para proteger a las v\u00edctimas de delitos, en l\u00ednea con las orientaciones de prioridad para atenci\u00f3n de v\u00edctimas de casos complejos entregadas por el Fiscal Regional, Carlos Palma Guerra.<\/p>\n<p style=\"text-align: justify;\">La Unidad de Atenci\u00f3n a V\u00edctimas y Testigos del Ministerio P\u00fablico es un equipo multidisciplinario compuesto por profesionales y t\u00e9cnicos de diversas \u00e1reas para concretar las prestaciones requeridas.<\/p>\n<\/div><\/section><\/div><div  style='height:50px' class='hr hr-invisible   avia-builder-el-6  el_after_av_one_full  el_before_av_social_share '><span class='hr-inner ' ><span class='hr-inner-style'><\/span><\/span><\/div><\/p>\n<div  class='av-social-sharing-box  avia-builder-el-7  el_after_av_hr  el_before_av_hr  '><div class='av-share-box'><h5 class='av-share-link-description av-no-toc '>Compartir esta noticia<\/h5><ul class='av-share-box-list noLightbox'><li class='av-share-link av-social-link-facebook' ><a target=\"_blank\" aria-label=\"Compartir en Facebook\" href='https:\/\/www.facebook.com\/sharer.php?u=https:\/\/radiorevelacionfm.cl\/?p=5774&#038;t=M%C3%A1s%20de%20400%20atenciones%20a%20v%C3%ADctimas%20de%20violencia%20intrafamiliar%20efect%C3%BAo%20Fiscal%C3%ADa%20Ays%C3%A9n%20durante%20el%20primer%20semestre%20del%20a%C3%B1o' aria-hidden='false' data-av_icon='\ue8f3' data-av_iconfont='entypo-fontello' title='' data-avia-related-tooltip='Compartir en Facebook' rel=\"noopener\"><span class='avia_hidden_link_text'>Compartir en Facebook<\/span><\/a><\/li><li class='av-share-link av-social-link-twitter' ><a target=\"_blank\" aria-label=\"Compartir en Twitter\" href='https:\/\/twitter.com\/share?text=M%C3%A1s%20de%20400%20atenciones%20a%20v%C3%ADctimas%20de%20violencia%20intrafamiliar%20efect%C3%BAo%20Fiscal%C3%ADa%20Ays%C3%A9n%20durante%20el%20primer%20semestre%20del%20a%C3%B1o&#038;url=https:\/\/radiorevelacionfm.cl\/?p=5774' aria-hidden='false' data-av_icon='\ue8f1' data-av_iconfont='entypo-fontello' title='' data-avia-related-tooltip='Compartir en Twitter' rel=\"noopener\"><span class='avia_hidden_link_text'>Compartir en Twitter<\/span><\/a><\/li><li class='av-share-link av-social-link-whatsapp' ><a target=\"_blank\" aria-label=\"Compartir en Whatsapp\" href='https:\/\/api.whatsapp.com\/send?text=https:\/\/radiorevelacionfm.cl\/?p=5774' aria-hidden='false' data-av_icon='\uf232' data-av_iconfont='entypo-fontello' title='' data-avia-related-tooltip='Compartir en Whatsapp' rel=\"noopener\"><span class='avia_hidden_link_text'>Compartir en Whatsapp<\/span><\/a><\/li><li class='av-share-link av-social-link-linkedin' ><a target=\"_blank\" aria-label=\"Compartir en LinkedIn\" href='https:\/\/linkedin.com\/shareArticle?mini=true&#038;title=M%C3%A1s%20de%20400%20atenciones%20a%20v%C3%ADctimas%20de%20violencia%20intrafamiliar%20efect%C3%BAo%20Fiscal%C3%ADa%20Ays%C3%A9n%20durante%20el%20primer%20semestre%20del%20a%C3%B1o&#038;url=https:\/\/radiorevelacionfm.cl\/?p=5774' aria-hidden='false' data-av_icon='\ue8fc' data-av_iconfont='entypo-fontello' title='' data-avia-related-tooltip='Compartir en LinkedIn' rel=\"noopener\"><span class='avia_hidden_link_text'>Compartir en LinkedIn<\/span><\/a><\/li><li class='av-share-link av-social-link-mail' ><a  aria-label=\"Compartir por correo\" href='mailto:?subject=M%C3%A1s%20de%20400%20atenciones%20a%20v%C3%ADctimas%20de%20violencia%20intrafamiliar%20efect%C3%BAo%20Fiscal%C3%ADa%20Ays%C3%A9n%20durante%20el%20primer%20semestre%20del%20a%C3%B1o&#038;body=https:\/\/radiorevelacionfm.cl\/?p=5774' aria-hidden='false' data-av_icon='\ue805' data-av_iconfont='entypo-fontello' title='' data-avia-related-tooltip='Compartir por correo'><span class='avia_hidden_link_text'>Compartir por correo<\/span><\/a><\/li><\/ul><\/div><\/div>\n<div  style='height:50px' class='hr hr-invisible   avia-builder-el-8  el_after_av_social_share  el_before_av_comments_list '><span class='hr-inner ' ><span class='hr-inner-style'><\/span><\/span><\/div>\n<div  class='av-buildercomment  av-blog-meta-html-info-disabled av-blog-meta-tag-disabled  '><\/div>\n","protected":false},"excerpt":{"rendered":"","protected":false},"author":1,"featured_media":5775,"comment_status":"open","ping_status":"open","sticky":false,"template":"","format":"standard","meta":{"footnotes":""},"categories":[55],"tags":[],"class_list":["post-5774","post","type-post","status-publish","format-standard","has-post-thumbnail","hentry","category-justicia"],"jetpack_featured_media_url":"https:\/\/radiorevelacionfm.cl\/wp-content\/uploads\/2021\/06\/Fiscalia-29_06_2021Aysen-1-1.jpg","_links":{"self":[{"href":"https:\/\/radiorevelacionfm.cl\/index.php?rest_route=\/wp\/v2\/posts\/5774","targetHints":{"allow":["GET"]}}],"collection":[{"href":"https:\/\/radiorevelacionfm.cl\/index.php?rest_route=\/wp\/v2\/posts"}],"about":[{"href":"https:\/\/radiorevelacionfm.cl\/index.php?rest_route=\/wp\/v2\/types\/post"}],"author":[{"embeddable":true,"href":"https:\/\/radiorevelacionfm.cl\/index.php?rest_route=\/wp\/v2\/users\/1"}],"replies":[{"embeddable":true,"href":"https:\/\/radiorevelacionfm.cl\/index.php?rest_route=%2Fwp%2Fv2%2Fcomments&post=5774"}],"version-history":[{"count":1,"href":"https:\/\/radiorevelacionfm.cl\/index.php?rest_route=\/wp\/v2\/posts\/5774\/revisions"}],"predecessor-version":[{"id":5776,"href":"https:\/\/radiorevelacionfm.cl\/index.php?rest_route=\/wp\/v2\/posts\/5774\/revisions\/5776"}],"wp:featuredmedia":[{"embeddable":true,"href":"https:\/\/radiorevelacionfm.cl\/index.php?rest_route=\/wp\/v2\/media\/5775"}],"wp:attachment":[{"href":"https:\/\/radiorevelacionfm.cl\/index.php?rest_route=%2Fwp%2Fv2%2Fmedia&parent=5774"}],"wp:term":[{"taxonomy":"category","embeddable":true,"href":"https:\/\/radiorevelacionfm.cl\/index.php?rest_route=%2Fwp%2Fv2%2Fcategories&post=5774"},{"taxonomy":"post_tag","embeddable":true,"href":"https:\/\/radiorevelacionfm.cl\/index.php?rest_route=%2Fwp%2Fv2%2Ftags&post=5774"}],"curies":[{"name":"wp","href":"https:\/\/api.w.org\/{rel}","templated":true}]}}