{"id":57739,"date":"2025-08-14T13:47:57","date_gmt":"2025-08-14T16:47:57","guid":{"rendered":"https:\/\/radiorevelacionfm.cl\/?p=57739"},"modified":"2025-08-14T13:47:57","modified_gmt":"2025-08-14T16:47:57","slug":"dialogos-intersectoriales-sobre-el-mundo-digital-para-que-las-comunidades-educativas-puedan-convivir-con-el-uso-del-internet","status":"publish","type":"post","link":"https:\/\/radiorevelacionfm.cl\/?p=57739","title":{"rendered":"Di\u00e1logos intersectoriales sobre el mundo digital, para que las comunidades educativas puedan convivir con el uso del internet"},"content":{"rendered":"<div class=\"flex_column av_one_full  flex_column_div av-zero-column-padding first  avia-builder-el-0  el_before_av_one_full  avia-builder-el-first  \" style='border-radius:0px; '><div  class='avia-image-container  av-styling-    avia-builder-el-1  avia-builder-el-no-sibling  avia-align-center '  itemprop=\"image\" itemscope=\"itemscope\" itemtype=\"https:\/\/schema.org\/ImageObject\"  ><div class='avia-image-container-inner'><div class='avia-image-overlay-wrap'><img decoding=\"async\" class='wp-image-57741 avia-img-lazy-loading-not-57741 avia_image' src=\"https:\/\/radiorevelacionfm.cl\/wp-content\/uploads\/2025\/08\/Dialogo-1-1-1.jpeg\" alt='' title='Di\u00e1logo 1 (1) (1)' height=\"600\" width=\"800\"  itemprop=\"thumbnailUrl\" srcset=\"https:\/\/radiorevelacionfm.cl\/wp-content\/uploads\/2025\/08\/Dialogo-1-1-1.jpeg 800w, https:\/\/radiorevelacionfm.cl\/wp-content\/uploads\/2025\/08\/Dialogo-1-1-1-300x225.jpeg 300w, https:\/\/radiorevelacionfm.cl\/wp-content\/uploads\/2025\/08\/Dialogo-1-1-1-768x576.jpeg 768w, https:\/\/radiorevelacionfm.cl\/wp-content\/uploads\/2025\/08\/Dialogo-1-1-1-705x529.jpeg 705w, https:\/\/radiorevelacionfm.cl\/wp-content\/uploads\/2025\/08\/Dialogo-1-1-1-450x338.jpeg 450w, https:\/\/radiorevelacionfm.cl\/wp-content\/uploads\/2025\/08\/Dialogo-1-1-1-600x450.jpeg 600w\" sizes=\"(max-width: 800px) 100vw, 800px\" \/><\/div><\/div><\/div><\/div><div class=\"flex_column av_one_full  flex_column_div av-zero-column-padding first  avia-builder-el-2  el_after_av_one_full  el_before_av_one_full  column-top-margin\" style='border-radius:0px; '><section class=\"av_textblock_section \"  itemscope=\"itemscope\" itemtype=\"https:\/\/schema.org\/BlogPosting\" itemprop=\"blogPost\" ><div class='avia_textblock  '   itemprop=\"text\" ><p style=\"text-align: center;\"><span style=\"font-size: 18pt;\"><strong>Di\u00e1logos intersectoriales sobre el mundo digital, para que las comunidades educativas puedan convivir con el uso del internet<\/strong><\/span><\/p>\n<div id=\"gtx-trans\" style=\"position: absolute; left: -50px; top: 4.31534px;\">\n<div class=\"gtx-trans-icon\"><\/div>\n<\/div>\n<\/div><\/section><\/div><div class=\"flex_column av_one_full  flex_column_div av-zero-column-padding first  avia-builder-el-4  el_after_av_one_full  el_before_av_hr  column-top-margin\" style='border-radius:0px; '><section class=\"av_textblock_section \"  itemscope=\"itemscope\" itemtype=\"https:\/\/schema.org\/BlogPosting\" itemprop=\"blogPost\" ><div class='avia_textblock  '   itemprop=\"text\" ><p style=\"text-align: justify;\">El trabajo conjunto entre el Ministerio Secretar\u00eda General de Gobierno y el Ministerio de Educaci\u00f3n, permiti\u00f3 el desarrollo del \u201cPlan Ciudadan\u00eda y Alfabetizaci\u00f3n Digital: recursos y herramientas para el fortalecimiento de la convivencia democr\u00e1tica\u201d, que tiene como objetivo fortalecer la alfabetizaci\u00f3n medi\u00e1tica, informacional y digital de la ciudadan\u00eda.<\/p>\n<p style=\"text-align: justify;\">Este Plan busca generar conciencia sobre los desaf\u00edos, oportunidades y riesgos de los entornos digitales para resguardar la democracia y fortalecer la vida en comunidad, mediante el desarrollo de capacidades digitales en los establecimientos educacionales y en la sociedad civil.<\/p>\n<p style=\"text-align: justify;\">Para poder lograr esto, la Seremi de Educaci\u00f3n, Katherine Miqueles, junto a la Seremi de Gobierno, \u00darsula Mix, y sus equipos, realizaron encuentros con las comunidades educativas del Liceo Polit\u00e9cnico de Ays\u00e9n y el Liceo San Felipe Benicio de Coyhaique.<\/p>\n<p style=\"text-align: justify;\">En estas instancias de participaci\u00f3n, docentes, estudiantes, apoderados\/as y tutores, pudieron conocer el spot \u201cInternet es un mar de posibilidades\u201d, dialogar sobre el uso del internet y las tecnolog\u00edas digitales, y conocer la importancia de los riesgos del uso de las redes sociales y c\u00f3mo ha impactado en ni\u00f1os, ni\u00f1as y adolescentes. Para esto, se tomar\u00e1n acuerdos en cada establecimiento que permitir\u00e1n generar acciones para prevenir y establecer responsabilidades sobre el uso de herramientas digitales.<\/p>\n<p style=\"text-align: justify;\">Al respecto, la Seremi de Gobierno se\u00f1al\u00f3 \u201cEstamos en los di\u00e1logos intergeneracionales de Ciudadan\u00eda Digital para ense\u00f1arnos a navegar en este mundillo digital con nuevas herramientas donde la comunidad educativa se va a poder informar\u201d.<\/p>\n<p style=\"text-align: justify;\">La plataforma <a href=\"https:\/\/ciudadaniadigital.mineduc.cl\/\">https:\/\/ciudadaniadigital.mineduc.cl\/<\/a> fomenta competencias claves para el ejercicio de los derechos digitales y una convivencia democr\u00e1tica, mediante un uso seguro, responsable, cr\u00edtico y creativo de las tecnolog\u00edas, entendiendo su impacto en la vida personal y social, entregando recursos y herramientas, como por ejemplo, recomendaciones para trabajar con familias el rol mediador en el uso de dispositivos m\u00f3viles.<\/p>\n<p style=\"text-align: justify;\">De aqu\u00ed se desprenden cuatro dimensiones para el ejercicio de la ciudadan\u00eda digital: alfabetizaci\u00f3n digital cr\u00edtica y reflexiva, cuidado y responsabilidades digitales, participaci\u00f3n ciudadana digital, y creatividad digital e innovaci\u00f3n. Estas dimensiones se discuten en mesas de conversaci\u00f3n dentro de la comunidad educativa, con el objetivo de promover el uso de los recursos disponibles en el sitio web de ciudadan\u00eda digital para prevenir y enfrentar los desaf\u00edos del uso de internet.<\/p>\n<p style=\"text-align: justify;\">Desde Ays\u00e9n, la Seremi de Educaci\u00f3n invita a todas las comunidades educativas de la regi\u00f3n \u201cDesde el Liceo Polit\u00e9cnico A 1 de Puerto Ays\u00e9n, junto a la Seremi de Gobierno \u00darsula Mix, queremos invitar a todas las comunidades educativas a sumarse a la campa\u00f1a Ciudadan\u00eda Digital. Revisen toda la informaci\u00f3n en <a href=\"http:\/\/ciudadaniadigital.mineduc.cl\">ciudadaniadigital.mineduc.cl<\/a>\u201d, concluy\u00f3.<\/p>\n<\/div><\/section><\/div><div  style='height:50px' class='hr hr-invisible   avia-builder-el-6  el_after_av_one_full  el_before_av_social_share '><span class='hr-inner ' ><span class='hr-inner-style'><\/span><\/span><\/div><\/p>\n<div  class='av-social-sharing-box  avia-builder-el-7  el_after_av_hr  el_before_av_hr  '><div class='av-share-box'><h5 class='av-share-link-description av-no-toc '>Compartir esta noticia<\/h5><ul class='av-share-box-list noLightbox'><li class='av-share-link av-social-link-facebook' ><a target=\"_blank\" aria-label=\"Compartir en Facebook\" href='https:\/\/www.facebook.com\/sharer.php?u=https:\/\/radiorevelacionfm.cl\/?p=57739&#038;t=Di%C3%A1logos%20intersectoriales%20sobre%20el%20mundo%20digital%2C%20para%20que%20las%20comunidades%20educativas%20puedan%20convivir%20con%20el%20uso%20del%20internet' aria-hidden='false' data-av_icon='\ue8f3' data-av_iconfont='entypo-fontello' title='' data-avia-related-tooltip='Compartir en Facebook' rel=\"noopener\"><span class='avia_hidden_link_text'>Compartir en Facebook<\/span><\/a><\/li><li class='av-share-link av-social-link-twitter' ><a target=\"_blank\" aria-label=\"Compartir en Twitter\" href='https:\/\/twitter.com\/share?text=Di%C3%A1logos%20intersectoriales%20sobre%20el%20mundo%20digital%2C%20para%20que%20las%20comunidades%20educativas%20puedan%20convivir%20con%20el%20uso%20del%20internet&#038;url=https:\/\/radiorevelacionfm.cl\/?p=57739' aria-hidden='false' data-av_icon='\ue8f1' data-av_iconfont='entypo-fontello' title='' data-avia-related-tooltip='Compartir en Twitter' rel=\"noopener\"><span class='avia_hidden_link_text'>Compartir en Twitter<\/span><\/a><\/li><li class='av-share-link av-social-link-whatsapp' ><a target=\"_blank\" aria-label=\"Compartir en Whatsapp\" href='https:\/\/api.whatsapp.com\/send?text=https:\/\/radiorevelacionfm.cl\/?p=57739' aria-hidden='false' data-av_icon='\uf232' data-av_iconfont='entypo-fontello' title='' data-avia-related-tooltip='Compartir en Whatsapp' rel=\"noopener\"><span class='avia_hidden_link_text'>Compartir en Whatsapp<\/span><\/a><\/li><li class='av-share-link av-social-link-linkedin' ><a target=\"_blank\" aria-label=\"Compartir en LinkedIn\" href='https:\/\/linkedin.com\/shareArticle?mini=true&#038;title=Di%C3%A1logos%20intersectoriales%20sobre%20el%20mundo%20digital%2C%20para%20que%20las%20comunidades%20educativas%20puedan%20convivir%20con%20el%20uso%20del%20internet&#038;url=https:\/\/radiorevelacionfm.cl\/?p=57739' aria-hidden='false' data-av_icon='\ue8fc' data-av_iconfont='entypo-fontello' title='' data-avia-related-tooltip='Compartir en LinkedIn' rel=\"noopener\"><span class='avia_hidden_link_text'>Compartir en LinkedIn<\/span><\/a><\/li><li class='av-share-link av-social-link-mail' ><a  aria-label=\"Compartir por correo\" href='mailto:?subject=Di%C3%A1logos%20intersectoriales%20sobre%20el%20mundo%20digital%2C%20para%20que%20las%20comunidades%20educativas%20puedan%20convivir%20con%20el%20uso%20del%20internet&#038;body=https:\/\/radiorevelacionfm.cl\/?p=57739' aria-hidden='false' data-av_icon='\ue805' data-av_iconfont='entypo-fontello' title='' data-avia-related-tooltip='Compartir por correo'><span class='avia_hidden_link_text'>Compartir por correo<\/span><\/a><\/li><\/ul><\/div><\/div>\n<div  style='height:50px' class='hr hr-invisible   avia-builder-el-8  el_after_av_social_share  el_before_av_comments_list '><span class='hr-inner ' ><span class='hr-inner-style'><\/span><\/span><\/div>\n<div  class='av-buildercomment  av-blog-meta-html-info-disabled av-blog-meta-tag-disabled  '><\/div>\n","protected":false},"excerpt":{"rendered":"","protected":false},"author":1,"featured_media":57741,"comment_status":"closed","ping_status":"closed","sticky":false,"template":"","format":"standard","meta":{"footnotes":""},"categories":[38],"tags":[],"class_list":["post-57739","post","type-post","status-publish","format-standard","has-post-thumbnail","hentry","category-regional"],"jetpack_featured_media_url":"https:\/\/radiorevelacionfm.cl\/wp-content\/uploads\/2025\/08\/Dialogo-1-1-1.jpeg","_links":{"self":[{"href":"https:\/\/radiorevelacionfm.cl\/index.php?rest_route=\/wp\/v2\/posts\/57739","targetHints":{"allow":["GET"]}}],"collection":[{"href":"https:\/\/radiorevelacionfm.cl\/index.php?rest_route=\/wp\/v2\/posts"}],"about":[{"href":"https:\/\/radiorevelacionfm.cl\/index.php?rest_route=\/wp\/v2\/types\/post"}],"author":[{"embeddable":true,"href":"https:\/\/radiorevelacionfm.cl\/index.php?rest_route=\/wp\/v2\/users\/1"}],"replies":[{"embeddable":true,"href":"https:\/\/radiorevelacionfm.cl\/index.php?rest_route=%2Fwp%2Fv2%2Fcomments&post=57739"}],"version-history":[{"count":2,"href":"https:\/\/radiorevelacionfm.cl\/index.php?rest_route=\/wp\/v2\/posts\/57739\/revisions"}],"predecessor-version":[{"id":57782,"href":"https:\/\/radiorevelacionfm.cl\/index.php?rest_route=\/wp\/v2\/posts\/57739\/revisions\/57782"}],"wp:featuredmedia":[{"embeddable":true,"href":"https:\/\/radiorevelacionfm.cl\/index.php?rest_route=\/wp\/v2\/media\/57741"}],"wp:attachment":[{"href":"https:\/\/radiorevelacionfm.cl\/index.php?rest_route=%2Fwp%2Fv2%2Fmedia&parent=57739"}],"wp:term":[{"taxonomy":"category","embeddable":true,"href":"https:\/\/radiorevelacionfm.cl\/index.php?rest_route=%2Fwp%2Fv2%2Fcategories&post=57739"},{"taxonomy":"post_tag","embeddable":true,"href":"https:\/\/radiorevelacionfm.cl\/index.php?rest_route=%2Fwp%2Fv2%2Ftags&post=57739"}],"curies":[{"name":"wp","href":"https:\/\/api.w.org\/{rel}","templated":true}]}}