{"id":57734,"date":"2025-08-13T15:21:25","date_gmt":"2025-08-13T18:21:25","guid":{"rendered":"https:\/\/radiorevelacionfm.cl\/?p=57734"},"modified":"2025-08-13T15:21:25","modified_gmt":"2025-08-13T18:21:25","slug":"desde-el-13-de-agosto-las-llamadas-comerciales-y-masivas-deberan-llevar-los-prefijos-600-y-809-para-su-identificacion","status":"publish","type":"post","link":"https:\/\/radiorevelacionfm.cl\/?p=57734","title":{"rendered":"Desde el 13 de agosto las llamadas comerciales y masivas deber\u00e1n llevar los prefijos 600 y 809 para su identificaci\u00f3n"},"content":{"rendered":"<div class=\"flex_column av_one_full  flex_column_div av-zero-column-padding first  avia-builder-el-0  el_before_av_one_full  avia-builder-el-first  \" style='border-radius:0px; '><div  class='avia-image-container  av-styling-    avia-builder-el-1  avia-builder-el-no-sibling  avia-align-center '  itemprop=\"image\" itemscope=\"itemscope\" itemtype=\"https:\/\/schema.org\/ImageObject\"  ><div class='avia-image-container-inner'><div class='avia-image-overlay-wrap'><img decoding=\"async\" class='wp-image-41373 avia-img-lazy-loading-not-41373 avia_image' src=\"https:\/\/radiorevelacionfm.cl\/wp-content\/uploads\/2024\/04\/20240416_161138-1-1.jpg\" alt='' title='20240416_161138 (1) (1)' height=\"785\" width=\"802\"  itemprop=\"thumbnailUrl\" srcset=\"https:\/\/radiorevelacionfm.cl\/wp-content\/uploads\/2024\/04\/20240416_161138-1-1.jpg 802w, https:\/\/radiorevelacionfm.cl\/wp-content\/uploads\/2024\/04\/20240416_161138-1-1-300x294.jpg 300w, https:\/\/radiorevelacionfm.cl\/wp-content\/uploads\/2024\/04\/20240416_161138-1-1-768x752.jpg 768w, https:\/\/radiorevelacionfm.cl\/wp-content\/uploads\/2024\/04\/20240416_161138-1-1-36x36.jpg 36w, https:\/\/radiorevelacionfm.cl\/wp-content\/uploads\/2024\/04\/20240416_161138-1-1-705x690.jpg 705w, https:\/\/radiorevelacionfm.cl\/wp-content\/uploads\/2024\/04\/20240416_161138-1-1-450x440.jpg 450w, https:\/\/radiorevelacionfm.cl\/wp-content\/uploads\/2024\/04\/20240416_161138-1-1-600x587.jpg 600w\" sizes=\"(max-width: 802px) 100vw, 802px\" \/><\/div><\/div><\/div><\/div><div class=\"flex_column av_one_full  flex_column_div av-zero-column-padding first  avia-builder-el-2  el_after_av_one_full  el_before_av_one_full  column-top-margin\" style='border-radius:0px; '><section class=\"av_textblock_section \"  itemscope=\"itemscope\" itemtype=\"https:\/\/schema.org\/BlogPosting\" itemprop=\"blogPost\" ><div class='avia_textblock  '   itemprop=\"text\" ><p style=\"text-align: center;\"><span style=\"font-size: 18pt;\"><b>Desde el 13 de agosto las llamadas comerciales y masivas deber\u00e1n llevar los prefijos 600 y 809 para su identificaci\u00f3n<\/b><\/span><\/p>\n<div id=\"gtx-trans\" style=\"position: absolute; left: -50px; top: 4.31534px;\">\n<div class=\"gtx-trans-icon\"><\/div>\n<\/div>\n<\/div><\/section><\/div><div class=\"flex_column av_one_full  flex_column_div av-zero-column-padding first  avia-builder-el-4  el_after_av_one_full  el_before_av_hr  column-top-margin\" style='border-radius:0px; '><section class=\"av_textblock_section \"  itemscope=\"itemscope\" itemtype=\"https:\/\/schema.org\/BlogPosting\" itemprop=\"blogPost\" ><div class='avia_textblock  '   itemprop=\"text\" ><p style=\"text-align: justify;\">Seg\u00fan datos entregados por la Polic\u00eda de Investigaciones, durante el 2024 aument\u00f3 el n\u00famero de denuncias por estafas telef\u00f3nicas. Durante el a\u00f1o se reportaron un total de 4.533 denuncias de este tipo, lo que representa un aumento de un 19% respecto al 2023.<\/p>\n<p style=\"text-align: justify;\">Cumplidos los seis meses de plazo que ten\u00edan las empresas de telecomunicaciones para la implementaci\u00f3n de la numeraci\u00f3n especial, este mi\u00e9rcoles 13 de agosto, todas las llamadas comerciales y\/o masivas, deseadas y no deseadas, deber\u00e1n llevar los prefijos 600 y 809 para su identificaci\u00f3n. Esto, en el marco de las medidas contenidas en la Agenda de Seguridad Digital del Gobierno.<\/p>\n<p style=\"text-align: justify;\">Cabe recordar que el prefijo 600, corresponde a las llamadas solicitadas por los usuarios o que, eventualmente podr\u00edan ser esperadas al tratarse de llamadas provenientes de una empresa o instituci\u00f3n con la cual se tiene v\u00ednculo; mientras que las llamadas que porten el 809, ser\u00e1n identificadas como no deseadas.<\/p>\n<p style=\"text-align: justify;\">El seremiTT, Hans Zimmermann Due\u00f1as , se\u00f1al\u00f3 que \u201ccomienza a regir la obligatoriedad para las empresas de telecomunicaciones de asignar los prefijos 600 y 809 para las llamadas comerciales o llamadas masivas de empresas bancarias o instituciones comerciales. A trav\u00e9s de esta medida, lo que busca la Subsecretar\u00eda de Telecomunicaciones es prevenir los fraudes, las llamadas spam y las incomodidades que generan estas llamadas masivas no deseadas. A trav\u00e9s de estos prefijos telef\u00f3nicos, los usuarios de los servicios de telefon\u00eda podr\u00e1n identificar si las llamadas que est\u00e1n recibiendo corresponden a llamadas solicitadas con instituciones con las cuales puedan tener alg\u00fan v\u00ednculo comercial, o llamadas no solicitadas de empresas que quieren vender servicios, que ser\u00e1n identificadas con el prefijo 809. Esta acci\u00f3n en concreto representa una medida para prevenir los fraudes telef\u00f3nicos y para regular los derechos de los usuarios digitales.\u201d<\/p>\n<p style=\"text-align: justify;\">Seg\u00fan un estudio de la empresa Hiya (2024), los chilenos reciben en promedio 28 llamadas spam al mes, la cifra m\u00e1s alta de toda Latinoam\u00e9rica. Mientras que, seg\u00fan los datos de la PDI, durante el 2024 aument\u00f3 en un 19% el n\u00famero de denuncias por estafas telef\u00f3nicas respecto al 2023. Por ello, con esta nueva ley y estos nuevos prefijos, el Gobierno responde de una forma concreta y efectiva a quienes se hacen pasar por empresas para cometer estafas, delito que afecta a todas las personas y en especial a los adultos mayores.<\/p>\n<p style=\"text-align: justify;\">El cumplimiento de la normativa ser\u00e1 fiscalizado por Subtel. Sin embargo, desde la Instituci\u00f3n hacen el llamado a los usuarios a denunciar y\/o reclamar por los canales correspondientes de la Subsecretar\u00eda de Telecomunicaciones, si reciben llamados de empresas que no contengan los prefijos establecidos. De igual manera se detalla que, las empresas que no cumplan con la normativa podr\u00edan ser sancionadas con una amonestaci\u00f3n o multa que podr\u00eda ir desde las 5 a 5.000 UTM.<\/p>\n<\/div><\/section><\/div><div  style='height:50px' class='hr hr-invisible   avia-builder-el-6  el_after_av_one_full  el_before_av_social_share '><span class='hr-inner ' ><span class='hr-inner-style'><\/span><\/span><\/div><\/p>\n<div  class='av-social-sharing-box  avia-builder-el-7  el_after_av_hr  el_before_av_hr  '><div class='av-share-box'><h5 class='av-share-link-description av-no-toc '>Compartir esta noticia<\/h5><ul class='av-share-box-list noLightbox'><li class='av-share-link av-social-link-facebook' ><a target=\"_blank\" aria-label=\"Compartir en Facebook\" href='https:\/\/www.facebook.com\/sharer.php?u=https:\/\/radiorevelacionfm.cl\/?p=57734&#038;t=Desde%20el%2013%20de%20agosto%20las%20llamadas%20comerciales%20y%20masivas%20deber%C3%A1n%20llevar%20los%20prefijos%20600%20y%20809%20para%20su%20identificaci%C3%B3n' aria-hidden='false' data-av_icon='\ue8f3' data-av_iconfont='entypo-fontello' title='' data-avia-related-tooltip='Compartir en Facebook' rel=\"noopener\"><span class='avia_hidden_link_text'>Compartir en Facebook<\/span><\/a><\/li><li class='av-share-link av-social-link-twitter' ><a target=\"_blank\" aria-label=\"Compartir en Twitter\" href='https:\/\/twitter.com\/share?text=Desde%20el%2013%20de%20agosto%20las%20llamadas%20comerciales%20y%20masivas%20deber%C3%A1n%20llevar%20los%20prefijos%20600%20y%20809%20para%20su%20identificaci%C3%B3n&#038;url=https:\/\/radiorevelacionfm.cl\/?p=57734' aria-hidden='false' data-av_icon='\ue8f1' data-av_iconfont='entypo-fontello' title='' data-avia-related-tooltip='Compartir en Twitter' rel=\"noopener\"><span class='avia_hidden_link_text'>Compartir en Twitter<\/span><\/a><\/li><li class='av-share-link av-social-link-whatsapp' ><a target=\"_blank\" aria-label=\"Compartir en Whatsapp\" href='https:\/\/api.whatsapp.com\/send?text=https:\/\/radiorevelacionfm.cl\/?p=57734' aria-hidden='false' data-av_icon='\uf232' data-av_iconfont='entypo-fontello' title='' data-avia-related-tooltip='Compartir en Whatsapp' rel=\"noopener\"><span class='avia_hidden_link_text'>Compartir en Whatsapp<\/span><\/a><\/li><li class='av-share-link av-social-link-linkedin' ><a target=\"_blank\" aria-label=\"Compartir en LinkedIn\" href='https:\/\/linkedin.com\/shareArticle?mini=true&#038;title=Desde%20el%2013%20de%20agosto%20las%20llamadas%20comerciales%20y%20masivas%20deber%C3%A1n%20llevar%20los%20prefijos%20600%20y%20809%20para%20su%20identificaci%C3%B3n&#038;url=https:\/\/radiorevelacionfm.cl\/?p=57734' aria-hidden='false' data-av_icon='\ue8fc' data-av_iconfont='entypo-fontello' title='' data-avia-related-tooltip='Compartir en LinkedIn' rel=\"noopener\"><span class='avia_hidden_link_text'>Compartir en LinkedIn<\/span><\/a><\/li><li class='av-share-link av-social-link-mail' ><a  aria-label=\"Compartir por correo\" href='mailto:?subject=Desde%20el%2013%20de%20agosto%20las%20llamadas%20comerciales%20y%20masivas%20deber%C3%A1n%20llevar%20los%20prefijos%20600%20y%20809%20para%20su%20identificaci%C3%B3n&#038;body=https:\/\/radiorevelacionfm.cl\/?p=57734' aria-hidden='false' data-av_icon='\ue805' data-av_iconfont='entypo-fontello' title='' data-avia-related-tooltip='Compartir por correo'><span class='avia_hidden_link_text'>Compartir por correo<\/span><\/a><\/li><\/ul><\/div><\/div>\n<div  style='height:50px' class='hr hr-invisible   avia-builder-el-8  el_after_av_social_share  el_before_av_comments_list '><span class='hr-inner ' ><span class='hr-inner-style'><\/span><\/span><\/div>\n<div  class='av-buildercomment  av-blog-meta-html-info-disabled av-blog-meta-tag-disabled  '><\/div>\n","protected":false},"excerpt":{"rendered":"","protected":false},"author":1,"featured_media":41373,"comment_status":"closed","ping_status":"closed","sticky":false,"template":"","format":"standard","meta":{"footnotes":""},"categories":[59],"tags":[],"class_list":["post-57734","post","type-post","status-publish","format-standard","has-post-thumbnail","hentry","category-transporte"],"jetpack_featured_media_url":"https:\/\/radiorevelacionfm.cl\/wp-content\/uploads\/2024\/04\/20240416_161138-1-1.jpg","_links":{"self":[{"href":"https:\/\/radiorevelacionfm.cl\/index.php?rest_route=\/wp\/v2\/posts\/57734","targetHints":{"allow":["GET"]}}],"collection":[{"href":"https:\/\/radiorevelacionfm.cl\/index.php?rest_route=\/wp\/v2\/posts"}],"about":[{"href":"https:\/\/radiorevelacionfm.cl\/index.php?rest_route=\/wp\/v2\/types\/post"}],"author":[{"embeddable":true,"href":"https:\/\/radiorevelacionfm.cl\/index.php?rest_route=\/wp\/v2\/users\/1"}],"replies":[{"embeddable":true,"href":"https:\/\/radiorevelacionfm.cl\/index.php?rest_route=%2Fwp%2Fv2%2Fcomments&post=57734"}],"version-history":[{"count":2,"href":"https:\/\/radiorevelacionfm.cl\/index.php?rest_route=\/wp\/v2\/posts\/57734\/revisions"}],"predecessor-version":[{"id":57738,"href":"https:\/\/radiorevelacionfm.cl\/index.php?rest_route=\/wp\/v2\/posts\/57734\/revisions\/57738"}],"wp:featuredmedia":[{"embeddable":true,"href":"https:\/\/radiorevelacionfm.cl\/index.php?rest_route=\/wp\/v2\/media\/41373"}],"wp:attachment":[{"href":"https:\/\/radiorevelacionfm.cl\/index.php?rest_route=%2Fwp%2Fv2%2Fmedia&parent=57734"}],"wp:term":[{"taxonomy":"category","embeddable":true,"href":"https:\/\/radiorevelacionfm.cl\/index.php?rest_route=%2Fwp%2Fv2%2Fcategories&post=57734"},{"taxonomy":"post_tag","embeddable":true,"href":"https:\/\/radiorevelacionfm.cl\/index.php?rest_route=%2Fwp%2Fv2%2Ftags&post=57734"}],"curies":[{"name":"wp","href":"https:\/\/api.w.org\/{rel}","templated":true}]}}