{"id":57682,"date":"2025-08-12T17:31:50","date_gmt":"2025-08-12T20:31:50","guid":{"rendered":"https:\/\/radiorevelacionfm.cl\/?p=57682"},"modified":"2025-08-12T17:31:50","modified_gmt":"2025-08-12T20:31:50","slug":"en-guaitecas-seremi-de-bienes-nacionales-fiscalizo-nuevo-cuartel-de-bomberos-construido-sobre-suelo-fiscal-en-repollal","status":"publish","type":"post","link":"https:\/\/radiorevelacionfm.cl\/?p=57682","title":{"rendered":"En Guaitecas: Seremi de Bienes Nacionales fiscaliz\u00f3 nuevo cuartel de bomberos construido sobre suelo fiscal en Repollal"},"content":{"rendered":"<div class=\"flex_column av_one_full  flex_column_div av-zero-column-padding first  avia-builder-el-0  el_before_av_one_full  avia-builder-el-first  \" style='border-radius:0px; '><div  class='avia-image-container  av-styling-    avia-builder-el-1  avia-builder-el-no-sibling  avia-align-center '  itemprop=\"image\" itemscope=\"itemscope\" itemtype=\"https:\/\/schema.org\/ImageObject\"  ><div class='avia-image-container-inner'><div class='avia-image-overlay-wrap'><img decoding=\"async\" class='wp-image-57683 avia-img-lazy-loading-not-57683 avia_image' src=\"https:\/\/radiorevelacionfm.cl\/wp-content\/uploads\/2025\/08\/20250804_151116-1-1.jpg\" alt='' title='20250804_151116 (1) (1)' height=\"600\" width=\"800\"  itemprop=\"thumbnailUrl\" srcset=\"https:\/\/radiorevelacionfm.cl\/wp-content\/uploads\/2025\/08\/20250804_151116-1-1.jpg 800w, https:\/\/radiorevelacionfm.cl\/wp-content\/uploads\/2025\/08\/20250804_151116-1-1-300x225.jpg 300w, https:\/\/radiorevelacionfm.cl\/wp-content\/uploads\/2025\/08\/20250804_151116-1-1-768x576.jpg 768w, https:\/\/radiorevelacionfm.cl\/wp-content\/uploads\/2025\/08\/20250804_151116-1-1-705x529.jpg 705w, https:\/\/radiorevelacionfm.cl\/wp-content\/uploads\/2025\/08\/20250804_151116-1-1-450x338.jpg 450w, https:\/\/radiorevelacionfm.cl\/wp-content\/uploads\/2025\/08\/20250804_151116-1-1-600x450.jpg 600w\" sizes=\"(max-width: 800px) 100vw, 800px\" \/><\/div><\/div><\/div><\/div><div class=\"flex_column av_one_full  flex_column_div av-zero-column-padding first  avia-builder-el-2  el_after_av_one_full  el_before_av_one_full  column-top-margin\" style='border-radius:0px; '><section class=\"av_textblock_section \"  itemscope=\"itemscope\" itemtype=\"https:\/\/schema.org\/BlogPosting\" itemprop=\"blogPost\" ><div class='avia_textblock  '   itemprop=\"text\" ><p style=\"text-align: center;\"><strong><span style=\"font-size: 18pt;\">En Guaitecas: Seremi de Bienes Nacionales fiscaliz\u00f3 nuevo cuartel de bomberos construido sobre suelo fiscal en Repollal<\/span><\/strong><\/p>\n<div id=\"gtx-trans\" style=\"position: absolute; left: -50px; top: 4.31534px;\">\n<div class=\"gtx-trans-icon\"><\/div>\n<\/div>\n<\/div><\/section><\/div><div class=\"flex_column av_one_full  flex_column_div av-zero-column-padding first  avia-builder-el-4  el_after_av_one_full  el_before_av_hr  column-top-margin\" style='border-radius:0px; '><section class=\"av_textblock_section \"  itemscope=\"itemscope\" itemtype=\"https:\/\/schema.org\/BlogPosting\" itemprop=\"blogPost\" ><div class='avia_textblock  '   itemprop=\"text\" ><p style=\"text-align: justify;\">A mediados de 2022, los voluntarios de la Primera Compa\u00f1\u00eda de Bomberos de Melinka sostuvieron una reuni\u00f3n con la Seremi de Bienes Nacionales, Irina Morend Valdebenito y equipos t\u00e9cnicos del servicio, junto a la Municipalidad de Guaitecas. En dicha instancia, se abord\u00f3 la importancia de contar con un espacio fiscal en la zona de Repollal para constuir una sala de m\u00e1quinas a la Brigada de Bomberos de la localidad con el fin de tener presencia y brindar respuesta r\u00e1pida ante las emergencias que se puedan suscitar en el territorio, teniendo en cuenta la distancia y tiempo de desplazamiento desde Melinka.<\/p>\n<p style=\"text-align: justify;\">En terreno, funcionarios de Bienes Nacionales propusieron un espacio, es as\u00ed que, en febrero de 2023, la Municipalidad present\u00f3 la postulaci\u00f3n a una Concesi\u00f3n de Uso Gratuito, lo que les permiti\u00f3 apalancar r\u00e1pidamente recursos desde el Gobierno Regional de Ays\u00e9n para dise\u00f1ar y construir la anhelada infraestructura. Es as\u00ed que, las obras se pudieron ejecutar gracias a un Permiso de Ocupaci\u00f3n Anticipada del terreno, facilitado por la Seremi de Bienes Nacionales.<\/p>\n<p style=\"text-align: justify;\">En su reciente viaje a la comuna de Guaitecas, la seremi Morend, acompa\u00f1ada por el equipo fiscalizador de Bienes Nacionales, recorrieron las instalaciones que est\u00e1n pr\u00f3ximas a ser inauguradas, resaltando el compromiso adquirido por el Ministerio con una instituci\u00f3n tan querida como es Bomberos. \u201cEste es un espacio clave porque les permite \u2013a Bomberos- operativizar toda la gesti\u00f3n de la emergencia, adem\u00e1s, sabemos que en estos territorios aislados, un incendio puede ser una tragedia, por lo tanto, es relevante y reconocemos ese rol a trav\u00e9s de buscar un terreno como fue en su minuto, que se hizo un acuerdo\u2026Esta concesi\u00f3n est\u00e1 en tr\u00e1mite pero cuentan con Permiso de Ocupaci\u00f3n Anticipada que permiti\u00f3 construir esta importante obra y es un \u00e1rea potencial que permite que otros proyectos tambi\u00e9n se puedan concretar\u201d, refiri\u00f3 la Seremi de la cartera regional de Bienes Nacionales.<\/p>\n<p style=\"text-align: justify;\">En la instancia se cont\u00f3 con la presencial del Delegado Presidencial Provincial de Ays\u00e9n, Rodrigo Moreno, los concejales Omar Vera, Pablo Soto y el superintendente del Cuerpo de Bomberos de Melinka, Jaime Mera. \u00c9ste \u00faltimo se mostr\u00f3 contento por la concreci\u00f3n de una infraestructura que hace un par de a\u00f1os solo era una idea. \u201cEstamos con la seremi viendo la obra que inici\u00f3 de un proyecto y una idea, donde como Bomberos solicitamos un espacio para tener un cuartel en Repollal, una manera de acercarnos m\u00e1s a las familias en las emergencias de una forma m\u00e1s r\u00e1pida y hoy vemos que este sue\u00f1o es una realidad. Estamos ad portas de recibir este cuartel para la extensi\u00f3n de la Primera Compa\u00f1\u00eda y dar cobertura al sector de Repollal Alto, Bajo y Medio y a todos los vecinos que tambi\u00e9n nos necesitan en el sector para, posteriormente a eso, realizar el equipamiento necesario de este lugar, disponiendo de personal m\u00e1s un carro y una camioneta que estar\u00e1n en este sector\u201d, afirm\u00f3 el superintendente Mera, quien aprovech\u00f3 la instancia para agradecer al Ministerio de Bienes Nacionales. \u201cLes agradecemos por creer en nosotros y en la instituci\u00f3n, y darnos el vamos, facilitar todos los documentos y tema administrativo y burocr\u00e1tico que estas situaciones tienen, y hoy haciendo posible y realidad este sue\u00f1o\u201d, finaliz\u00f3 el superintendente del Cuerpo de Bomberos de Melinka.<\/p>\n<\/div><\/section><\/div><div  style='height:50px' class='hr hr-invisible   avia-builder-el-6  el_after_av_one_full  el_before_av_social_share '><span class='hr-inner ' ><span class='hr-inner-style'><\/span><\/span><\/div><\/p>\n<div  class='av-social-sharing-box  avia-builder-el-7  el_after_av_hr  el_before_av_hr  '><div class='av-share-box'><h5 class='av-share-link-description av-no-toc '>Compartir esta noticia<\/h5><ul class='av-share-box-list noLightbox'><li class='av-share-link av-social-link-facebook' ><a target=\"_blank\" aria-label=\"Compartir en Facebook\" href='https:\/\/www.facebook.com\/sharer.php?u=https:\/\/radiorevelacionfm.cl\/?p=57682&#038;t=En%20Guaitecas%3A%20Seremi%20de%20Bienes%20Nacionales%20fiscaliz%C3%B3%20nuevo%20cuartel%20de%20bomberos%20construido%20sobre%20suelo%20fiscal%20en%20Repollal' aria-hidden='false' data-av_icon='\ue8f3' data-av_iconfont='entypo-fontello' title='' data-avia-related-tooltip='Compartir en Facebook' rel=\"noopener\"><span class='avia_hidden_link_text'>Compartir en Facebook<\/span><\/a><\/li><li class='av-share-link av-social-link-twitter' ><a target=\"_blank\" aria-label=\"Compartir en Twitter\" href='https:\/\/twitter.com\/share?text=En%20Guaitecas%3A%20Seremi%20de%20Bienes%20Nacionales%20fiscaliz%C3%B3%20nuevo%20cuartel%20de%20bomberos%20construido%20sobre%20suelo%20fiscal%20en%20Repollal&#038;url=https:\/\/radiorevelacionfm.cl\/?p=57682' aria-hidden='false' data-av_icon='\ue8f1' data-av_iconfont='entypo-fontello' title='' data-avia-related-tooltip='Compartir en Twitter' rel=\"noopener\"><span class='avia_hidden_link_text'>Compartir en Twitter<\/span><\/a><\/li><li class='av-share-link av-social-link-whatsapp' ><a target=\"_blank\" aria-label=\"Compartir en Whatsapp\" href='https:\/\/api.whatsapp.com\/send?text=https:\/\/radiorevelacionfm.cl\/?p=57682' aria-hidden='false' data-av_icon='\uf232' data-av_iconfont='entypo-fontello' title='' data-avia-related-tooltip='Compartir en Whatsapp' rel=\"noopener\"><span class='avia_hidden_link_text'>Compartir en Whatsapp<\/span><\/a><\/li><li class='av-share-link av-social-link-linkedin' ><a target=\"_blank\" aria-label=\"Compartir en LinkedIn\" href='https:\/\/linkedin.com\/shareArticle?mini=true&#038;title=En%20Guaitecas%3A%20Seremi%20de%20Bienes%20Nacionales%20fiscaliz%C3%B3%20nuevo%20cuartel%20de%20bomberos%20construido%20sobre%20suelo%20fiscal%20en%20Repollal&#038;url=https:\/\/radiorevelacionfm.cl\/?p=57682' aria-hidden='false' data-av_icon='\ue8fc' data-av_iconfont='entypo-fontello' title='' data-avia-related-tooltip='Compartir en LinkedIn' rel=\"noopener\"><span class='avia_hidden_link_text'>Compartir en LinkedIn<\/span><\/a><\/li><li class='av-share-link av-social-link-mail' ><a  aria-label=\"Compartir por correo\" href='mailto:?subject=En%20Guaitecas%3A%20Seremi%20de%20Bienes%20Nacionales%20fiscaliz%C3%B3%20nuevo%20cuartel%20de%20bomberos%20construido%20sobre%20suelo%20fiscal%20en%20Repollal&#038;body=https:\/\/radiorevelacionfm.cl\/?p=57682' aria-hidden='false' data-av_icon='\ue805' data-av_iconfont='entypo-fontello' title='' data-avia-related-tooltip='Compartir por correo'><span class='avia_hidden_link_text'>Compartir por correo<\/span><\/a><\/li><\/ul><\/div><\/div>\n<div  style='height:50px' class='hr hr-invisible   avia-builder-el-8  el_after_av_social_share  el_before_av_comments_list '><span class='hr-inner ' ><span class='hr-inner-style'><\/span><\/span><\/div>\n<div  class='av-buildercomment  av-blog-meta-html-info-disabled av-blog-meta-tag-disabled  '><\/div>\n","protected":false},"excerpt":{"rendered":"","protected":false},"author":1,"featured_media":57683,"comment_status":"closed","ping_status":"closed","sticky":false,"template":"","format":"standard","meta":{"footnotes":""},"categories":[38],"tags":[],"class_list":["post-57682","post","type-post","status-publish","format-standard","has-post-thumbnail","hentry","category-regional"],"jetpack_featured_media_url":"https:\/\/radiorevelacionfm.cl\/wp-content\/uploads\/2025\/08\/20250804_151116-1-1.jpg","_links":{"self":[{"href":"https:\/\/radiorevelacionfm.cl\/index.php?rest_route=\/wp\/v2\/posts\/57682","targetHints":{"allow":["GET"]}}],"collection":[{"href":"https:\/\/radiorevelacionfm.cl\/index.php?rest_route=\/wp\/v2\/posts"}],"about":[{"href":"https:\/\/radiorevelacionfm.cl\/index.php?rest_route=\/wp\/v2\/types\/post"}],"author":[{"embeddable":true,"href":"https:\/\/radiorevelacionfm.cl\/index.php?rest_route=\/wp\/v2\/users\/1"}],"replies":[{"embeddable":true,"href":"https:\/\/radiorevelacionfm.cl\/index.php?rest_route=%2Fwp%2Fv2%2Fcomments&post=57682"}],"version-history":[{"count":2,"href":"https:\/\/radiorevelacionfm.cl\/index.php?rest_route=\/wp\/v2\/posts\/57682\/revisions"}],"predecessor-version":[{"id":57685,"href":"https:\/\/radiorevelacionfm.cl\/index.php?rest_route=\/wp\/v2\/posts\/57682\/revisions\/57685"}],"wp:featuredmedia":[{"embeddable":true,"href":"https:\/\/radiorevelacionfm.cl\/index.php?rest_route=\/wp\/v2\/media\/57683"}],"wp:attachment":[{"href":"https:\/\/radiorevelacionfm.cl\/index.php?rest_route=%2Fwp%2Fv2%2Fmedia&parent=57682"}],"wp:term":[{"taxonomy":"category","embeddable":true,"href":"https:\/\/radiorevelacionfm.cl\/index.php?rest_route=%2Fwp%2Fv2%2Fcategories&post=57682"},{"taxonomy":"post_tag","embeddable":true,"href":"https:\/\/radiorevelacionfm.cl\/index.php?rest_route=%2Fwp%2Fv2%2Ftags&post=57682"}],"curies":[{"name":"wp","href":"https:\/\/api.w.org\/{rel}","templated":true}]}}