{"id":5768,"date":"2021-06-30T15:13:02","date_gmt":"2021-06-30T18:13:02","guid":{"rendered":"https:\/\/radiorevelacionfm.cl\/?p=5768"},"modified":"2021-06-30T15:13:02","modified_gmt":"2021-06-30T18:13:02","slug":"corfo-cofinanciara-proyectos-regionales-con-innovacion-colaborativa","status":"publish","type":"post","link":"https:\/\/radiorevelacionfm.cl\/?p=5768","title":{"rendered":"Corfo cofinanciar\u00e1 proyectos regionales con Innovaci\u00f3n colaborativa"},"content":{"rendered":"<div class=\"flex_column av_one_full  flex_column_div av-zero-column-padding first  avia-builder-el-0  el_before_av_one_full  avia-builder-el-first  \" style='border-radius:0px; '><div  class='avia-image-container  av-styling-    avia-builder-el-1  avia-builder-el-no-sibling  avia-align-center '  itemprop=\"image\" itemscope=\"itemscope\" itemtype=\"https:\/\/schema.org\/ImageObject\"  ><div class='avia-image-container-inner'><div class='avia-image-overlay-wrap'><img decoding=\"async\" class='wp-image-5769 avia-img-lazy-loading-not-5769 avia_image' src=\"https:\/\/radiorevelacionfm.cl\/wp-content\/uploads\/2021\/06\/conecta-y-colabora-corfo-aysen-1_optimized.jpg\" alt='' title='conecta-y-colabora-corfo-ays\u00e9n-(1)_optimized' height=\"600\" width=\"900\"  itemprop=\"thumbnailUrl\" srcset=\"https:\/\/radiorevelacionfm.cl\/wp-content\/uploads\/2021\/06\/conecta-y-colabora-corfo-aysen-1_optimized.jpg 900w, https:\/\/radiorevelacionfm.cl\/wp-content\/uploads\/2021\/06\/conecta-y-colabora-corfo-aysen-1_optimized-300x200.jpg 300w, https:\/\/radiorevelacionfm.cl\/wp-content\/uploads\/2021\/06\/conecta-y-colabora-corfo-aysen-1_optimized-768x512.jpg 768w, https:\/\/radiorevelacionfm.cl\/wp-content\/uploads\/2021\/06\/conecta-y-colabora-corfo-aysen-1_optimized-705x470.jpg 705w, https:\/\/radiorevelacionfm.cl\/wp-content\/uploads\/2021\/06\/conecta-y-colabora-corfo-aysen-1_optimized-600x400.jpg 600w\" sizes=\"(max-width: 900px) 100vw, 900px\" \/><\/div><\/div><\/div><\/div><div class=\"flex_column av_one_full  flex_column_div av-zero-column-padding first  avia-builder-el-2  el_after_av_one_full  el_before_av_one_full  column-top-margin\" style='border-radius:0px; '><section class=\"av_textblock_section \"  itemscope=\"itemscope\" itemtype=\"https:\/\/schema.org\/BlogPosting\" itemprop=\"blogPost\" ><div class='avia_textblock  '   itemprop=\"text\" ><p style=\"text-align: center;\"><strong><span style=\"font-size: 18pt;\">Corfo cofinanciar\u00e1 proyectos regionales con Innovaci\u00f3n colaborativa<\/span><\/strong><\/p>\n<div id=\"gtx-trans\" style=\"position: absolute; left: -50px; top: 4.31534px;\">\n<div class=\"gtx-trans-icon\"><\/div>\n<\/div>\n<\/div><\/section><\/div><div class=\"flex_column av_one_full  flex_column_div av-zero-column-padding first  avia-builder-el-4  el_after_av_one_full  el_before_av_hr  column-top-margin\" style='border-radius:0px; '><section class=\"av_textblock_section \"  itemscope=\"itemscope\" itemtype=\"https:\/\/schema.org\/BlogPosting\" itemprop=\"blogPost\" ><div class='avia_textblock  '   itemprop=\"text\" ><p style=\"font-weight: 400; text-align: justify;\">Lograr que las empresas regionales puedan complementar su propuesta trabajando con otras en proyectos de innovaci\u00f3n colaborativos, para la concreci\u00f3n de nuevos productos o procesos, es la finalidad del programa \u201cConecta y Colabora\u201d de Corfo, que tiene abiertas sus postulaciones hasta el 08 de julio de 2021.<\/p>\n<p style=\"font-weight: 400; text-align: justify;\">As\u00ed lo inform\u00f3 el director de Corfo Ays\u00e9n, Omar Mu\u00f1oz Sierra, quien explic\u00f3 que se busca entregar un subsidio de hasta 30 millones de pesos para soluciones innovadoras que resuelvan problemas y desaf\u00edos de productividad y\/o competitividad de las empresas, a trav\u00e9s de iniciativas ejecutadas de forma colaborativa.<\/p>\n<p style=\"font-weight: 400; text-align: justify;\">\u201cPara esta convocatoria de la Gerencia de Innovaci\u00f3n de Corfo, tenemos una novedad. El cofinanciamiento ser\u00e1 hasta el 80% sin importar el tama\u00f1o de la empresa y el 20% ser\u00e1 aporte del beneficiario, que puede ser pecuniario o valorizado. Esperamos que las mipymes se incentiven y participen de esta convocatoria donde las regiones son las protagonistas y cuyo valor est\u00e1 puesto en la soluci\u00f3n innovadora, desarrollada de manera colaborativa\u201d.<\/p>\n<p style=\"font-weight: 400; text-align: justify;\">El director explic\u00f3 que en la regi\u00f3n existen experiencias en este programa como el proyecto de trituraci\u00f3n de pl\u00e1stico que busca hacer m\u00e1s eficiente el servicio actual de\u00a0<a href=\"https:\/\/www.corfo.cl\/sites\/cpp\/sala_de_prensa\/regional\/17_03_2021_limpieza_playas_aysen;jsessionid=x0Mqdr3a8M0gPdxU9ekCJ2c72g8Sv8XTn_5P8zyxntTRWMhG5Blq!295445949!-665705235\" data-saferedirecturl=\"https:\/\/www.google.com\/url?q=https:\/\/www.corfo.cl\/sites\/cpp\/sala_de_prensa\/regional\/17_03_2021_limpieza_playas_aysen;jsessionid%3Dx0Mqdr3a8M0gPdxU9ekCJ2c72g8Sv8XTn_5P8zyxntTRWMhG5Blq!295445949!-665705235&amp;source=gmail&amp;ust=1625158954573000&amp;usg=AFQjCNFDrXAzDMAyiv1Z-2qW_MjXQKafzQ\">limpieza de playas<\/a>\u00a0de la ciudad de Puerto Ays\u00e9n, as\u00ed como\u00a0<a href=\"https:\/\/www.facebook.com\/372945439977758\/videos\/434061230889609\" data-saferedirecturl=\"https:\/\/www.google.com\/url?q=https:\/\/www.facebook.com\/372945439977758\/videos\/434061230889609&amp;source=gmail&amp;ust=1625158954573000&amp;usg=AFQjCNFJbvLlQN8fQHXEygwCyomCvTNeGg\">otra iniciativa del sector gastron\u00f3mico<\/a>\u00a0en Coyhaique para optimizar tiempos de entrega de alimentos.<\/p>\n<p style=\"font-weight: 400; text-align: justify;\">Al llamado, que est\u00e1 abierto tambi\u00e9n a las empresas que ya hayan sido apoyadas anteriormente por la Gerencia de Innovaci\u00f3n, pueden postular personas jur\u00eddicas constituidas en Chile y\/o personas naturales, mayores de 18 a\u00f1os, que cuenten con inicio de actividades en primera categor\u00eda, sin importar su rubro, tama\u00f1o y ni antig\u00fcedad.<\/p>\n<p style=\"font-weight: 400; text-align: justify;\">Las bases se encuentran en la p\u00e1gina web de Corfo\u00a0<a href=\"http:\/\/www.corfo.cl\/\" data-saferedirecturl=\"https:\/\/www.google.com\/url?q=http:\/\/www.corfo.cl&amp;source=gmail&amp;ust=1625158954573000&amp;usg=AFQjCNHpbZNeJCRRIwPyF5-VtShY9kiMow\">www.corfo.cl<\/a>\u00a0En caso de consultas o dudas sobre este programa, se deben enviar al correo\u00a0<a href=\"mailto:pedro.matus@corfo.cl\">pedro.matus@corfo.cl<\/a>\u00a0Postulaciones\u00a0<a href=\"https:\/\/www.corfo.cl\/sites\/cpp\/convocatorias\/conecta_colabora_6_2021\" data-saferedirecturl=\"https:\/\/www.google.com\/url?q=https:\/\/www.corfo.cl\/sites\/cpp\/convocatorias\/conecta_colabora_6_2021&amp;source=gmail&amp;ust=1625158954573000&amp;usg=AFQjCNGZ-YBaEXp1yN1zFXAEA4atADhAaA\">aqu\u00ed<\/a><\/p>\n<p style=\"font-weight: 400; text-align: justify;\"><strong>PROTOTIPO DE INNOVACI\u00d3N<\/strong><\/p>\n<p style=\"font-weight: 400; text-align: justify;\">En este nuevo llamado de Corfo existe otro programa para financiar a empresas nacionales, a trav\u00e9s del programa\u00a0<strong>Crea y Valida I+D+i<\/strong>, que tiene por objetivo<strong>\u00a0<\/strong>apoyar el<strong>\u00a0<\/strong>desarrollo y validaci\u00f3n de\u00a0proyectos con componentes de investigaci\u00f3n, desarrollo e innovaci\u00f3n. Son aportes de hasta $100 millones para los proyectos realizados con capacidades de la propia empresa (Empresarial) y de $120 millones aquellos que sumen una entidad colaboradora (Colaborativo). Cierre postulaciones 7 julio 2021.<\/p>\n<\/div><\/section><\/div><div  style='height:50px' class='hr hr-invisible   avia-builder-el-6  el_after_av_one_full  el_before_av_social_share '><span class='hr-inner ' ><span class='hr-inner-style'><\/span><\/span><\/div><\/p>\n<div  class='av-social-sharing-box  avia-builder-el-7  el_after_av_hr  el_before_av_hr  '><div class='av-share-box'><h5 class='av-share-link-description av-no-toc '>Compartir esta noticia<\/h5><ul class='av-share-box-list noLightbox'><li class='av-share-link av-social-link-facebook' ><a target=\"_blank\" aria-label=\"Compartir en Facebook\" href='https:\/\/www.facebook.com\/sharer.php?u=https:\/\/radiorevelacionfm.cl\/?p=5768&#038;t=Corfo%20cofinanciar%C3%A1%20proyectos%20regionales%20con%20Innovaci%C3%B3n%20colaborativa' aria-hidden='false' data-av_icon='\ue8f3' data-av_iconfont='entypo-fontello' title='' data-avia-related-tooltip='Compartir en Facebook' rel=\"noopener\"><span class='avia_hidden_link_text'>Compartir en Facebook<\/span><\/a><\/li><li class='av-share-link av-social-link-twitter' ><a target=\"_blank\" aria-label=\"Compartir en Twitter\" href='https:\/\/twitter.com\/share?text=Corfo%20cofinanciar%C3%A1%20proyectos%20regionales%20con%20Innovaci%C3%B3n%20colaborativa&#038;url=https:\/\/radiorevelacionfm.cl\/?p=5768' aria-hidden='false' data-av_icon='\ue8f1' data-av_iconfont='entypo-fontello' title='' data-avia-related-tooltip='Compartir en Twitter' rel=\"noopener\"><span class='avia_hidden_link_text'>Compartir en Twitter<\/span><\/a><\/li><li class='av-share-link av-social-link-whatsapp' ><a target=\"_blank\" aria-label=\"Compartir en Whatsapp\" href='https:\/\/api.whatsapp.com\/send?text=https:\/\/radiorevelacionfm.cl\/?p=5768' aria-hidden='false' data-av_icon='\uf232' data-av_iconfont='entypo-fontello' title='' data-avia-related-tooltip='Compartir en Whatsapp' rel=\"noopener\"><span class='avia_hidden_link_text'>Compartir en Whatsapp<\/span><\/a><\/li><li class='av-share-link av-social-link-linkedin' ><a target=\"_blank\" aria-label=\"Compartir en LinkedIn\" href='https:\/\/linkedin.com\/shareArticle?mini=true&#038;title=Corfo%20cofinanciar%C3%A1%20proyectos%20regionales%20con%20Innovaci%C3%B3n%20colaborativa&#038;url=https:\/\/radiorevelacionfm.cl\/?p=5768' aria-hidden='false' data-av_icon='\ue8fc' data-av_iconfont='entypo-fontello' title='' data-avia-related-tooltip='Compartir en LinkedIn' rel=\"noopener\"><span class='avia_hidden_link_text'>Compartir en LinkedIn<\/span><\/a><\/li><li class='av-share-link av-social-link-mail' ><a  aria-label=\"Compartir por correo\" href='mailto:?subject=Corfo%20cofinanciar%C3%A1%20proyectos%20regionales%20con%20Innovaci%C3%B3n%20colaborativa&#038;body=https:\/\/radiorevelacionfm.cl\/?p=5768' aria-hidden='false' data-av_icon='\ue805' data-av_iconfont='entypo-fontello' title='' data-avia-related-tooltip='Compartir por correo'><span class='avia_hidden_link_text'>Compartir por correo<\/span><\/a><\/li><\/ul><\/div><\/div>\n<div  style='height:50px' class='hr hr-invisible   avia-builder-el-8  el_after_av_social_share  el_before_av_comments_list '><span class='hr-inner ' ><span class='hr-inner-style'><\/span><\/span><\/div>\n<div  class='av-buildercomment  av-blog-meta-html-info-disabled av-blog-meta-tag-disabled  '><\/div>\n","protected":false},"excerpt":{"rendered":"","protected":false},"author":1,"featured_media":5769,"comment_status":"open","ping_status":"open","sticky":false,"template":"","format":"standard","meta":{"footnotes":""},"categories":[37],"tags":[],"class_list":["post-5768","post","type-post","status-publish","format-standard","has-post-thumbnail","hentry","category-economia"],"jetpack_featured_media_url":"https:\/\/radiorevelacionfm.cl\/wp-content\/uploads\/2021\/06\/conecta-y-colabora-corfo-aysen-1_optimized.jpg","_links":{"self":[{"href":"https:\/\/radiorevelacionfm.cl\/index.php?rest_route=\/wp\/v2\/posts\/5768","targetHints":{"allow":["GET"]}}],"collection":[{"href":"https:\/\/radiorevelacionfm.cl\/index.php?rest_route=\/wp\/v2\/posts"}],"about":[{"href":"https:\/\/radiorevelacionfm.cl\/index.php?rest_route=\/wp\/v2\/types\/post"}],"author":[{"embeddable":true,"href":"https:\/\/radiorevelacionfm.cl\/index.php?rest_route=\/wp\/v2\/users\/1"}],"replies":[{"embeddable":true,"href":"https:\/\/radiorevelacionfm.cl\/index.php?rest_route=%2Fwp%2Fv2%2Fcomments&post=5768"}],"version-history":[{"count":1,"href":"https:\/\/radiorevelacionfm.cl\/index.php?rest_route=\/wp\/v2\/posts\/5768\/revisions"}],"predecessor-version":[{"id":5770,"href":"https:\/\/radiorevelacionfm.cl\/index.php?rest_route=\/wp\/v2\/posts\/5768\/revisions\/5770"}],"wp:featuredmedia":[{"embeddable":true,"href":"https:\/\/radiorevelacionfm.cl\/index.php?rest_route=\/wp\/v2\/media\/5769"}],"wp:attachment":[{"href":"https:\/\/radiorevelacionfm.cl\/index.php?rest_route=%2Fwp%2Fv2%2Fmedia&parent=5768"}],"wp:term":[{"taxonomy":"category","embeddable":true,"href":"https:\/\/radiorevelacionfm.cl\/index.php?rest_route=%2Fwp%2Fv2%2Fcategories&post=5768"},{"taxonomy":"post_tag","embeddable":true,"href":"https:\/\/radiorevelacionfm.cl\/index.php?rest_route=%2Fwp%2Fv2%2Ftags&post=5768"}],"curies":[{"name":"wp","href":"https:\/\/api.w.org\/{rel}","templated":true}]}}