{"id":57678,"date":"2025-08-12T11:58:42","date_gmt":"2025-08-12T14:58:42","guid":{"rendered":"https:\/\/radiorevelacionfm.cl\/?p=57678"},"modified":"2025-08-12T11:58:42","modified_gmt":"2025-08-12T14:58:42","slug":"realizan-gestiones-para-concretar-proyecto-de-apr-las-chacras-de-cochrane","status":"publish","type":"post","link":"https:\/\/radiorevelacionfm.cl\/?p=57678","title":{"rendered":"Realizan gestiones para concretar proyecto de APR Las Chacras de Cochrane"},"content":{"rendered":"<div class=\"flex_column av_one_full  flex_column_div av-zero-column-padding first  avia-builder-el-0  el_before_av_one_full  avia-builder-el-first  \" style='border-radius:0px; '><div  class='avia-image-container  av-styling-    avia-builder-el-1  avia-builder-el-no-sibling  avia-align-center '  itemprop=\"image\" itemscope=\"itemscope\" itemtype=\"https:\/\/schema.org\/ImageObject\"  ><div class='avia-image-container-inner'><div class='avia-image-overlay-wrap'><img decoding=\"async\" class='wp-image-57679 avia-img-lazy-loading-not-57679 avia_image' src=\"https:\/\/radiorevelacionfm.cl\/wp-content\/uploads\/2025\/08\/reuniOn-apr-las-chacras-2-1_optimized.jpeg\" alt='' title='reuni\u00d3n-apr-las-chacras-(2)-(1)_optimized' height=\"600\" width=\"984\"  itemprop=\"thumbnailUrl\" srcset=\"https:\/\/radiorevelacionfm.cl\/wp-content\/uploads\/2025\/08\/reuniOn-apr-las-chacras-2-1_optimized.jpeg 984w, https:\/\/radiorevelacionfm.cl\/wp-content\/uploads\/2025\/08\/reuniOn-apr-las-chacras-2-1_optimized-300x183.jpeg 300w, https:\/\/radiorevelacionfm.cl\/wp-content\/uploads\/2025\/08\/reuniOn-apr-las-chacras-2-1_optimized-768x468.jpeg 768w, https:\/\/radiorevelacionfm.cl\/wp-content\/uploads\/2025\/08\/reuniOn-apr-las-chacras-2-1_optimized-705x430.jpeg 705w, https:\/\/radiorevelacionfm.cl\/wp-content\/uploads\/2025\/08\/reuniOn-apr-las-chacras-2-1_optimized-450x274.jpeg 450w, https:\/\/radiorevelacionfm.cl\/wp-content\/uploads\/2025\/08\/reuniOn-apr-las-chacras-2-1_optimized-600x366.jpeg 600w\" sizes=\"(max-width: 984px) 100vw, 984px\" \/><\/div><\/div><\/div><\/div><div class=\"flex_column av_one_full  flex_column_div av-zero-column-padding first  avia-builder-el-2  el_after_av_one_full  el_before_av_one_full  column-top-margin\" style='border-radius:0px; '><section class=\"av_textblock_section \"  itemscope=\"itemscope\" itemtype=\"https:\/\/schema.org\/BlogPosting\" itemprop=\"blogPost\" ><div class='avia_textblock  '   itemprop=\"text\" ><p style=\"text-align: center;\"><strong><span style=\"font-size: 18pt;\">Realizan gestiones para concretar proyecto de APR Las Chacras de Cochrane<\/span><\/strong><\/p>\n<div id=\"gtx-trans\" style=\"position: absolute; left: -50px; top: 4.31534px;\">\n<div class=\"gtx-trans-icon\"><\/div>\n<\/div>\n<\/div><\/section><\/div><div class=\"flex_column av_one_full  flex_column_div av-zero-column-padding first  avia-builder-el-4  el_after_av_one_full  el_before_av_hr  column-top-margin\" style='border-radius:0px; '><section class=\"av_textblock_section \"  itemscope=\"itemscope\" itemtype=\"https:\/\/schema.org\/BlogPosting\" itemprop=\"blogPost\" ><div class='avia_textblock  '   itemprop=\"text\" ><p style=\"font-weight: 400; text-align: justify;\"><em>Son 182 las familias que de concretarse estas obras se ver\u00edan beneficiadas, mejorando sus condiciones de habitabilidad y calidad de vida de manera permanente.<\/em><\/p>\n<p style=\"font-weight: 400; text-align: justify;\">Con el objetivo de representar la preocupaci\u00f3n de las familias que durante a\u00f1os esperan el anhelado proyecto de Agua Potable Rural, Las Chacras en Cochrane, la diputada de Renovaci\u00f3n Nacional, Marcia Raphael, junto a la consejera regional\u00a0de Capit\u00e1n Prat,\u00a0Ana Mar\u00eda Mora, sostuvieron una reuni\u00f3n clave con el director de Obras Hidr\u00e1ulicas\u00a0(DOH)\u00a0del Ministerio de Obras P\u00fablicas (MOP), Francisco Real\u00a0en la cual conocieron detalles de lo que ser\u00e1 la re-licitaci\u00f3n del proyecto en un plazo m\u00e1s acotado.<\/p>\n<p style=\"font-weight: 400; text-align: justify;\">La iniciativa, largamente esperada por los vecinos, se vio afectada luego de que el primer proceso de licitaci\u00f3n no pudiera concretarse, debido a que las ofertas presentadas superaron el presupuesto disponible.<\/p>\n<p style=\"font-weight: 400; text-align: justify;\">Sobre el proyecto y la reuni\u00f3n sostenida con la DOH, la diputada, Marcia Raphael Mora, detall\u00f3 que \u201cestamos muy agradecidas por la pronta recepci\u00f3n del director de Obras Hidr\u00e1ulica, para abordar este proyecto que ya lleva varios a\u00f1os de espera por parte de las familias de el sector Las Chacras en Cochrane. En esa l\u00ednea, nos entreg\u00f3 una noticia alentadora, ya que\u00a0en el corto plazo se llevar\u00e1 a cabo un segundo proceso de licitaci\u00f3n, en el que se espera una mayor participaci\u00f3n de oferentes, lo que aumentar\u00eda las posibilidades de adjudicar finalmente las obras\u201d.<\/p>\n<p style=\"font-weight: 400; text-align: justify;\">\u201cEste es un proyecto fundamental para la calidad de vida de las familias de Las Chacras. Esperamos que este proyecto no se detenga y valoramos el compromiso de la DOH de impulsar prontamente una nueva licitaci\u00f3n\u201d, se\u00f1al\u00f3 la diputada Raphael.<\/p>\n<p style=\"font-weight: 400; text-align: justify;\">En la misma l\u00ednea, la consejera regional\u00a0de la provincia de Capit\u00e1n Prat,\u00a0Ana Mar\u00eda Mora subray\u00f3 que \u201cen nuestro rol es\u00a0importante\u00a0mantener un canal directo con la comunidad. Por ello, hemos solicitado tambi\u00e9n\u00a0a los representantes del MOP y la DOH realizar una reuni\u00f3n informativa en Cochrane con las 182 familias que se ver\u00e1n beneficiadas con estas obras a fin de actualizarles la informaci\u00f3n del estado del proyecto, esta\u00a0solicitud fue acogida, y el encuentro qued\u00f3 agendado para el mes de septiembre. Adem\u00e1s hemos hecho entrega de una carta del mismo Comit\u00e9 a las autoridades de Obras P\u00fablicas\u201d..<\/p>\n<p style=\"font-weight: 400; text-align: justify;\">Ambas autoridades enfatizaron\u00a0que seguir\u00e1n monitoreando de cerca el avance del proceso, con el fin de asegurar que el proyecto de APR Las Chacras, que beneficiar\u00e1 a decenas de familias, pueda concretarse a la brevedad.<\/p>\n<\/div><\/section><\/div><div  style='height:50px' class='hr hr-invisible   avia-builder-el-6  el_after_av_one_full  el_before_av_social_share '><span class='hr-inner ' ><span class='hr-inner-style'><\/span><\/span><\/div><\/p>\n<div  class='av-social-sharing-box  avia-builder-el-7  el_after_av_hr  el_before_av_hr  '><div class='av-share-box'><h5 class='av-share-link-description av-no-toc '>Compartir esta noticia<\/h5><ul class='av-share-box-list noLightbox'><li class='av-share-link av-social-link-facebook' ><a target=\"_blank\" aria-label=\"Compartir en Facebook\" href='https:\/\/www.facebook.com\/sharer.php?u=https:\/\/radiorevelacionfm.cl\/?p=57678&#038;t=Realizan%20gestiones%20para%20concretar%20proyecto%20de%20APR%20Las%20Chacras%20de%20Cochrane' aria-hidden='false' data-av_icon='\ue8f3' data-av_iconfont='entypo-fontello' title='' data-avia-related-tooltip='Compartir en Facebook' rel=\"noopener\"><span class='avia_hidden_link_text'>Compartir en Facebook<\/span><\/a><\/li><li class='av-share-link av-social-link-twitter' ><a target=\"_blank\" aria-label=\"Compartir en Twitter\" href='https:\/\/twitter.com\/share?text=Realizan%20gestiones%20para%20concretar%20proyecto%20de%20APR%20Las%20Chacras%20de%20Cochrane&#038;url=https:\/\/radiorevelacionfm.cl\/?p=57678' aria-hidden='false' data-av_icon='\ue8f1' data-av_iconfont='entypo-fontello' title='' data-avia-related-tooltip='Compartir en Twitter' rel=\"noopener\"><span class='avia_hidden_link_text'>Compartir en Twitter<\/span><\/a><\/li><li class='av-share-link av-social-link-whatsapp' ><a target=\"_blank\" aria-label=\"Compartir en Whatsapp\" href='https:\/\/api.whatsapp.com\/send?text=https:\/\/radiorevelacionfm.cl\/?p=57678' aria-hidden='false' data-av_icon='\uf232' data-av_iconfont='entypo-fontello' title='' data-avia-related-tooltip='Compartir en Whatsapp' rel=\"noopener\"><span class='avia_hidden_link_text'>Compartir en Whatsapp<\/span><\/a><\/li><li class='av-share-link av-social-link-linkedin' ><a target=\"_blank\" aria-label=\"Compartir en LinkedIn\" href='https:\/\/linkedin.com\/shareArticle?mini=true&#038;title=Realizan%20gestiones%20para%20concretar%20proyecto%20de%20APR%20Las%20Chacras%20de%20Cochrane&#038;url=https:\/\/radiorevelacionfm.cl\/?p=57678' aria-hidden='false' data-av_icon='\ue8fc' data-av_iconfont='entypo-fontello' title='' data-avia-related-tooltip='Compartir en LinkedIn' rel=\"noopener\"><span class='avia_hidden_link_text'>Compartir en LinkedIn<\/span><\/a><\/li><li class='av-share-link av-social-link-mail' ><a  aria-label=\"Compartir por correo\" href='mailto:?subject=Realizan%20gestiones%20para%20concretar%20proyecto%20de%20APR%20Las%20Chacras%20de%20Cochrane&#038;body=https:\/\/radiorevelacionfm.cl\/?p=57678' aria-hidden='false' data-av_icon='\ue805' data-av_iconfont='entypo-fontello' title='' data-avia-related-tooltip='Compartir por correo'><span class='avia_hidden_link_text'>Compartir por correo<\/span><\/a><\/li><\/ul><\/div><\/div>\n<div  style='height:50px' class='hr hr-invisible   avia-builder-el-8  el_after_av_social_share  el_before_av_comments_list '><span class='hr-inner ' ><span class='hr-inner-style'><\/span><\/span><\/div>\n<div  class='av-buildercomment  av-blog-meta-html-info-disabled av-blog-meta-tag-disabled  '><\/div>\n","protected":false},"excerpt":{"rendered":"","protected":false},"author":1,"featured_media":57679,"comment_status":"closed","ping_status":"closed","sticky":false,"template":"","format":"standard","meta":{"footnotes":""},"categories":[35],"tags":[],"class_list":["post-57678","post","type-post","status-publish","format-standard","has-post-thumbnail","hentry","category-politica"],"jetpack_featured_media_url":"https:\/\/radiorevelacionfm.cl\/wp-content\/uploads\/2025\/08\/reuniOn-apr-las-chacras-2-1_optimized.jpeg","_links":{"self":[{"href":"https:\/\/radiorevelacionfm.cl\/index.php?rest_route=\/wp\/v2\/posts\/57678","targetHints":{"allow":["GET"]}}],"collection":[{"href":"https:\/\/radiorevelacionfm.cl\/index.php?rest_route=\/wp\/v2\/posts"}],"about":[{"href":"https:\/\/radiorevelacionfm.cl\/index.php?rest_route=\/wp\/v2\/types\/post"}],"author":[{"embeddable":true,"href":"https:\/\/radiorevelacionfm.cl\/index.php?rest_route=\/wp\/v2\/users\/1"}],"replies":[{"embeddable":true,"href":"https:\/\/radiorevelacionfm.cl\/index.php?rest_route=%2Fwp%2Fv2%2Fcomments&post=57678"}],"version-history":[{"count":2,"href":"https:\/\/radiorevelacionfm.cl\/index.php?rest_route=\/wp\/v2\/posts\/57678\/revisions"}],"predecessor-version":[{"id":57681,"href":"https:\/\/radiorevelacionfm.cl\/index.php?rest_route=\/wp\/v2\/posts\/57678\/revisions\/57681"}],"wp:featuredmedia":[{"embeddable":true,"href":"https:\/\/radiorevelacionfm.cl\/index.php?rest_route=\/wp\/v2\/media\/57679"}],"wp:attachment":[{"href":"https:\/\/radiorevelacionfm.cl\/index.php?rest_route=%2Fwp%2Fv2%2Fmedia&parent=57678"}],"wp:term":[{"taxonomy":"category","embeddable":true,"href":"https:\/\/radiorevelacionfm.cl\/index.php?rest_route=%2Fwp%2Fv2%2Fcategories&post=57678"},{"taxonomy":"post_tag","embeddable":true,"href":"https:\/\/radiorevelacionfm.cl\/index.php?rest_route=%2Fwp%2Fv2%2Ftags&post=57678"}],"curies":[{"name":"wp","href":"https:\/\/api.w.org\/{rel}","templated":true}]}}