{"id":57675,"date":"2025-08-13T11:06:32","date_gmt":"2025-08-13T14:06:32","guid":{"rendered":"https:\/\/radiorevelacionfm.cl\/?p=57675"},"modified":"2025-08-13T11:06:32","modified_gmt":"2025-08-13T14:06:32","slug":"region-pionera-congreso-jovenes-futuro-sale-de-santiago-por-primera-vez-y-aterriza-en-aysen","status":"publish","type":"post","link":"https:\/\/radiorevelacionfm.cl\/?p=57675","title":{"rendered":"Regi\u00f3n pionera: Congreso J\u00f3venes Futuro sale de Santiago por primera vez y aterriza en Ays\u00e9n"},"content":{"rendered":"<div class=\"flex_column av_one_full  flex_column_div av-zero-column-padding first  avia-builder-el-0  el_before_av_one_full  avia-builder-el-first  \" style='border-radius:0px; '><div  class='avia-image-container  av-styling-    avia-builder-el-1  avia-builder-el-no-sibling  avia-align-center '  itemprop=\"image\" itemscope=\"itemscope\" itemtype=\"https:\/\/schema.org\/ImageObject\"  ><div class='avia-image-container-inner'><div class='avia-image-overlay-wrap'><img decoding=\"async\" class='wp-image-57676 avia-img-lazy-loading-not-57676 avia_image' src=\"https:\/\/radiorevelacionfm.cl\/wp-content\/uploads\/2025\/08\/foto-23-1_optimized.jpg\" alt='' title='foto-(23)-(1)_optimized' height=\"600\" width=\"900\"  itemprop=\"thumbnailUrl\" srcset=\"https:\/\/radiorevelacionfm.cl\/wp-content\/uploads\/2025\/08\/foto-23-1_optimized.jpg 900w, https:\/\/radiorevelacionfm.cl\/wp-content\/uploads\/2025\/08\/foto-23-1_optimized-300x200.jpg 300w, https:\/\/radiorevelacionfm.cl\/wp-content\/uploads\/2025\/08\/foto-23-1_optimized-768x512.jpg 768w, https:\/\/radiorevelacionfm.cl\/wp-content\/uploads\/2025\/08\/foto-23-1_optimized-705x470.jpg 705w, https:\/\/radiorevelacionfm.cl\/wp-content\/uploads\/2025\/08\/foto-23-1_optimized-450x300.jpg 450w, https:\/\/radiorevelacionfm.cl\/wp-content\/uploads\/2025\/08\/foto-23-1_optimized-600x400.jpg 600w\" sizes=\"(max-width: 900px) 100vw, 900px\" \/><\/div><\/div><\/div><\/div><div class=\"flex_column av_one_full  flex_column_div av-zero-column-padding first  avia-builder-el-2  el_after_av_one_full  el_before_av_one_full  column-top-margin\" style='border-radius:0px; '><section class=\"av_textblock_section \"  itemscope=\"itemscope\" itemtype=\"https:\/\/schema.org\/BlogPosting\" itemprop=\"blogPost\" ><div class='avia_textblock  '   itemprop=\"text\" ><p style=\"text-align: center;\"><strong><span style=\"font-size: 18pt;\">Regi\u00f3n pionera: Congreso J\u00f3venes Futuro sale de Santiago por primera vez y aterriza en Ays\u00e9n<\/span><\/strong><\/p>\n<div id=\"gtx-trans\" style=\"position: absolute; left: -50px; top: 4.31534px;\">\n<div class=\"gtx-trans-icon\"><\/div>\n<\/div>\n<\/div><\/section><\/div><div class=\"flex_column av_one_full  flex_column_div av-zero-column-padding first  avia-builder-el-4  el_after_av_one_full  el_before_av_hr  column-top-margin\" style='border-radius:0px; '><section class=\"av_textblock_section \"  itemscope=\"itemscope\" itemtype=\"https:\/\/schema.org\/BlogPosting\" itemprop=\"blogPost\" ><div class='avia_textblock  '   itemprop=\"text\" ><p style=\"text-align: justify;\">\u201cMe siento muy orgullosa porque soy senadora representante de la Patagonia. Nac\u00ed en la regi\u00f3n de Ays\u00e9n. Y prontamente llevaremos por primera vez Congreso Futuro J\u00f3venes a las regiones y va a ser en la regi\u00f3n de Ays\u00e9n\u201d, dio cuenta la representante aysenina en el Senado, Ximena Ordenes Neira.<\/p>\n<p style=\"text-align: justify;\">La senadora y presidenta de la Comisi\u00f3n Desaf\u00edos del Futuro, Ciencia, Tecnolog\u00eda e Innovaci\u00f3n reflexion\u00f3 en su discurso en el evento en Santiago sobre las nuevas plataformas, destac\u00f3 que el evento se piense en torno a la divulgaci\u00f3n cient\u00edfica, pero tambi\u00e9n de los nuevos lenguajes y c\u00f3digos digitales y apunt\u00f3 a combatir el acoso y la violencia en espacios digitales.<\/p>\n<p style=\"text-align: justify;\">\u201cRepresento una regi\u00f3n extrema. Se van a cumplir 15 a\u00f1os de Congreso Futuro. Este esfuerzo tiene distintas expresiones. Hemos logrado llevarlo hace una d\u00e9cada tambi\u00e9n a regiones. Hoy estamos en la 6.\u00aa versi\u00f3n de Congreso J\u00f3venes Futuro y por primera vez va a salir a regiones; a la regi\u00f3n de Ays\u00e9n, los d\u00edas 28 y 29 de agosto\u201d, record\u00f3 la legisladora.<\/p>\n<p style=\"text-align: justify;\">\u201cEste es un espacio que desde la Comisi\u00f3n Desaf\u00edo del Futuro valoramos mucho porque permite que extendamos una conversaci\u00f3n intergeneracional\u201d, sostuvo Ordenes, destacando que este dialogo permite reflexionar sobre \u201ccu\u00e1les son los c\u00f3digos en los que las juventudes se est\u00e1n expresando\u201d.<\/p>\n<p style=\"text-align: justify;\">\u201cEstamos hablando de memes, de podcast, vamos a hablar de m\u00fasica, de videojuegos y en general, c\u00f3mo la juventud est\u00e1 viendo los escenarios futuros y el estado actual de la juventud. Nos permite tambi\u00e9n pensar en c\u00f3mo vamos a cristalizar nuestro futuro\u201d, insisti\u00f3 la representante aysenina.<\/p>\n<p style=\"text-align: justify;\">\u201cTenemos mucha esperanza en el trabajo que estamos realizando porque el conocimiento y el desarrollo de habilidades digitales son parte de los desaf\u00edos que tenemos para enfrentar un mundo donde el escenario, particularmente para la juventud, son las redes sociales\u201d, concluy\u00f3 la senadora, invitando tambi\u00e9n al pa\u00eds a participar de la jornada que se vivir\u00e1 en Ays\u00e9n los d\u00edas 28 y 29 de agosto.<\/p>\n<p style=\"text-align: justify;\"><strong>Congreso J\u00f3venes Futuro Ays\u00e9n 2025<\/strong><\/p>\n<p style=\"text-align: justify;\">Mientras transcurr\u00eda la segunda jornada de Congreso J\u00f3venes Futuro en Santiago, la senadora estaba de vuelta en la regi\u00f3n de Ays\u00e9n junto a los directores de Corfo, Ciep, Injuv y representantes del Slep Ays\u00e9n, la secretar\u00eda ministerial de Educaci\u00f3n, ParExplora, la Universidad de Ays\u00e9n -entre otros-, en un hito de lanzamiento de la que ser\u00e1 la primera versi\u00f3n del evento en regiones.<\/p>\n<p style=\"text-align: justify;\">En la regi\u00f3n Congreso J\u00f3venes Futuro tendr\u00e1 un espacio en el Centro Cultural de Puerto Ays\u00e9n el d\u00eda 28 de agosto y el 29 la cita tendr\u00e1 sede en Centro Cultural de Coyhaique, con una variada parrilla de actividades, charlas, conciertos y una feria que convocar\u00e1 emprendimientos y artistas locales.<\/p>\n<p style=\"text-align: justify;\">La parlamentaria relev\u00f3 como desaf\u00edos el alfabetizar a la poblaci\u00f3n con conciencia sobre qu\u00e9 y c\u00f3mo consumimos informaci\u00f3n en espacios digitales, para nos ser pasivos ente el contenido al que nos exponemos. Tambi\u00e9n destac\u00f3 las buenas cifras que muestra Chile en digitalizaci\u00f3n y acceso y reflexion\u00f3 sobre las nuevas plataformas, sus ventajas y desventajas, sobre todo para los j\u00f3venes, quienes son los usuarios m\u00e1s activos.<\/p>\n<\/div><\/section><\/div><div  style='height:50px' class='hr hr-invisible   avia-builder-el-6  el_after_av_one_full  el_before_av_social_share '><span class='hr-inner ' ><span class='hr-inner-style'><\/span><\/span><\/div><\/p>\n<div  class='av-social-sharing-box  avia-builder-el-7  el_after_av_hr  el_before_av_hr  '><div class='av-share-box'><h5 class='av-share-link-description av-no-toc '>Compartir esta noticia<\/h5><ul class='av-share-box-list noLightbox'><li class='av-share-link av-social-link-facebook' ><a target=\"_blank\" aria-label=\"Compartir en Facebook\" href='https:\/\/www.facebook.com\/sharer.php?u=https:\/\/radiorevelacionfm.cl\/?p=57675&#038;t=Regi%C3%B3n%20pionera%3A%20Congreso%20J%C3%B3venes%20Futuro%20sale%20de%20Santiago%20por%20primera%20vez%20y%20aterriza%20en%20Ays%C3%A9n' aria-hidden='false' data-av_icon='\ue8f3' data-av_iconfont='entypo-fontello' title='' data-avia-related-tooltip='Compartir en Facebook' rel=\"noopener\"><span class='avia_hidden_link_text'>Compartir en Facebook<\/span><\/a><\/li><li class='av-share-link av-social-link-twitter' ><a target=\"_blank\" aria-label=\"Compartir en Twitter\" href='https:\/\/twitter.com\/share?text=Regi%C3%B3n%20pionera%3A%20Congreso%20J%C3%B3venes%20Futuro%20sale%20de%20Santiago%20por%20primera%20vez%20y%20aterriza%20en%20Ays%C3%A9n&#038;url=https:\/\/radiorevelacionfm.cl\/?p=57675' aria-hidden='false' data-av_icon='\ue8f1' data-av_iconfont='entypo-fontello' title='' data-avia-related-tooltip='Compartir en Twitter' rel=\"noopener\"><span class='avia_hidden_link_text'>Compartir en Twitter<\/span><\/a><\/li><li class='av-share-link av-social-link-whatsapp' ><a target=\"_blank\" aria-label=\"Compartir en Whatsapp\" href='https:\/\/api.whatsapp.com\/send?text=https:\/\/radiorevelacionfm.cl\/?p=57675' aria-hidden='false' data-av_icon='\uf232' data-av_iconfont='entypo-fontello' title='' data-avia-related-tooltip='Compartir en Whatsapp' rel=\"noopener\"><span class='avia_hidden_link_text'>Compartir en Whatsapp<\/span><\/a><\/li><li class='av-share-link av-social-link-linkedin' ><a target=\"_blank\" aria-label=\"Compartir en LinkedIn\" href='https:\/\/linkedin.com\/shareArticle?mini=true&#038;title=Regi%C3%B3n%20pionera%3A%20Congreso%20J%C3%B3venes%20Futuro%20sale%20de%20Santiago%20por%20primera%20vez%20y%20aterriza%20en%20Ays%C3%A9n&#038;url=https:\/\/radiorevelacionfm.cl\/?p=57675' aria-hidden='false' data-av_icon='\ue8fc' data-av_iconfont='entypo-fontello' title='' data-avia-related-tooltip='Compartir en LinkedIn' rel=\"noopener\"><span class='avia_hidden_link_text'>Compartir en LinkedIn<\/span><\/a><\/li><li class='av-share-link av-social-link-mail' ><a  aria-label=\"Compartir por correo\" href='mailto:?subject=Regi%C3%B3n%20pionera%3A%20Congreso%20J%C3%B3venes%20Futuro%20sale%20de%20Santiago%20por%20primera%20vez%20y%20aterriza%20en%20Ays%C3%A9n&#038;body=https:\/\/radiorevelacionfm.cl\/?p=57675' aria-hidden='false' data-av_icon='\ue805' data-av_iconfont='entypo-fontello' title='' data-avia-related-tooltip='Compartir por correo'><span class='avia_hidden_link_text'>Compartir por correo<\/span><\/a><\/li><\/ul><\/div><\/div>\n<div  style='height:50px' class='hr hr-invisible   avia-builder-el-8  el_after_av_social_share  el_before_av_comments_list '><span class='hr-inner ' ><span class='hr-inner-style'><\/span><\/span><\/div>\n<div  class='av-buildercomment  av-blog-meta-html-info-disabled av-blog-meta-tag-disabled  '><\/div>\n","protected":false},"excerpt":{"rendered":"","protected":false},"author":1,"featured_media":57676,"comment_status":"closed","ping_status":"closed","sticky":false,"template":"","format":"standard","meta":{"footnotes":""},"categories":[38],"tags":[],"class_list":["post-57675","post","type-post","status-publish","format-standard","has-post-thumbnail","hentry","category-regional"],"jetpack_featured_media_url":"https:\/\/radiorevelacionfm.cl\/wp-content\/uploads\/2025\/08\/foto-23-1_optimized.jpg","_links":{"self":[{"href":"https:\/\/radiorevelacionfm.cl\/index.php?rest_route=\/wp\/v2\/posts\/57675","targetHints":{"allow":["GET"]}}],"collection":[{"href":"https:\/\/radiorevelacionfm.cl\/index.php?rest_route=\/wp\/v2\/posts"}],"about":[{"href":"https:\/\/radiorevelacionfm.cl\/index.php?rest_route=\/wp\/v2\/types\/post"}],"author":[{"embeddable":true,"href":"https:\/\/radiorevelacionfm.cl\/index.php?rest_route=\/wp\/v2\/users\/1"}],"replies":[{"embeddable":true,"href":"https:\/\/radiorevelacionfm.cl\/index.php?rest_route=%2Fwp%2Fv2%2Fcomments&post=57675"}],"version-history":[{"count":2,"href":"https:\/\/radiorevelacionfm.cl\/index.php?rest_route=\/wp\/v2\/posts\/57675\/revisions"}],"predecessor-version":[{"id":57710,"href":"https:\/\/radiorevelacionfm.cl\/index.php?rest_route=\/wp\/v2\/posts\/57675\/revisions\/57710"}],"wp:featuredmedia":[{"embeddable":true,"href":"https:\/\/radiorevelacionfm.cl\/index.php?rest_route=\/wp\/v2\/media\/57676"}],"wp:attachment":[{"href":"https:\/\/radiorevelacionfm.cl\/index.php?rest_route=%2Fwp%2Fv2%2Fmedia&parent=57675"}],"wp:term":[{"taxonomy":"category","embeddable":true,"href":"https:\/\/radiorevelacionfm.cl\/index.php?rest_route=%2Fwp%2Fv2%2Fcategories&post=57675"},{"taxonomy":"post_tag","embeddable":true,"href":"https:\/\/radiorevelacionfm.cl\/index.php?rest_route=%2Fwp%2Fv2%2Ftags&post=57675"}],"curies":[{"name":"wp","href":"https:\/\/api.w.org\/{rel}","templated":true}]}}